{"id":10003,"date":"2015-12-07T21:12:51","date_gmt":"2015-12-07T20:12:51","guid":{"rendered":"https:\/\/www.federacionfotovasca.org\/?p=10003"},"modified":"2015-12-09T13:54:38","modified_gmt":"2015-12-09T12:54:38","slug":"fotos-taller-ninos-bilboargazki-2015","status":"publish","type":"post","link":"https:\/\/blog.federacionfotovasca.org\/eu\/fotos-taller-ninos-bilboargazki-2015\/","title":{"rendered":"Bilboargazki 2015 &#8211; Fotos Salida Fotogr\u00e1fica con ni\u00f1os"},"content":{"rendered":"<p><strong>Taller para ni\u00f1os: Los pasos b\u00e1sicos de la fotograf\u00eda<\/strong><\/p>\n<p>Cada ni\u00f1o traer\u00e1 su c\u00e1mara y le dimos\u00a0un workshop de composici\u00f3n b\u00e1sica con <span style=\"color: #ffff00;\">Mamen Mari<\/span>, para luego salir a realizar un peque\u00f1o rally fotogr\u00e1fico por la zona. Posteriormente recogimos\u00a0las im\u00e1genes hechas por los ni\u00f1os y hemos hecho\u00a0una selecci\u00f3n y las exponemos en el sitio web del festival, <strong>cada ni\u00f1o recibi\u00f3\u00a0un vale por importe de 50\u20ac<\/strong>, para realizar cualquier trabajo en <span style=\"color: #ff9900;\">Foto Ikatz<\/span>.<\/p>\n<p><iframe loading=\"lazy\" src=\"https:\/\/www.youtube.com\/embed\/bqtBuVWKCPw\" width=\"560\" height=\"315\" frameborder=\"0\" allowfullscreen=\"allowfullscreen\"><\/iframe><\/p>\n<p><a href=\"https:\/\/www.flickr.com\/photos\/ehate\/albums\/72157662148488775\" target=\"_blank\"><img loading=\"lazy\" decoding=\"async\" class=\"alignnone size-large wp-image-10005\" src=\"https:\/\/www.federacionfotovasca.org\/wp-content\/uploads\/2015\/12\/2015-12-07_21-11-15-940x619.jpg\" alt=\"2015-12-07_21-11-15\" width=\"940\" height=\"619\" srcset=\"https:\/\/blog.federacionfotovasca.org\/wp-content\/uploads\/2015\/12\/2015-12-07_21-11-15-940x619.jpg 940w, https:\/\/blog.federacionfotovasca.org\/wp-content\/uploads\/2015\/12\/2015-12-07_21-11-15-300x197.jpg 300w, https:\/\/blog.federacionfotovasca.org\/wp-content\/uploads\/2015\/12\/2015-12-07_21-11-15-620x408.jpg 620w, https:\/\/blog.federacionfotovasca.org\/wp-content\/uploads\/2015\/12\/2015-12-07_21-11-15-768x506.jpg 768w, https:\/\/blog.federacionfotovasca.org\/wp-content\/uploads\/2015\/12\/2015-12-07_21-11-15.jpg 1024w\" sizes=\"auto, (max-width: 940px) 100vw, 940px\" \/><\/a><\/p>\n","protected":false},"excerpt":{"rendered":"<p>Taller para ni\u00f1os: Los pasos b\u00e1sicos de la fotograf\u00eda Cada ni\u00f1o traer\u00e1 su c\u00e1mara y le dimos\u00a0un workshop de composici\u00f3n b\u00e1sica con Mamen Mari, para luego salir a realizar un peque\u00f1o rally fotogr\u00e1fico por la zona. Posteriormente recogimos\u00a0las im\u00e1genes hechas &hellip; <a href=\"https:\/\/blog.federacionfotovasca.org\/eu\/fotos-taller-ninos-bilboargazki-2015\/\">Continue reading <span class=\"meta-nav\">&rarr;<\/span><\/a><\/p>\n","protected":false},"author":1,"featured_media":0,"comment_status":"open","ping_status":"open","sticky":false,"template":"","format":"standard","meta":{"footnotes":""},"categories":[134],"tags":[425,445,29],"class_list":["post-10003","post","type-post","status-publish","format-standard","hentry","category-bilboargazki","tag-bilboargazki","tag-mamen-mari","tag-taller"],"_links":{"self":[{"href":"https:\/\/blog.federacionfotovasca.org\/eu\/wp-json\/wp\/v2\/posts\/10003","targetHints":{"allow":["GET"]}}],"collection":[{"href":"https:\/\/blog.federacionfotovasca.org\/eu\/wp-json\/wp\/v2\/posts"}],"about":[{"href":"https:\/\/blog.federacionfotovasca.org\/eu\/wp-json\/wp\/v2\/types\/post"}],"author":[{"embeddable":true,"href":"https:\/\/blog.federacionfotovasca.org\/eu\/wp-json\/wp\/v2\/users\/1"}],"replies":[{"embeddable":true,"href":"https:\/\/blog.federacionfotovasca.org\/eu\/wp-json\/wp\/v2\/comments?post=10003"}],"version-history":[{"count":1,"href":"https:\/\/blog.federacionfotovasca.org\/eu\/wp-json\/wp\/v2\/posts\/10003\/revisions"}],"predecessor-version":[{"id":10015,"href":"https:\/\/blog.federacionfotovasca.org\/eu\/wp-json\/wp\/v2\/posts\/10003\/revisions\/10015"}],"wp:attachment":[{"href":"https:\/\/blog.federacionfotovasca.org\/eu\/wp-json\/wp\/v2\/media?parent=10003"}],"wp:term":[{"taxonomy":"category","embeddable":true,"href":"https:\/\/blog.federacionfotovasca.org\/eu\/wp-json\/wp\/v2\/categories?post=10003"},{"taxonomy":"post_tag","embeddable":true,"href":"https:\/\/blog.federacionfotovasca.org\/eu\/wp-json\/wp\/v2\/tags?post=10003"}],"curies":[{"name":"wp","href":"https:\/\/api.w.org\/{rel}","templated":true}]}}