{"id":10022,"date":"2015-12-14T10:33:26","date_gmt":"2015-12-14T09:33:26","guid":{"rendered":"https:\/\/www.federacionfotovasca.org\/?p=10022"},"modified":"2015-12-14T10:33:26","modified_gmt":"2015-12-14T09:33:26","slug":"exposicion-colectiva-de-fotografia-asociacion-fotografica-ortzadar-ordizia","status":"publish","type":"post","link":"https:\/\/blog.federacionfotovasca.org\/eu\/exposicion-colectiva-de-fotografia-asociacion-fotografica-ortzadar-ordizia\/","title":{"rendered":"Exposici\u00f3n colectiva de fotograf\u00eda &#8211; Asociaci\u00f3n Fotogr\u00e1fica ORTZADAR ORDIZIA"},"content":{"rendered":"<p style=\"text-align: center;\"><a href=\"http:\/\/ortzadarordizia.blogspot.com.es\/\" target=\"_blank\" rel=\"attachment wp-att-7598\"><img loading=\"lazy\" decoding=\"async\" class=\"size-large wp-image-7598 aligncenter\" src=\"https:\/\/www.federacionfotovasca.org\/wp-content\/uploads\/2014\/11\/Captura-de-pantalla-2014-11-07-a-las-22.14.02-940x233.png\" alt=\"Otzadar\" width=\"940\" height=\"233\" \/><\/a><span style=\"color: #ff6600;\">DEL 9 DE DICIEMBRE AL 4 DE ENERO<\/span><\/p>\n<p><strong>La Asociaci\u00f3n Fotogr\u00e1fica ORTZADAR ORDIZIA tiene el placer de\u00a0<em>invitarles<\/em>\u00a0al acto de inauguraci\u00f3n de la exposici\u00f3n colectiva de fotograf\u00eda que se celebrara el pr\u00f3ximo d\u00eda 9, a las 19:00 horas, en la sala de exposiciones de Barrena, en Ordizia.<\/strong><\/p>\n<p style=\"text-align: center;\"><strong>\u00a0&#8212;&#8212;&#8212;&#8212;&#8212;&#8212;&#8212;&#8212;&#8212;&#8212;&#8212;&#8212;&#8212;&#8212;&#8212;&#8212;&#8212;&#8212;&#8212;&#8212;&#8212;<\/strong><\/p>\n<p><strong>\u00a0 ORTZADAR ORDIZIA Argazki Elkarteak atseginez, Abenduaren 9an 19:00 etan Barrena Kultur Etxeko erakusketa aretoan izango den argazki erakusketaren inaugurazio ekitaldira gonbidatzen\u00a0<em>zaituztegu<\/em>.<\/strong><\/p>\n<p>ORTZADAR Argazki Elkartea<br \/>\nAsociacion Fotografica ORTZADAR<br \/>\nEmail: <a href=\"mailto:ortzadarordizia@gmail.com\">ortzadarordizia@gmail.com<\/a><\/p>\n<p>[pdf-embedder url=&#8221;https:\/\/www.federacionfotovasca.org\/wp-content\/uploads\/2015\/12\/Invitacion-Expo-Ortzadar.pdf&#8221;]<\/p>\n<p>[pdf-embedder url=&#8221;https:\/\/www.federacionfotovasca.org\/wp-content\/uploads\/2015\/12\/Triptico-social-Ortzadar.pdf&#8221;]<\/p>\n","protected":false},"excerpt":{"rendered":"<p>DEL 9 DE DICIEMBRE AL 4 DE ENERO La Asociaci\u00f3n Fotogr\u00e1fica ORTZADAR ORDIZIA tiene el placer de\u00a0invitarles\u00a0al acto de inauguraci\u00f3n de la exposici\u00f3n colectiva de fotograf\u00eda que se celebrara el pr\u00f3ximo d\u00eda 9, a las 19:00 horas, en la sala &hellip; <a href=\"https:\/\/blog.federacionfotovasca.org\/eu\/exposicion-colectiva-de-fotografia-asociacion-fotografica-ortzadar-ordizia\/\">Continue reading <span class=\"meta-nav\">&rarr;<\/span><\/a><\/p>\n","protected":false},"author":1,"featured_media":0,"comment_status":"open","ping_status":"open","sticky":false,"template":"","format":"standard","meta":{"footnotes":""},"categories":[26],"tags":[139,398],"class_list":["post-10022","post","type-post","status-publish","format-standard","hentry","category-expocisiones","tag-ordizia","tag-ortzadar"],"_links":{"self":[{"href":"https:\/\/blog.federacionfotovasca.org\/eu\/wp-json\/wp\/v2\/posts\/10022","targetHints":{"allow":["GET"]}}],"collection":[{"href":"https:\/\/blog.federacionfotovasca.org\/eu\/wp-json\/wp\/v2\/posts"}],"about":[{"href":"https:\/\/blog.federacionfotovasca.org\/eu\/wp-json\/wp\/v2\/types\/post"}],"author":[{"embeddable":true,"href":"https:\/\/blog.federacionfotovasca.org\/eu\/wp-json\/wp\/v2\/users\/1"}],"replies":[{"embeddable":true,"href":"https:\/\/blog.federacionfotovasca.org\/eu\/wp-json\/wp\/v2\/comments?post=10022"}],"version-history":[{"count":1,"href":"https:\/\/blog.federacionfotovasca.org\/eu\/wp-json\/wp\/v2\/posts\/10022\/revisions"}],"predecessor-version":[{"id":10025,"href":"https:\/\/blog.federacionfotovasca.org\/eu\/wp-json\/wp\/v2\/posts\/10022\/revisions\/10025"}],"wp:attachment":[{"href":"https:\/\/blog.federacionfotovasca.org\/eu\/wp-json\/wp\/v2\/media?parent=10022"}],"wp:term":[{"taxonomy":"category","embeddable":true,"href":"https:\/\/blog.federacionfotovasca.org\/eu\/wp-json\/wp\/v2\/categories?post=10022"},{"taxonomy":"post_tag","embeddable":true,"href":"https:\/\/blog.federacionfotovasca.org\/eu\/wp-json\/wp\/v2\/tags?post=10022"}],"curies":[{"name":"wp","href":"https:\/\/api.w.org\/{rel}","templated":true}]}}