{"id":10081,"date":"2015-12-20T11:40:43","date_gmt":"2015-12-20T10:40:43","guid":{"rendered":"https:\/\/www.federacionfotovasca.org\/?p=10081"},"modified":"2015-12-20T12:11:21","modified_gmt":"2015-12-20T11:11:21","slug":"federacion-levantina-de-fotografia","status":"publish","type":"post","link":"https:\/\/blog.federacionfotovasca.org\/eu\/federacion-levantina-de-fotografia\/","title":{"rendered":"Federaci\u00f3n Levantina de Fotograf\u00eda"},"content":{"rendered":"<div class=\"gmail_default\">Desde la reci\u00e9n creada Federaci\u00f3n Levantina de Fotograf\u00eda os deseamos unas muy Felices Fiestas de Navidad y mucha salud y \u00e9xito para 2016<\/div>\n<div class=\"gmail_default\"><\/div>\n<div class=\"gmail_default\">Un abrazo<\/div>\n<div class=\"yj6qo ajU\">\n<div id=\":e9\" class=\"ajR\" tabindex=\"0\" data-tooltip=\"Oculta el contenido ampliado\"><img decoding=\"async\" class=\"ajT\" src=\"https:\/\/ssl.gstatic.com\/ui\/v1\/icons\/mail\/images\/cleardot.gif\" alt=\"\" \/><\/div>\n<\/div>\n<div>\n<div dir=\"ltr\">\n<div>\n<div dir=\"ltr\">\n<div>\n<div dir=\"ltr\">\n<div>\n<div dir=\"ltr\">\n<p><span style=\"color: #808080;\"><b><i><span style=\"font-family: tahoma,sans-serif;\">Manuel L\u00f3pez Puerma EFIAP\/g \u00a0&#8211; \u00a0MCEF \u00a0&#8211; \u00a0EH-ISF<\/span><\/i><\/b><\/span><\/p>\n<div><span style=\"color: #808080;\"><b><i><span style=\"font-family: tahoma,sans-serif;\">Presidente de la FLF<\/span><\/i><\/b><\/span><\/div>\n<div><span style=\"color: #808080; font-family: tahoma,sans-serif;\"><b><i><a style=\"color: #808080;\" href=\"http:\/\/felefoto.es\" target=\"_blank\">felefoto.es<\/a><\/i><\/b><\/span><\/div>\n<div><span style=\"color: #808080; font-family: tahoma,sans-serif;\"><b><i><a style=\"color: #808080;\" href=\"mailto:info@felefoto.es\" target=\"_blank\">info@felefoto.es<\/a><\/i><\/b><\/span><\/div>\n<div><a href=\"https:\/\/www.federacionfotovasca.org\/wp-content\/uploads\/2015\/12\/FLF.jpg\" rel=\"attachment wp-att-10082\"><img loading=\"lazy\" decoding=\"async\" class=\"alignnone size-large wp-image-10082\" src=\"https:\/\/www.federacionfotovasca.org\/wp-content\/uploads\/2015\/12\/FLF-940x428.jpg\" alt=\"FLF\" width=\"940\" height=\"428\" srcset=\"https:\/\/blog.federacionfotovasca.org\/wp-content\/uploads\/2015\/12\/FLF-940x428.jpg 940w, https:\/\/blog.federacionfotovasca.org\/wp-content\/uploads\/2015\/12\/FLF-300x136.jpg 300w, https:\/\/blog.federacionfotovasca.org\/wp-content\/uploads\/2015\/12\/FLF-620x282.jpg 620w, https:\/\/blog.federacionfotovasca.org\/wp-content\/uploads\/2015\/12\/FLF-768x349.jpg 768w\" sizes=\"auto, (max-width: 940px) 100vw, 940px\" \/><\/a><\/div>\n<\/div>\n<\/div>\n<\/div>\n<\/div>\n<\/div>\n<\/div>\n<\/div>\n<\/div>\n","protected":false},"excerpt":{"rendered":"<p>Desde la reci\u00e9n creada Federaci\u00f3n Levantina de Fotograf\u00eda os deseamos unas muy Felices Fiestas de Navidad y mucha salud y \u00e9xito para 2016 Un abrazo Manuel L\u00f3pez Puerma EFIAP\/g \u00a0&#8211; \u00a0MCEF \u00a0&#8211; \u00a0EH-ISF Presidente de la FLF felefoto.es info@felefoto.es<\/p>\n","protected":false},"author":1,"featured_media":0,"comment_status":"open","ping_status":"open","sticky":false,"template":"","format":"standard","meta":{"footnotes":""},"categories":[15],"tags":[416,449,126],"class_list":["post-10081","post","type-post","status-publish","format-standard","hentry","category-general","tag-federacion","tag-levantina","tag-navidad"],"_links":{"self":[{"href":"https:\/\/blog.federacionfotovasca.org\/eu\/wp-json\/wp\/v2\/posts\/10081","targetHints":{"allow":["GET"]}}],"collection":[{"href":"https:\/\/blog.federacionfotovasca.org\/eu\/wp-json\/wp\/v2\/posts"}],"about":[{"href":"https:\/\/blog.federacionfotovasca.org\/eu\/wp-json\/wp\/v2\/types\/post"}],"author":[{"embeddable":true,"href":"https:\/\/blog.federacionfotovasca.org\/eu\/wp-json\/wp\/v2\/users\/1"}],"replies":[{"embeddable":true,"href":"https:\/\/blog.federacionfotovasca.org\/eu\/wp-json\/wp\/v2\/comments?post=10081"}],"version-history":[{"count":1,"href":"https:\/\/blog.federacionfotovasca.org\/eu\/wp-json\/wp\/v2\/posts\/10081\/revisions"}],"predecessor-version":[{"id":10088,"href":"https:\/\/blog.federacionfotovasca.org\/eu\/wp-json\/wp\/v2\/posts\/10081\/revisions\/10088"}],"wp:attachment":[{"href":"https:\/\/blog.federacionfotovasca.org\/eu\/wp-json\/wp\/v2\/media?parent=10081"}],"wp:term":[{"taxonomy":"category","embeddable":true,"href":"https:\/\/blog.federacionfotovasca.org\/eu\/wp-json\/wp\/v2\/categories?post=10081"},{"taxonomy":"post_tag","embeddable":true,"href":"https:\/\/blog.federacionfotovasca.org\/eu\/wp-json\/wp\/v2\/tags?post=10081"}],"curies":[{"name":"wp","href":"https:\/\/api.w.org\/{rel}","templated":true}]}}