{"id":10105,"date":"2015-12-22T17:03:43","date_gmt":"2015-12-22T16:03:43","guid":{"rendered":"https:\/\/www.federacionfotovasca.org\/?p=10105"},"modified":"2015-12-22T17:03:43","modified_gmt":"2015-12-22T16:03:43","slug":"feliz-navidad-y-prospero-2016-desde-zuri-beltza","status":"publish","type":"post","link":"https:\/\/blog.federacionfotovasca.org\/eu\/feliz-navidad-y-prospero-2016-desde-zuri-beltza\/","title":{"rendered":"Feliz Navidad y Pr\u00f3spero 2016 desde Zuri-Beltza"},"content":{"rendered":"<p>Desde Zuri-Beltza Argazki Taldea (Bilbao), queremos desearos unas felices fiestas en compa\u00f1ia de vuestros seres queridos y un Pr\u00f3spero A\u00f1o Nuevo 2016 lleno de imagenes intensas.<\/p>\n<p><a href=\"https:\/\/www.federacionfotovasca.org\/wp-content\/uploads\/2015\/12\/Postal-Navidad-Zuri-beltza-2015.jpg\" target=\"_blank\" rel=\"attachment wp-att-10106\"><img loading=\"lazy\" decoding=\"async\" class=\"alignnone  wp-image-10106\" src=\"https:\/\/www.federacionfotovasca.org\/wp-content\/uploads\/2015\/12\/Postal-Navidad-Zuri-beltza-2015-940x633.jpg\" alt=\"Postal Navidad Zuri-beltza 2015\" width=\"578\" height=\"389\" srcset=\"https:\/\/blog.federacionfotovasca.org\/wp-content\/uploads\/2015\/12\/Postal-Navidad-Zuri-beltza-2015-940x633.jpg 940w, https:\/\/blog.federacionfotovasca.org\/wp-content\/uploads\/2015\/12\/Postal-Navidad-Zuri-beltza-2015-300x202.jpg 300w, https:\/\/blog.federacionfotovasca.org\/wp-content\/uploads\/2015\/12\/Postal-Navidad-Zuri-beltza-2015-620x418.jpg 620w, https:\/\/blog.federacionfotovasca.org\/wp-content\/uploads\/2015\/12\/Postal-Navidad-Zuri-beltza-2015-768x518.jpg 768w\" sizes=\"auto, (max-width: 578px) 100vw, 578px\" \/><\/a><\/p>\n","protected":false},"excerpt":{"rendered":"<p>Desde Zuri-Beltza Argazki Taldea (Bilbao), queremos desearos unas felices fiestas en compa\u00f1ia de vuestros seres queridos y un Pr\u00f3spero A\u00f1o Nuevo 2016 lleno de imagenes intensas.<\/p>\n","protected":false},"author":1,"featured_media":0,"comment_status":"open","ping_status":"open","sticky":false,"template":"","format":"standard","meta":{"footnotes":""},"categories":[15],"tags":[126,130],"class_list":["post-10105","post","type-post","status-publish","format-standard","hentry","category-general","tag-navidad","tag-zuri-beltza"],"_links":{"self":[{"href":"https:\/\/blog.federacionfotovasca.org\/eu\/wp-json\/wp\/v2\/posts\/10105","targetHints":{"allow":["GET"]}}],"collection":[{"href":"https:\/\/blog.federacionfotovasca.org\/eu\/wp-json\/wp\/v2\/posts"}],"about":[{"href":"https:\/\/blog.federacionfotovasca.org\/eu\/wp-json\/wp\/v2\/types\/post"}],"author":[{"embeddable":true,"href":"https:\/\/blog.federacionfotovasca.org\/eu\/wp-json\/wp\/v2\/users\/1"}],"replies":[{"embeddable":true,"href":"https:\/\/blog.federacionfotovasca.org\/eu\/wp-json\/wp\/v2\/comments?post=10105"}],"version-history":[{"count":1,"href":"https:\/\/blog.federacionfotovasca.org\/eu\/wp-json\/wp\/v2\/posts\/10105\/revisions"}],"predecessor-version":[{"id":10107,"href":"https:\/\/blog.federacionfotovasca.org\/eu\/wp-json\/wp\/v2\/posts\/10105\/revisions\/10107"}],"wp:attachment":[{"href":"https:\/\/blog.federacionfotovasca.org\/eu\/wp-json\/wp\/v2\/media?parent=10105"}],"wp:term":[{"taxonomy":"category","embeddable":true,"href":"https:\/\/blog.federacionfotovasca.org\/eu\/wp-json\/wp\/v2\/categories?post=10105"},{"taxonomy":"post_tag","embeddable":true,"href":"https:\/\/blog.federacionfotovasca.org\/eu\/wp-json\/wp\/v2\/tags?post=10105"}],"curies":[{"name":"wp","href":"https:\/\/api.w.org\/{rel}","templated":true}]}}