{"id":10151,"date":"2016-01-11T09:26:34","date_gmt":"2016-01-11T08:26:34","guid":{"rendered":"https:\/\/www.federacionfotovasca.org\/?p=10151"},"modified":"2016-01-11T10:46:17","modified_gmt":"2016-01-11T09:46:17","slug":"taller-de-procesado-y-revelado-avanzado-en-ordizia-ortzadar","status":"publish","type":"post","link":"https:\/\/blog.federacionfotovasca.org\/eu\/taller-de-procesado-y-revelado-avanzado-en-ordizia-ortzadar\/","title":{"rendered":"Taller de Procesado y Revelado Avanzado en Ordizia &#8211; ORTZADAR"},"content":{"rendered":"<p><a href=\"http:\/\/ortzadarordizia.blogspot.com.es\/\" target=\"_blank\" rel=\"attachment wp-att-6583\"><img loading=\"lazy\" decoding=\"async\" class=\"size-large wp-image-6583 aligncenter\" src=\"https:\/\/www.federacionfotovasca.org\/wp-content\/uploads\/2014\/08\/Ortzadar-940x95.png\" alt=\"Ortzadar\" width=\"940\" height=\"95\" srcset=\"https:\/\/blog.federacionfotovasca.org\/wp-content\/uploads\/2014\/08\/Ortzadar-940x95.png 940w, https:\/\/blog.federacionfotovasca.org\/wp-content\/uploads\/2014\/08\/Ortzadar-300x30.png 300w, https:\/\/blog.federacionfotovasca.org\/wp-content\/uploads\/2014\/08\/Ortzadar-620x63.png 620w, https:\/\/blog.federacionfotovasca.org\/wp-content\/uploads\/2014\/08\/Ortzadar-768x78.png 768w, https:\/\/blog.federacionfotovasca.org\/wp-content\/uploads\/2014\/08\/Ortzadar.png 1024w\" sizes=\"auto, (max-width: 940px) 100vw, 940px\" \/><\/a><\/p>\n<div class=\"gmail_default\">\u00a0El 5 de Marzo en Ordizia, contaremos con la presencia de <span style=\"color: #00ff00;\">David\u00a0Mart\u00edn Castan<\/span>, el cual impartir\u00e1 un taller de revelado y procesado avanzado.<\/div>\n<div class=\"gmail_default\">Si os gusta su trabajo es una excelente oportunidad de aprender\u00a0su flujo de trabajo.<\/div>\n<p class=\"gmail_default\">DURANTE EL TALLER APRENDER\u00c1S:<\/p>\n<div class=\"gmail_default\">\n<ul>\n<li>REVELADO B\u00c1SICO EN LR<\/li>\n<li>USO DEL MODULO DE PANOR\u00c1MICAS DE LR (ARCO DE LA V\u00cdA L\u00c1CTEA)<\/li>\n<li>FUSI\u00d3N AUTOM\u00c1TICA EN LR DE DISTINTOS RAWS<\/li>\n<li>PROCESADO B\u00c1SICO EN PS CON CAPAS DE AJUSTE<\/li>\n<li>FUSI\u00d3N MANUAL EN PS DE DISTINTOS RAWS<\/li>\n<li>PROCESADO AVANZADO EN PS CON MASCARAS DE LUMINOSIDAD (16BITS)<\/li>\n<li>MANEJO DE LA PALETA TK V4 DE TONY KUYPER<\/li>\n<li>MANEJO DE LOS DISTINTOS TIPOS DE FUSI\u00d3N DE CAPAS<\/li>\n<li>DISTINTOS M\u00c9TODOS DE ENFOQUE<\/li>\n<li>REDUCCI\u00d3N DE RUIDO EN NOCTURNAS<\/li>\n<li>USO DE PLUGINS PARA PS (NIK SOFTWARE)<\/li>\n<li>USO DE OBJETOS INTELIGENTES EN PS<\/li>\n<li>T\u00c9CNICAS DE APILAMIENTO DE ENFOQUE PARA PAISAJES<\/li>\n<li>HERRAMIENTAS DE CORRECCI\u00d3N DE DISTORSI\u00d3N EN FOTOS URBANAS<\/li>\n<li>MANEJO DE LA LUZ COMO UNA HERRAMIENTA M\u00c1S DE COMPOSICI\u00d3N<\/li>\n<li>POTENCIACI\u00d3N DE ATM\u00d3SFERAS<\/li>\n<li>PREPARACI\u00d3N DE LA FOTO PARA LAS DISTINTAS SALIDAS (WEB, IMPRESI\u00d3N, ETC.)<\/li>\n<\/ul>\n<\/div>\n<p>DURANTE EL TALLER TRABAJAR\u00c1N LOS SIGUIENTES ARCHIVOS:<\/p>\n<ul>\n<li>UN BRACKETING DE UNA TOMA URBANA<\/li>\n<li>UN BRACKETING DE UNA SITUACI\u00d3N DE ALTO RANGO DIN\u00c1MICO<\/li>\n<li>UNA TOMA DE BOSQUES DONDE SE POTENCIAR\u00c1 LA ATM\u00d3SFERA<\/li>\n<li>UNA PANOR\u00c1MICA DE LA V\u00cdA L\u00c1CTEA<\/li>\n<li>6 TOMAS USADAS PARA EL APILAMIENTO DE ENFOQUE<\/li>\n<li>ARCHIVO FINAL DONDE SE GRABAR\u00c1 LA PANTALLA RECOGIENDO LO APRENDIDO EN EL TALLER<\/li>\n<\/ul>\n<p><span style=\"color: #ff0000;\"><strong>PLAZAS LIMITADAS<\/strong><\/span><\/p>\n<p>Al final del taller,\u00a0<strong><u>a los asistentes se les entregar\u00e1 un video tutorial grabado (capturando la pantalla) durante la jornada<\/u><\/strong>, incluyendo un revelado y un procesado completo de una de las fotograf\u00edas usadas durante el taller.<\/p>\n<p>Todos los\u00a0asistentes\u00a0obtendr\u00e1n un vale descuento de\u00a020\u20ac\u00a0en\u00a0<a href=\"http:\/\/www.saal-digital.es\/\" target=\"_blank\">www.saalt-digital.<wbr \/>com<\/a>\u00a0para una compra superior a 39.95\u20ac y un\u00a0v\u00eddeo\u00a0explicativo de como preparar el perfil de color para\u00a0impresi\u00f3n dependiendo del material en el que se vaya a imprimir.<\/p>\n<p>Tambi\u00e9n obtendr\u00e1n un descuento de\u00a0200\u20ac\u00a0en cualquiera de los viajes que organiza\u00a0<a href=\"http:\/\/acualistravel.de\/\" target=\"_blank\">AcualisTravel<\/a>\u00a0y cuenta conmigo como formador\u00a0fotogr\u00e1fico, tanto en\u00a0\u00a0<a href=\"http:\/\/www.davidmartincastan.es\/workshop-en-noruega\" target=\"_blank\">Lofoten<\/a>\u00a0c\u00f3mo en\u00a0<a href=\"http:\/\/www.davidmartincastan.es\/workshop-iceland\" target=\"_blank\">Islandia<\/a><\/p>\n<p>Se sortear\u00e1 entre los asistentes al taller una licencia de la APP de planificaci\u00f3n\u00a0<a href=\"http:\/\/es.photopills.com\/\" target=\"_blank\">Photopills<\/a><\/p>\n<p style=\"text-align: left;\">Y un descuento del 10% en material\u00a0<a href=\"http:\/\/www.vanguardworld.es\/photo_video_es\/\" target=\"_blank\">Vanguard <\/a><a href=\"https:\/\/www.federacionfotovasca.org\/wp-content\/uploads\/2016\/01\/Plantilla-ordizia.jpg\" rel=\"attachment wp-att-10152\"><img loading=\"lazy\" decoding=\"async\" class=\"wp-image-10152 alignright\" src=\"https:\/\/www.federacionfotovasca.org\/wp-content\/uploads\/2016\/01\/Plantilla-ordizia-940x923.jpg\" alt=\"Plantilla ordizia\" width=\"401\" height=\"393\" srcset=\"https:\/\/blog.federacionfotovasca.org\/wp-content\/uploads\/2016\/01\/Plantilla-ordizia-940x923.jpg 940w, https:\/\/blog.federacionfotovasca.org\/wp-content\/uploads\/2016\/01\/Plantilla-ordizia-300x295.jpg 300w, https:\/\/blog.federacionfotovasca.org\/wp-content\/uploads\/2016\/01\/Plantilla-ordizia-620x609.jpg 620w, https:\/\/blog.federacionfotovasca.org\/wp-content\/uploads\/2016\/01\/Plantilla-ordizia-768x754.jpg 768w, https:\/\/blog.federacionfotovasca.org\/wp-content\/uploads\/2016\/01\/Plantilla-ordizia.jpg 1258w\" sizes=\"auto, (max-width: 401px) 100vw, 401px\" \/><\/a><\/p>\n<p><b><u><span style=\"font-size: large;\">INSCRIPCIONES:<\/span><\/u><\/b><\/p>\n<p><a href=\"mailto:tucucumba@hotmail.com\" target=\"_blank\">tucucumba@hotmail.com<\/a><\/p>\n<p><a href=\"mailto:dmc@davidmartincastan.com\" target=\"_blank\">dmc@davidmartincastan.com<\/a><br \/>\n<span style=\"color: #000000;\"><u><a href=\"http:\/\/www.davidmartincastan.es\/\" target=\"_blank\">http:\/\/www.davidmartincastan.<wbr \/>es<\/a><br \/>\n<a href=\"http:\/\/500px.com\/tucucumba\" target=\"_blank\">http:\/\/500px.com\/tucucumba<\/a><br \/>\n<a href=\"http:\/\/www.flickr.com\/photos\/tucucumba\/\" target=\"_blank\">http:\/\/www.flickr.com\/photos\/<wbr \/>tucucumba\/<\/a><br \/>\n<\/u><u><a href=\"http:\/\/1x.com\/member\/tucucumba\" target=\"_blank\">http:\/\/1x.com\/member\/tucucumba<\/a><br \/>\n<a href=\"https:\/\/www.facebook.com\/david.martincastan.5\" target=\"_blank\">https:\/\/www.facebook.com\/<wbr \/>david.martincastan.5<\/a><\/u><\/span><\/p>\n<div class=\"yj6qo ajU\">\n<div id=\":nj\" class=\"ajR\" tabindex=\"0\" data-tooltip=\"Oculta el contenido ampliado\"><img decoding=\"async\" class=\"ajT\" src=\"https:\/\/ssl.gstatic.com\/ui\/v1\/icons\/mail\/images\/cleardot.gif\" alt=\"\" \/><\/div>\n<\/div>\n<div>\n<div>ORTZADAR Argazki Elkartea<br \/>\nAsociacion Fotografica ORTZADAR<br \/>\nEmail: <a href=\"mailto:ortzadarordizia@gmail.com\" target=\"_blank\">ortzadarordizia@gmail.com<\/a><\/div>\n<div><\/div>\n<\/div>\n<p>&nbsp;<\/p>\n","protected":false},"excerpt":{"rendered":"<p>\u00a0El 5 de Marzo en Ordizia, contaremos con la presencia de David\u00a0Mart\u00edn Castan, el cual impartir\u00e1 un taller de revelado y procesado avanzado. Si os gusta su trabajo es una excelente oportunidad de aprender\u00a0su flujo de trabajo. DURANTE EL TALLER &hellip; <a href=\"https:\/\/blog.federacionfotovasca.org\/eu\/taller-de-procesado-y-revelado-avanzado-en-ordizia-ortzadar\/\">Continue reading <span class=\"meta-nav\">&rarr;<\/span><\/a><\/p>\n","protected":false},"author":1,"featured_media":0,"comment_status":"open","ping_status":"open","sticky":false,"template":"","format":"standard","meta":{"footnotes":""},"categories":[3,59],"tags":[453,424,139,29],"class_list":["post-10151","post","type-post","status-publish","format-standard","hentry","category-fotografos","category-tecnica","tag-david-martin-castan","tag-fotografs","tag-ordizia","tag-taller"],"_links":{"self":[{"href":"https:\/\/blog.federacionfotovasca.org\/eu\/wp-json\/wp\/v2\/posts\/10151","targetHints":{"allow":["GET"]}}],"collection":[{"href":"https:\/\/blog.federacionfotovasca.org\/eu\/wp-json\/wp\/v2\/posts"}],"about":[{"href":"https:\/\/blog.federacionfotovasca.org\/eu\/wp-json\/wp\/v2\/types\/post"}],"author":[{"embeddable":true,"href":"https:\/\/blog.federacionfotovasca.org\/eu\/wp-json\/wp\/v2\/users\/1"}],"replies":[{"embeddable":true,"href":"https:\/\/blog.federacionfotovasca.org\/eu\/wp-json\/wp\/v2\/comments?post=10151"}],"version-history":[{"count":1,"href":"https:\/\/blog.federacionfotovasca.org\/eu\/wp-json\/wp\/v2\/posts\/10151\/revisions"}],"predecessor-version":[{"id":10153,"href":"https:\/\/blog.federacionfotovasca.org\/eu\/wp-json\/wp\/v2\/posts\/10151\/revisions\/10153"}],"wp:attachment":[{"href":"https:\/\/blog.federacionfotovasca.org\/eu\/wp-json\/wp\/v2\/media?parent=10151"}],"wp:term":[{"taxonomy":"category","embeddable":true,"href":"https:\/\/blog.federacionfotovasca.org\/eu\/wp-json\/wp\/v2\/categories?post=10151"},{"taxonomy":"post_tag","embeddable":true,"href":"https:\/\/blog.federacionfotovasca.org\/eu\/wp-json\/wp\/v2\/tags?post=10151"}],"curies":[{"name":"wp","href":"https:\/\/api.w.org\/{rel}","templated":true}]}}