{"id":10220,"date":"2016-02-08T10:19:38","date_gmt":"2016-02-08T09:19:38","guid":{"rendered":"https:\/\/www.federacionfotovasca.org\/?p=10220"},"modified":"2016-02-08T10:19:38","modified_gmt":"2016-02-08T09:19:38","slug":"formacion-cef","status":"publish","type":"post","link":"https:\/\/blog.federacionfotovasca.org\/eu\/formacion-cef\/","title":{"rendered":"Formaci\u00f3n CEF"},"content":{"rendered":"<div class=\"gmail_default\">Estimados compa\u00f1eros,<\/p>\n<\/div>\n<div class=\"gmail_default\">Como sab\u00e9is, uno de los pilares importantes para la CEF es la Formaci\u00f3n y, en este sentido, editamos un manual con los cursos que, desde las Asociaciones y Federaciones o formadores particulares, se ponen a disposici\u00f3n de los fot\u00f3grafos espa\u00f1oles. Manual que es accesible p\u00fablicamente a trav\u00e9s de nuestro sitio web.<\/p>\n<\/div>\n<div class=\"gmail_default\">Desde la vocal\u00eda de Formaci\u00f3n quisiera animaros a enviar vuestros cursos para poder difundirlos entre un p\u00fablico m\u00e1s numeroso y, as\u00ed, conformar una oferta mucho m\u00e1s completa y enriquecedora. Por tanto, os rogar\u00eda consult\u00e1rais el manual y nos aport\u00e1rais la informaci\u00f3n necesaria de vuestros cursos, seminarios, talleres para incluirlos en una nueva edici\u00f3n.<\/p>\n<\/div>\n<div class=\"gmail_default\">Si ya hab\u00e9is mandado propuestas formativas, pod\u00e9is actualizarlas, modificarlas o ampliarlas.<\/p>\n<\/div>\n<div class=\"gmail_default\">Quedamos a vuestra disposici\u00f3n.<\/p>\n<\/div>\n<div class=\"gmail_default\">Un fuerte abrazo,<\/div>\n<div class=\"gmail_default\"><img loading=\"lazy\" decoding=\"async\" class=\"alignnone size-full wp-image-10222\" src=\"https:\/\/www.federacionfotovasca.org\/wp-content\/uploads\/2016\/02\/Arturo-Jose-Gonzalez-CEF.jpg\" alt=\"Arturo-Jose Gonzalez CEF\" width=\"630\" height=\"216\" srcset=\"https:\/\/blog.federacionfotovasca.org\/wp-content\/uploads\/2016\/02\/Arturo-Jose-Gonzalez-CEF.jpg 630w, https:\/\/blog.federacionfotovasca.org\/wp-content\/uploads\/2016\/02\/Arturo-Jose-Gonzalez-CEF-300x103.jpg 300w, https:\/\/blog.federacionfotovasca.org\/wp-content\/uploads\/2016\/02\/Arturo-Jose-Gonzalez-CEF-620x213.jpg 620w\" sizes=\"auto, (max-width: 630px) 100vw, 630px\" \/><\/div>\n","protected":false},"excerpt":{"rendered":"<p>Estimados compa\u00f1eros, Como sab\u00e9is, uno de los pilares importantes para la CEF es la Formaci\u00f3n y, en este sentido, editamos un manual con los cursos que, desde las Asociaciones y Federaciones o formadores particulares, se ponen a disposici\u00f3n de los &hellip; <a href=\"https:\/\/blog.federacionfotovasca.org\/eu\/formacion-cef\/\">Continue reading <span class=\"meta-nav\">&rarr;<\/span><\/a><\/p>\n","protected":false},"author":1,"featured_media":0,"comment_status":"open","ping_status":"open","sticky":false,"template":"","format":"standard","meta":{"footnotes":""},"categories":[39,3],"tags":[10,421,424],"class_list":["post-10220","post","type-post","status-publish","format-standard","hentry","category-cursos","category-fotografos","tag-cef","tag-cursos","tag-fotografs"],"_links":{"self":[{"href":"https:\/\/blog.federacionfotovasca.org\/eu\/wp-json\/wp\/v2\/posts\/10220","targetHints":{"allow":["GET"]}}],"collection":[{"href":"https:\/\/blog.federacionfotovasca.org\/eu\/wp-json\/wp\/v2\/posts"}],"about":[{"href":"https:\/\/blog.federacionfotovasca.org\/eu\/wp-json\/wp\/v2\/types\/post"}],"author":[{"embeddable":true,"href":"https:\/\/blog.federacionfotovasca.org\/eu\/wp-json\/wp\/v2\/users\/1"}],"replies":[{"embeddable":true,"href":"https:\/\/blog.federacionfotovasca.org\/eu\/wp-json\/wp\/v2\/comments?post=10220"}],"version-history":[{"count":1,"href":"https:\/\/blog.federacionfotovasca.org\/eu\/wp-json\/wp\/v2\/posts\/10220\/revisions"}],"predecessor-version":[{"id":10223,"href":"https:\/\/blog.federacionfotovasca.org\/eu\/wp-json\/wp\/v2\/posts\/10220\/revisions\/10223"}],"wp:attachment":[{"href":"https:\/\/blog.federacionfotovasca.org\/eu\/wp-json\/wp\/v2\/media?parent=10220"}],"wp:term":[{"taxonomy":"category","embeddable":true,"href":"https:\/\/blog.federacionfotovasca.org\/eu\/wp-json\/wp\/v2\/categories?post=10220"},{"taxonomy":"post_tag","embeddable":true,"href":"https:\/\/blog.federacionfotovasca.org\/eu\/wp-json\/wp\/v2\/tags?post=10220"}],"curies":[{"name":"wp","href":"https:\/\/api.w.org\/{rel}","templated":true}]}}