{"id":10975,"date":"2016-07-12T16:14:15","date_gmt":"2016-07-12T14:14:15","guid":{"rendered":"https:\/\/www.federacionfotovasca.org\/?p=10975"},"modified":"2016-07-12T16:14:15","modified_gmt":"2016-07-12T14:14:15","slug":"xliv-trofeo-gipuzkoa-internacional","status":"publish","type":"post","link":"https:\/\/blog.federacionfotovasca.org\/eu\/xliv-trofeo-gipuzkoa-internacional\/","title":{"rendered":"XLIV TROFEO GIPUZKOA INTERNACIONAL"},"content":{"rendered":"<p><a href=\"http:\/\/www.trofeogipuzkoa.com\/\" target=\"_blank\"><img loading=\"lazy\" decoding=\"async\" class=\"alignnone size-full wp-image-6848\" src=\"https:\/\/www.federacionfotovasca.org\/wp-content\/uploads\/2014\/09\/SFG.jpg\" alt=\"SFG\" width=\"500\" height=\"120\" srcset=\"https:\/\/blog.federacionfotovasca.org\/wp-content\/uploads\/2014\/09\/SFG.jpg 500w, https:\/\/blog.federacionfotovasca.org\/wp-content\/uploads\/2014\/09\/SFG-300x72.jpg 300w\" sizes=\"auto, (max-width: 500px) 100vw, 500px\" \/><\/a><\/p>\n<p><strong>XLIV TROFEO GIPUZKOA INTERNACIONAL<\/strong><br \/>\n<strong><a href=\"http:\/\/www.trofeogipuzkoa.com\/\" target=\"_blank\" data-saferedirecturl=\"https:\/\/www.google.com\/url?hl=es&amp;q=http:\/\/www.trofeogipuzkoa.com\/&amp;source=gmail&amp;ust=1468416471042000&amp;usg=AFQjCNF99S5h5wlJP8Lj67PM6NZ9gni2Gg\">www.trofeogipuzkoa.com<\/a><\/strong><br \/>\n<strong>Sociedad Fotogr\u00e1fica de Gipuzkoa<\/strong><br \/>\n<strong>Chairman :<\/strong>Mr. I\u00f1igo Barandiaran &#8211;\u00a0<a href=\"mailto:trofeogipuzkoa@sfg-ss.com\" target=\"_blank\">trofeogipuzkoa@sfg-ss.com<\/a><\/p>\n<p><a href=\"http:\/\/www.trofeogipuzkoa.com\/wp-content\/uploads\/2016\/06\/TGI16-BASES%20%28MULTI%29.pdf\" target=\"_blank\" data-saferedirecturl=\"https:\/\/www.google.com\/url?hl=es&amp;q=http:\/\/www.trofeogipuzkoa.com\/wp-content\/uploads\/2016\/06\/TGI16-BASES%2520(MULTI).pdf&amp;source=gmail&amp;ust=1468416471042000&amp;usg=AFQjCNErzwabFpyw9IG9aPAIAI5nx7K-lA\">Rules Multilanguage<\/a><\/p>\n<p><strong>FIAP: 2016\/433\u00a0 &#8211;\u00a0 CEF: I\/2016\/22\u00a0 &#8211; \u00a0FAFPV: 010\/2016\u00a0 &#8211;\u00a0 SFG<\/strong><\/p>\n<p><strong><a href=\"http:\/\/www.trofeogipuzkoa.com\/2015-xliii-trofeo-gipuzkoa-internacional\/\" target=\"_blank\" data-saferedirecturl=\"https:\/\/www.google.com\/url?hl=es&amp;q=http:\/\/www.trofeogipuzkoa.com\/2015-xliii-trofeo-gipuzkoa-internacional\/&amp;source=gmail&amp;ust=1468416471042000&amp;usg=AFQjCNGKV7HxUh3Sq2grZzIIaJ2FVzNUTA\">XLIII Edition Results<\/a><\/strong><br \/>\n<strong><a href=\"http:\/\/www.trofeogipuzkoa.com\/video-integro-de-la-gala-de-entrega-de-premios-de-la-xliii-edicion-2015\/\" target=\"_blank\" data-saferedirecturl=\"https:\/\/www.google.com\/url?hl=es&amp;q=http:\/\/www.trofeogipuzkoa.com\/video-integro-de-la-gala-de-entrega-de-premios-de-la-xliii-edicion-2015\/&amp;source=gmail&amp;ust=1468416471042000&amp;usg=AFQjCNEEB3XpcK83kwpDOyiC42YfOpibuQ\">XLIII Edition Closing Gala<\/a><\/strong><br \/>\n<strong><a href=\"http:\/\/www.trofeogipuzkoa.com\/noticias\/\" target=\"_blank\" data-saferedirecturl=\"https:\/\/www.google.com\/url?hl=es&amp;q=http:\/\/www.trofeogipuzkoa.com\/noticias\/&amp;source=gmail&amp;ust=1468416471042000&amp;usg=AFQjCNHjhdnd5cKd_87Dv6aC8Ol5Q4YV2A\">News<\/a><\/strong><\/p>\n<p><a href=\"http:\/\/www.trofeogipuzkoa.com\/wp-content\/uploads\/2016\/06\/TGI16-BASES%20%28ESP%29.pdf\" target=\"_blank\" data-saferedirecturl=\"https:\/\/www.google.com\/url?hl=es&amp;q=http:\/\/www.trofeogipuzkoa.com\/wp-content\/uploads\/2016\/06\/TGI16-BASES%2520(ESP).pdf&amp;source=gmail&amp;ust=1468416471042000&amp;usg=AFQjCNEyWOeBpUot4PpUOU-C6sFX0srIrA\"><strong>Bases(Castellano).pdf<\/strong><\/a><\/p>\n<p><strong>PARTICIPANTES:<\/strong>\u00a0 \u00a0 \u00a0 \u00a0 \u00a0\u00a0 Fot\u00f3grafos de todo el mundo.<\/p>\n<p><strong>CALENDARIO:<\/strong><br \/>\n\u2022 L\u00edmite de recepciones: \u00a0\u00a0<strong>31 de Octubre del 2016.<\/strong><br \/>\n\u2022 Veredicto: \u00a0 \u00a0 \u00a0 \u00a0 \u00a0 \u00a0 \u00a0 \u00a0 \u00a0 \u00a0 19-20 de Noviembre del 2016.<br \/>\n\u2022 Resultados por email: \u00a0 \u00a014 de Diciembre del 2016.<br \/>\n\u2022 Entrega de Premios: \u00a0 \u00a0\u00a0 Enero \/ Febrero 2017.<br \/>\n\u2022 Exposici\u00f3n: \u00a0 \u00a0 \u00a0 \u00a0 \u00a0 \u00a0 \u00a0 \u00a0\u00a0 \u00a0Enero \/ Febrero 2017.<br \/>\n\u2022 Env\u00edo del Cat\u00e1logo: \u00a0 \u00a0\u00a0 \u00a0Marzo \/ Abril 2017.<\/p>\n<p><strong>TASAS Y PAGO:<\/strong>\u00a0\u00a0<strong>25\u20ac\u00a0<\/strong>por autor.\u00a0Pago por\u00a0<strong>PayPal.<\/strong><\/p>\n<p><strong>SECCIONES:<\/strong><br \/>\n<strong>\u2022\u00a0A:<\/strong>\u00a0 Monocromo, libre.<br \/>\n<strong>\u2022\u00a0B:<\/strong>\u00a0 Color, libre.<br \/>\n<strong>\u2022\u00a0C:<\/strong>\u00a0 Sombras (color o monocromo).<\/p>\n<p><strong>N\u00daMERO Y FORMATO:<\/strong><br \/>\n\u00danicamente v\u00eda Internet en:\u00a0\u00a0<a href=\"http:\/\/www.trofeogipuzkoa.com\/\" target=\"_blank\" data-saferedirecturl=\"https:\/\/www.google.com\/url?hl=es&amp;q=http:\/\/www.trofeogipuzkoa.com\/&amp;source=gmail&amp;ust=1468416471042000&amp;usg=AFQjCNF99S5h5wlJP8Lj67PM6NZ9gni2Gg\"><strong><u>www.trofeogipuzkoa.com<\/u><\/strong><\/a><br \/>\n4 fotos por secci\u00f3n en\u00a0<strong>JPEG,<\/strong>\u00a0<strong>2000 pixeles de lado largo<\/strong>\u00a0y m\u00e1ximo\u00a0<strong>2Mb<\/strong>\u00a0por foto.<\/p>\n<p><strong>PREMIOS:<\/strong><br \/>\n\u2022 TROFEO GIPUZKOA, 700\u20ac, biograf\u00eda en el cat\u00e1logo e invitaci\u00f3n.<br \/>\n\u2022 INSIGNIA ESPECIAL FIAP, 500\u20ac, biograf\u00eda en el cat\u00e1logo e invitaci\u00f3n.<br \/>\n\u2022 Trofeo Marqu\u00e9s de Rocaverde.<br \/>\n\u2022 Por Secci\u00f3n: \u00a03xFIAP, 3xCEF, 3xSFG (Oro, Plata, Bronce), 6 Menciones de Honor FIAP.<br \/>\n<strong>\u2022\u00a0Total 48 premios y 1200 \u20ac.<\/strong><\/p>\n<p><strong>CAT\u00c1LOGO: \u00a0<\/strong>Un cat\u00e1logo impreso de alta calidad por cada autor (Calificaci\u00f3n FIAP: 4****)<br \/>\n<strong>BASES: \u00a0 \u00a0 \u00a0 \u00a0\u00a0<a href=\"http:\/\/www.trofeogipuzkoa.com\/bases\/\" target=\"_blank\" data-saferedirecturl=\"https:\/\/www.google.com\/url?hl=es&amp;q=http:\/\/www.trofeogipuzkoa.com\/bases\/&amp;source=gmail&amp;ust=1468416471042000&amp;usg=AFQjCNG8PXxJBrza4qb8hGEGI5Z0mXeX-A\">http:\/\/www.trofeogipuzkoa.<wbr \/>com\/bases\/<\/a><\/strong><\/p>\n<p>[pdf-embedder url=&#8221;https:\/\/www.federacionfotovasca.org\/wp-content\/uploads\/2016\/07\/XLIV-TROFEO-GIPUZKOA-INTERNACIONAL.pdf&#8221;]<\/p>\n","protected":false},"excerpt":{"rendered":"<p>XLIV TROFEO GIPUZKOA INTERNACIONAL www.trofeogipuzkoa.com Sociedad Fotogr\u00e1fica de Gipuzkoa Chairman :Mr. I\u00f1igo Barandiaran &#8211;\u00a0trofeogipuzkoa@sfg-ss.com Rules Multilanguage FIAP: 2016\/433\u00a0 &#8211;\u00a0 CEF: I\/2016\/22\u00a0 &#8211; \u00a0FAFPV: 010\/2016\u00a0 &#8211;\u00a0 SFG XLIII Edition Results XLIII Edition Closing Gala News Bases(Castellano).pdf PARTICIPANTES:\u00a0 \u00a0 \u00a0 \u00a0 \u00a0\u00a0 &hellip; <a href=\"https:\/\/blog.federacionfotovasca.org\/eu\/xliv-trofeo-gipuzkoa-internacional\/\">Continue reading <span class=\"meta-nav\">&rarr;<\/span><\/a><\/p>\n","protected":false},"author":1,"featured_media":0,"comment_status":"open","ping_status":"open","sticky":false,"template":"","format":"standard","meta":{"footnotes":""},"categories":[36],"tags":[138,47,232],"class_list":["post-10975","post","type-post","status-publish","format-standard","hentry","category-concursos","tag-gipuzkoa","tag-internacional","tag-trofeo"],"_links":{"self":[{"href":"https:\/\/blog.federacionfotovasca.org\/eu\/wp-json\/wp\/v2\/posts\/10975","targetHints":{"allow":["GET"]}}],"collection":[{"href":"https:\/\/blog.federacionfotovasca.org\/eu\/wp-json\/wp\/v2\/posts"}],"about":[{"href":"https:\/\/blog.federacionfotovasca.org\/eu\/wp-json\/wp\/v2\/types\/post"}],"author":[{"embeddable":true,"href":"https:\/\/blog.federacionfotovasca.org\/eu\/wp-json\/wp\/v2\/users\/1"}],"replies":[{"embeddable":true,"href":"https:\/\/blog.federacionfotovasca.org\/eu\/wp-json\/wp\/v2\/comments?post=10975"}],"version-history":[{"count":1,"href":"https:\/\/blog.federacionfotovasca.org\/eu\/wp-json\/wp\/v2\/posts\/10975\/revisions"}],"predecessor-version":[{"id":10977,"href":"https:\/\/blog.federacionfotovasca.org\/eu\/wp-json\/wp\/v2\/posts\/10975\/revisions\/10977"}],"wp:attachment":[{"href":"https:\/\/blog.federacionfotovasca.org\/eu\/wp-json\/wp\/v2\/media?parent=10975"}],"wp:term":[{"taxonomy":"category","embeddable":true,"href":"https:\/\/blog.federacionfotovasca.org\/eu\/wp-json\/wp\/v2\/categories?post=10975"},{"taxonomy":"post_tag","embeddable":true,"href":"https:\/\/blog.federacionfotovasca.org\/eu\/wp-json\/wp\/v2\/tags?post=10975"}],"curies":[{"name":"wp","href":"https:\/\/api.w.org\/{rel}","templated":true}]}}