{"id":115,"date":"2006-06-29T21:03:25","date_gmt":"2006-06-29T21:03:25","guid":{"rendered":""},"modified":"2008-01-08T17:31:18","modified_gmt":"2008-01-08T17:31:18","slug":"las-grandes-empresas-van-de-compras","status":"publish","type":"post","link":"https:\/\/blog.federacionfotovasca.org\/eu\/las-grandes-empresas-van-de-compras\/","title":{"rendered":"Las grandes empresas &#8230;. van de compras &#8230;."},"content":{"rendered":"<p>Adobe adquiere la tecnolog\u00eda de RawShooter con vistas a reforzar su Lightroom<\/p>\n<p>Ver enlace:<strong> <a target=\"_blank\" href=\"http:\/\/www.quesabesde.com\/noticias\/adobe-pixmantec-rawshooter,1_2553\">art\u00edculo.<\/a><\/strong><\/p>\n<p>Microsoft compra iView Multimedia y se hace con su software de catalogaci\u00f3n de im\u00e1genes<\/p>\n<p>Ver enlace:<strong>\u00a0 <a target=\"_blank\" href=\"http:\/\/www.quesabesde.com\/noticias\/iview-microsoft,1_2558\">art\u00edculo2.<\/a><\/strong><a target=\"_blank\" href=\"http:\/\/www.quesabesde.com\/noticias\/iview-microsoft,1_2558\"><\/a><strong><a target=\"_blank\" href=\"http:\/\/www.quesabesde.com\/noticias\/adobe-pixmantec-rawshooter,1_2553\">{mosimage}<\/a><\/strong><\/p>\n<p><!--more--><\/p>\n","protected":false},"excerpt":{"rendered":"<p>Adobe adquiere la tecnolog\u00eda de RawShooter con vistas a reforzar su Lightroom Ver enlace: art\u00edculo. Microsoft compra iView Multimedia y se hace con su software de catalogaci\u00f3n de im\u00e1genes Ver enlace:\u00a0 art\u00edculo2.{mosimage}<\/p>\n","protected":false},"author":1,"featured_media":0,"comment_status":"open","ping_status":"open","sticky":false,"template":"","format":"standard","meta":{"footnotes":""},"categories":[23],"tags":[418],"class_list":["post-115","post","type-post","status-publish","format-standard","hentry","category-noticias","tag-noticias"],"_links":{"self":[{"href":"https:\/\/blog.federacionfotovasca.org\/eu\/wp-json\/wp\/v2\/posts\/115","targetHints":{"allow":["GET"]}}],"collection":[{"href":"https:\/\/blog.federacionfotovasca.org\/eu\/wp-json\/wp\/v2\/posts"}],"about":[{"href":"https:\/\/blog.federacionfotovasca.org\/eu\/wp-json\/wp\/v2\/types\/post"}],"author":[{"embeddable":true,"href":"https:\/\/blog.federacionfotovasca.org\/eu\/wp-json\/wp\/v2\/users\/1"}],"replies":[{"embeddable":true,"href":"https:\/\/blog.federacionfotovasca.org\/eu\/wp-json\/wp\/v2\/comments?post=115"}],"version-history":[{"count":0,"href":"https:\/\/blog.federacionfotovasca.org\/eu\/wp-json\/wp\/v2\/posts\/115\/revisions"}],"wp:attachment":[{"href":"https:\/\/blog.federacionfotovasca.org\/eu\/wp-json\/wp\/v2\/media?parent=115"}],"wp:term":[{"taxonomy":"category","embeddable":true,"href":"https:\/\/blog.federacionfotovasca.org\/eu\/wp-json\/wp\/v2\/categories?post=115"},{"taxonomy":"post_tag","embeddable":true,"href":"https:\/\/blog.federacionfotovasca.org\/eu\/wp-json\/wp\/v2\/tags?post=115"}],"curies":[{"name":"wp","href":"https:\/\/api.w.org\/{rel}","templated":true}]}}