{"id":12200,"date":"2017-02-17T09:45:50","date_gmt":"2017-02-17T08:45:50","guid":{"rendered":"https:\/\/www.federacionfotovasca.org\/?p=12200"},"modified":"2017-02-17T11:16:58","modified_gmt":"2017-02-17T10:16:58","slug":"ii-concurso-internacional-de-fotografia-alicante-2","status":"publish","type":"post","link":"https:\/\/blog.federacionfotovasca.org\/eu\/ii-concurso-internacional-de-fotografia-alicante-2\/","title":{"rendered":"II Concurso Internacional de Fotograf\u00eda \u201cAlicante&#8221;"},"content":{"rendered":"<p style=\"text-align: center;\"><a href=\"http:\/\/clubfotograficoalicante.blogspot.com.es\/\" target=\"_blank\"><img loading=\"lazy\" decoding=\"async\" class=\"alignnone size-full wp-image-12201\" src=\"https:\/\/www.federacionfotovasca.org\/wp-content\/uploads\/2017\/02\/logo.jpg\" alt=\"\" width=\"500\" height=\"120\" srcset=\"https:\/\/blog.federacionfotovasca.org\/wp-content\/uploads\/2017\/02\/logo.jpg 500w, https:\/\/blog.federacionfotovasca.org\/wp-content\/uploads\/2017\/02\/logo-300x72.jpg 300w\" sizes=\"auto, (max-width: 500px) 100vw, 500px\" \/><\/a><\/p>\n<p style=\"text-align: center;\">\n<p>El Ayuntamiento de Alicante (Concejal\u00eda de Cultura) con la colaboraci\u00f3n del Club Fotogr\u00e1fico Alicante (CFA), se complacen en invitarles a participar en el II Concurso Internacional de Fotograf\u00eda \u201cAlicante\u201d.<\/p>\n<p>Admisi\u00f3n de obras: hasta el d\u00eda 23 de abril de 2017<\/p>\n<p>Tema El tema ser\u00e1 libre.<\/p>\n<p>N\u00famero de obras M\u00e1ximo de cuatro obras por autor para colecci\u00f3n con unidad tem\u00e1tica, tres obras individuales sin unidad tem\u00e1tica y tres obras sueltas para residentes en el municipio de Alicante, de socios RFA y CFA.<\/p>\n<p>Las fotos no deben de estar premiadas en otros concursos.<\/p>\n<p>Premios Se conceder\u00e1n 4500\u20ac en premios.<\/p>\n<p>Modo de participaci\u00f3n\u00a0 La inscripci\u00f3n, el pago de los derechos de admisi\u00f3n y el env\u00edo de las\u00a0 im\u00e1genes se realizar\u00e1n desde nuestra web, clubfotograficoalicante.blogspot.com<\/p>\n<p>Tama\u00f1o y presentaci\u00f3n En formato JPG, 1.920 p\u00edxeles de largo si el formato es horizontal o 1920 p\u00edxeles de alto si el formato es vertical. Recomendamos que el espacio de color sea sRGB. Ning\u00fan archivo puede superar los 1 Mb.<\/p>\n<p>Derechos de participaci\u00f3n Se establece la cuant\u00eda de\u00a0 10\u20ac por Paypal.<\/p>\n","protected":false},"excerpt":{"rendered":"<p>El Ayuntamiento de Alicante (Concejal\u00eda de Cultura) con la colaboraci\u00f3n del Club Fotogr\u00e1fico Alicante (CFA), se complacen en invitarles a participar en el II Concurso Internacional de Fotograf\u00eda \u201cAlicante\u201d. Admisi\u00f3n de obras: hasta el d\u00eda 23 de abril de 2017 &hellip; <a href=\"https:\/\/blog.federacionfotovasca.org\/eu\/ii-concurso-internacional-de-fotografia-alicante-2\/\">Continue reading <span class=\"meta-nav\">&rarr;<\/span><\/a><\/p>\n","protected":false},"author":1,"featured_media":0,"comment_status":"open","ping_status":"open","sticky":false,"template":"","format":"standard","meta":{"footnotes":""},"categories":[36],"tags":[230,419,47],"class_list":["post-12200","post","type-post","status-publish","format-standard","hentry","category-concursos","tag-alicante","tag-concursos","tag-internacional"],"_links":{"self":[{"href":"https:\/\/blog.federacionfotovasca.org\/eu\/wp-json\/wp\/v2\/posts\/12200","targetHints":{"allow":["GET"]}}],"collection":[{"href":"https:\/\/blog.federacionfotovasca.org\/eu\/wp-json\/wp\/v2\/posts"}],"about":[{"href":"https:\/\/blog.federacionfotovasca.org\/eu\/wp-json\/wp\/v2\/types\/post"}],"author":[{"embeddable":true,"href":"https:\/\/blog.federacionfotovasca.org\/eu\/wp-json\/wp\/v2\/users\/1"}],"replies":[{"embeddable":true,"href":"https:\/\/blog.federacionfotovasca.org\/eu\/wp-json\/wp\/v2\/comments?post=12200"}],"version-history":[{"count":1,"href":"https:\/\/blog.federacionfotovasca.org\/eu\/wp-json\/wp\/v2\/posts\/12200\/revisions"}],"predecessor-version":[{"id":12203,"href":"https:\/\/blog.federacionfotovasca.org\/eu\/wp-json\/wp\/v2\/posts\/12200\/revisions\/12203"}],"wp:attachment":[{"href":"https:\/\/blog.federacionfotovasca.org\/eu\/wp-json\/wp\/v2\/media?parent=12200"}],"wp:term":[{"taxonomy":"category","embeddable":true,"href":"https:\/\/blog.federacionfotovasca.org\/eu\/wp-json\/wp\/v2\/categories?post=12200"},{"taxonomy":"post_tag","embeddable":true,"href":"https:\/\/blog.federacionfotovasca.org\/eu\/wp-json\/wp\/v2\/tags?post=12200"}],"curies":[{"name":"wp","href":"https:\/\/api.w.org\/{rel}","templated":true}]}}