{"id":12330,"date":"2017-03-13T09:54:53","date_gmt":"2017-03-13T08:54:53","guid":{"rendered":"https:\/\/www.federacionfotovasca.org\/?p=12330"},"modified":"2017-03-13T09:56:58","modified_gmt":"2017-03-13T08:56:58","slug":"presentacion-libro-piedras-con-alma-en-la-sfg","status":"publish","type":"post","link":"https:\/\/blog.federacionfotovasca.org\/eu\/presentacion-libro-piedras-con-alma-en-la-sfg\/","title":{"rendered":"Presentaci\u00f3n libro &#8211; Piedras con alma en la SFG"},"content":{"rendered":"<p><a href=\"http:\/\/www.sfg-ss.com\/\" target=\"_blank\"><img loading=\"lazy\" decoding=\"async\" class=\"alignnone size-full wp-image-7850\" src=\"https:\/\/www.federacionfotovasca.org\/wp-content\/uploads\/2014\/12\/SFG.png\" alt=\"\" width=\"927\" height=\"79\" srcset=\"https:\/\/blog.federacionfotovasca.org\/wp-content\/uploads\/2014\/12\/SFG.png 927w, https:\/\/blog.federacionfotovasca.org\/wp-content\/uploads\/2014\/12\/SFG-300x26.png 300w, https:\/\/blog.federacionfotovasca.org\/wp-content\/uploads\/2014\/12\/SFG-620x53.png 620w, https:\/\/blog.federacionfotovasca.org\/wp-content\/uploads\/2014\/12\/SFG-768x65.png 768w\" sizes=\"auto, (max-width: 927px) 100vw, 927px\" \/><\/a><\/p>\n<p><span style=\"color: #333333;\">.<\/span><\/p>\n<p>El jueves d\u00eda 16 de marzo, a las 19 horas, tenemos la presentaci\u00f3n del libro de <span style=\"color: #ff6600;\">Bakartxo Aniz Aldasoro<\/span>:<\/p>\n<p>\u201dPiedras con alma. La despoblaci\u00f3n del pirineo aragon\u00e9s a trav\u00e9s de la fotograf\u00eda\u201d. Os adjuntamos la informaci\u00f3n.<\/p>\n<p>La autora nos contar\u00e1 c\u00f3mo ha sido este proyecto y nos har\u00e1 una proyecci\u00f3n.<a href=\"https:\/\/www.federacionfotovasca.org\/wp-content\/uploads\/2017\/03\/Portada.jpg\" target=\"_blank\"><img loading=\"lazy\" decoding=\"async\" class=\"wp-image-12332 alignright\" src=\"https:\/\/www.federacionfotovasca.org\/wp-content\/uploads\/2017\/03\/Portada-940x893.jpg\" alt=\"\" width=\"243\" height=\"231\" srcset=\"https:\/\/blog.federacionfotovasca.org\/wp-content\/uploads\/2017\/03\/Portada-940x893.jpg 940w, https:\/\/blog.federacionfotovasca.org\/wp-content\/uploads\/2017\/03\/Portada-300x285.jpg 300w, https:\/\/blog.federacionfotovasca.org\/wp-content\/uploads\/2017\/03\/Portada-620x589.jpg 620w, https:\/\/blog.federacionfotovasca.org\/wp-content\/uploads\/2017\/03\/Portada-768x729.jpg 768w\" sizes=\"auto, (max-width: 243px) 100vw, 243px\" \/><\/a><\/p>\n<p>Os esperamos.<\/p>\n<p>Saludos,<\/p>\n<p>Sociedad Fotogr\u00e1fica de Gipuzkoa<br \/>\nC\/ San Juan, 27\u00a0 &#8211;\u00a0 Tel. <a href=\"tel:943%2042%2013%2086\">943 42 13 86<\/a><br \/>\n<a href=\"http:\/\/www.sfg-ss.com\" target=\"_blank\" rel=\"noreferrer\" data-saferedirecturl=\"https:\/\/www.google.com\/url?hl=es&amp;q=http:\/\/www.sfg-ss.com&amp;source=gmail&amp;ust=1489480506563000&amp;usg=AFQjCNGrdhnY_ukWq1NlY8VSb_y2HQOeWA\">www.sfg-ss.com \u00a0 <\/a>&#8211;\u00a0 <a href=\"mailto:sfg@sfg-ss.com\">sfg@sfg-ss.com <\/a><\/p>\n<p><span style=\"color: #cc99ff;\"> <a style=\"color: #cc99ff;\" href=\"https:\/\/www.federacionfotovasca.org\/wp-content\/uploads\/2017\/03\/SFG.docx\">SFG-Texto<\/a><\/span><\/p>\n<p><span style=\"color: #ccffff;\"> <a style=\"color: #ccffff;\" href=\"https:\/\/www.federacionfotovasca.org\/wp-content\/uploads\/2017\/03\/Ficha-Tecnica.docx\">Ficha T\u00e9cnica<\/a><\/span><\/p>\n","protected":false},"excerpt":{"rendered":"<p>. El jueves d\u00eda 16 de marzo, a las 19 horas, tenemos la presentaci\u00f3n del libro de Bakartxo Aniz Aldasoro: \u201dPiedras con alma. La despoblaci\u00f3n del pirineo aragon\u00e9s a trav\u00e9s de la fotograf\u00eda\u201d. Os adjuntamos la informaci\u00f3n. La autora nos &hellip; <a href=\"https:\/\/blog.federacionfotovasca.org\/eu\/presentacion-libro-piedras-con-alma-en-la-sfg\/\">Continue reading <span class=\"meta-nav\">&rarr;<\/span><\/a><\/p>\n","protected":false},"author":1,"featured_media":0,"comment_status":"open","ping_status":"open","sticky":false,"template":"","format":"standard","meta":{"footnotes":""},"categories":[3,305],"tags":[710,71,429],"class_list":["post-12330","post","type-post","status-publish","format-standard","hentry","category-fotografos","category-presentacion","tag-bakartxo-aniz-aldasoro","tag-libro","tag-presentacion"],"_links":{"self":[{"href":"https:\/\/blog.federacionfotovasca.org\/eu\/wp-json\/wp\/v2\/posts\/12330","targetHints":{"allow":["GET"]}}],"collection":[{"href":"https:\/\/blog.federacionfotovasca.org\/eu\/wp-json\/wp\/v2\/posts"}],"about":[{"href":"https:\/\/blog.federacionfotovasca.org\/eu\/wp-json\/wp\/v2\/types\/post"}],"author":[{"embeddable":true,"href":"https:\/\/blog.federacionfotovasca.org\/eu\/wp-json\/wp\/v2\/users\/1"}],"replies":[{"embeddable":true,"href":"https:\/\/blog.federacionfotovasca.org\/eu\/wp-json\/wp\/v2\/comments?post=12330"}],"version-history":[{"count":1,"href":"https:\/\/blog.federacionfotovasca.org\/eu\/wp-json\/wp\/v2\/posts\/12330\/revisions"}],"predecessor-version":[{"id":12337,"href":"https:\/\/blog.federacionfotovasca.org\/eu\/wp-json\/wp\/v2\/posts\/12330\/revisions\/12337"}],"wp:attachment":[{"href":"https:\/\/blog.federacionfotovasca.org\/eu\/wp-json\/wp\/v2\/media?parent=12330"}],"wp:term":[{"taxonomy":"category","embeddable":true,"href":"https:\/\/blog.federacionfotovasca.org\/eu\/wp-json\/wp\/v2\/categories?post=12330"},{"taxonomy":"post_tag","embeddable":true,"href":"https:\/\/blog.federacionfotovasca.org\/eu\/wp-json\/wp\/v2\/tags?post=12330"}],"curies":[{"name":"wp","href":"https:\/\/api.w.org\/{rel}","templated":true}]}}