{"id":12583,"date":"2017-05-02T15:25:58","date_gmt":"2017-05-02T13:25:58","guid":{"rendered":"https:\/\/www.federacionfotovasca.org\/?p=12583"},"modified":"2017-05-02T15:24:14","modified_gmt":"2017-05-02T13:24:14","slug":"presentacion-nuevo-libro-gabriel-brau","status":"publish","type":"post","link":"https:\/\/blog.federacionfotovasca.org\/eu\/presentacion-nuevo-libro-gabriel-brau\/","title":{"rendered":"Presentaci\u00f3n nuevo libro Gabriel Brau"},"content":{"rendered":"<p>Buenas tardes, es un placer anunciaros que ya est\u00e1 a la venta mi nuevo libro \u201cVISI\u00d3N FOTOGR\u00c1FICA Y LENGUAJE VISUAL\u201d.<\/p>\n<div>Podr\u00e9is encontrar toda la informaci\u00f3n sobre su contenido y comprarlo, si os apetece, a trav\u00e9s del siguiente enlace:<\/div>\n<div><span style=\"color: #ccffff;\"><a style=\"color: #ccffff;\" href=\"http:\/\/gabrielbrau.com\/producto\/vision-fotografica-y-lenguaje-visual\/\" target=\"_blank\" rel=\"noopener noreferrer\" data-saferedirecturl=\"https:\/\/www.google.com\/url?hl=es&amp;q=http:\/\/gabrielbrau.com\/producto\/vision-fotografica-y-lenguaje-visual\/&amp;source=gmail&amp;ust=1492790652851000&amp;usg=AFQjCNF46HjfLETtNQdy4zgwECok5lRyoA\">http:\/\/gabrielbrau.com\/<wbr \/>producto\/vision-fotografica-y-<wbr \/>lenguaje-visual\/<\/a><\/span><\/div>\n<div><\/div>\n<div>Las primeras presentaciones oficiales se har\u00e1n en Madrid (24-Abril) y Barcelona (9-Mayo), a las cu\u00e1les est\u00e1is todos\/todas invitados.<\/div>\n<div><\/div>\n<div>Un abrazo.<\/div>\n<div>\n<div>Gabriel Brau Gelabert<\/div>\n<div><span style=\"color: #3366ff;\"><a style=\"color: #3366ff;\" href=\"mailto:info@gabrielbrau.com\" target=\"_blank\" rel=\"noopener noreferrer\">info@gabrielbrau.com<\/a><\/span><\/div>\n<div><img loading=\"lazy\" decoding=\"async\" class=\"alignnone size-full wp-image-12586\" src=\"https:\/\/www.federacionfotovasca.org\/wp-content\/uploads\/2017\/04\/Presentacion-Barcelona.jpeg\" alt=\"\" width=\"320\" height=\"226\" srcset=\"https:\/\/blog.federacionfotovasca.org\/wp-content\/uploads\/2017\/04\/Presentacion-Barcelona.jpeg 320w, https:\/\/blog.federacionfotovasca.org\/wp-content\/uploads\/2017\/04\/Presentacion-Barcelona-300x212.jpeg 300w\" sizes=\"auto, (max-width: 320px) 100vw, 320px\" \/> <img loading=\"lazy\" decoding=\"async\" class=\"size-full wp-image-12587 alignright\" src=\"https:\/\/www.federacionfotovasca.org\/wp-content\/uploads\/2017\/04\/Presentacion-Madrid.jpeg\" alt=\"\" width=\"320\" height=\"226\" srcset=\"https:\/\/blog.federacionfotovasca.org\/wp-content\/uploads\/2017\/04\/Presentacion-Madrid.jpeg 320w, https:\/\/blog.federacionfotovasca.org\/wp-content\/uploads\/2017\/04\/Presentacion-Madrid-300x212.jpeg 300w\" sizes=\"auto, (max-width: 320px) 100vw, 320px\" \/><\/div>\n<div><\/div>\n<div><span style=\"color: #808080;\">.<\/span><\/div>\n<div><a href=\"http:\/\/gabrielbrau.com\/producto\/vision-fotografica-y-lenguaje-visual\/\" target=\"_blank\" rel=\"noopener noreferrer\"><img loading=\"lazy\" decoding=\"async\" class=\"alignnone size-full wp-image-8486\" src=\"https:\/\/www.federacionfotovasca.org\/wp-content\/uploads\/2015\/04\/Gabriel-Brau.jpg\" alt=\"\" width=\"198\" height=\"86\" \/><\/a><\/div>\n<\/div>\n","protected":false},"excerpt":{"rendered":"<p>Buenas tardes, es un placer anunciaros que ya est\u00e1 a la venta mi nuevo libro \u201cVISI\u00d3N FOTOGR\u00c1FICA Y LENGUAJE VISUAL\u201d. Podr\u00e9is encontrar toda la informaci\u00f3n sobre su contenido y comprarlo, si os apetece, a trav\u00e9s del siguiente enlace: http:\/\/gabrielbrau.com\/producto\/vision-fotografica-y-lenguaje-visual\/ Las &hellip; <a href=\"https:\/\/blog.federacionfotovasca.org\/eu\/presentacion-nuevo-libro-gabriel-brau\/\">Continue reading <span class=\"meta-nav\">&rarr;<\/span><\/a><\/p>\n","protected":false},"author":1,"featured_media":0,"comment_status":"open","ping_status":"open","sticky":false,"template":"","format":"standard","meta":{"footnotes":""},"categories":[15],"tags":[279,176,71,492],"class_list":["post-12583","post","type-post","status-publish","format-standard","hentry","category-general","tag-barcelona","tag-gabriel-brau","tag-libro","tag-madrid"],"_links":{"self":[{"href":"https:\/\/blog.federacionfotovasca.org\/eu\/wp-json\/wp\/v2\/posts\/12583","targetHints":{"allow":["GET"]}}],"collection":[{"href":"https:\/\/blog.federacionfotovasca.org\/eu\/wp-json\/wp\/v2\/posts"}],"about":[{"href":"https:\/\/blog.federacionfotovasca.org\/eu\/wp-json\/wp\/v2\/types\/post"}],"author":[{"embeddable":true,"href":"https:\/\/blog.federacionfotovasca.org\/eu\/wp-json\/wp\/v2\/users\/1"}],"replies":[{"embeddable":true,"href":"https:\/\/blog.federacionfotovasca.org\/eu\/wp-json\/wp\/v2\/comments?post=12583"}],"version-history":[{"count":1,"href":"https:\/\/blog.federacionfotovasca.org\/eu\/wp-json\/wp\/v2\/posts\/12583\/revisions"}],"predecessor-version":[{"id":12654,"href":"https:\/\/blog.federacionfotovasca.org\/eu\/wp-json\/wp\/v2\/posts\/12583\/revisions\/12654"}],"wp:attachment":[{"href":"https:\/\/blog.federacionfotovasca.org\/eu\/wp-json\/wp\/v2\/media?parent=12583"}],"wp:term":[{"taxonomy":"category","embeddable":true,"href":"https:\/\/blog.federacionfotovasca.org\/eu\/wp-json\/wp\/v2\/categories?post=12583"},{"taxonomy":"post_tag","embeddable":true,"href":"https:\/\/blog.federacionfotovasca.org\/eu\/wp-json\/wp\/v2\/tags?post=12583"}],"curies":[{"name":"wp","href":"https:\/\/api.w.org\/{rel}","templated":true}]}}