{"id":12732,"date":"2017-05-10T00:22:41","date_gmt":"2017-05-09T22:22:41","guid":{"rendered":"https:\/\/www.federacionfotovasca.org\/?p=12732"},"modified":"2017-05-10T00:25:12","modified_gmt":"2017-05-09T22:25:12","slug":"nuevas-ofertas-para-socios-con-el-carnet-del-la-fafpv","status":"publish","type":"post","link":"https:\/\/blog.federacionfotovasca.org\/eu\/nuevas-ofertas-para-socios-con-el-carnet-del-la-fafpv\/","title":{"rendered":"Nuevas ofertas para socios con el carnet del la FAFPV"},"content":{"rendered":"<p>Hola a todos,<\/p>\n<p>Adjunto enviamos diferentes ofertas que se han conseguido para socios con el carnet de la FAFPV. Espero que pod\u00e1is disfrutar de todas ellas.<\/p>\n<p>Por otro lado, os recuerdamos que hasta el pr\u00f3ximo s\u00e1bado, todavia est\u00e1is a tiempo de apuntaros al congreso de la FAFPV, que se celebara en Gernika, asi como de enviar la foto en caso de asistencia. Adjuntamos carta congreso.<\/p>\n<p>Saludos,<\/p>\n<p>Jose Ignacio Rodriguez<br \/>\nCARNETS EHATE<\/p>\n<p><a href=\"https:\/\/www.federacionfotovasca.org\/wp-content\/uploads\/2017\/05\/carta-congreso-Gernika-2017_eus.pdf\" target=\"_blank\" rel=\"noopener noreferrer\">Carta congreso Gernika 2017_eus<\/a><\/p>\n<p><a href=\"https:\/\/www.federacionfotovasca.org\/wp-content\/uploads\/2017\/05\/carta-congreso-Gernika-2017.pdf\" target=\"_blank\" rel=\"noopener noreferrer\"> Carta congreso Gernika 2017_cas<\/a><a href=\"https:\/\/www.federacionfotovasca.org\/wp-content\/uploads\/2017\/05\/concursos-digitales-.pdf\" target=\"_blank\" rel=\"noopener noreferrer\">Concursos digitales<\/a><\/p>\n<p><a href=\"https:\/\/www.federacionfotovasca.org\/wp-content\/uploads\/2017\/05\/Hemos-cerrado-otra-oferta-con-Saal-Digit-al-para-los-socios-de-la-Federacio?n.docx\">Hemos cerrado otra oferta con Saal Digit al para los socios de la Federaci\u00f3n<\/a><\/p>\n<p><a href=\"https:\/\/www.federacionfotovasca.org\/wp-content\/uploads\/2017\/05\/seguros-arrieta.jpg\"><img loading=\"lazy\" decoding=\"async\" class=\"wp-image-12738 alignleft\" src=\"https:\/\/www.federacionfotovasca.org\/wp-content\/uploads\/2017\/05\/seguros-arrieta.jpg\" alt=\"\" width=\"182\" height=\"246\" srcset=\"https:\/\/blog.federacionfotovasca.org\/wp-content\/uploads\/2017\/05\/seguros-arrieta.jpg 1590w, https:\/\/blog.federacionfotovasca.org\/wp-content\/uploads\/2017\/05\/seguros-arrieta-300x405.jpg 300w, https:\/\/blog.federacionfotovasca.org\/wp-content\/uploads\/2017\/05\/seguros-arrieta-620x838.jpg 620w, https:\/\/blog.federacionfotovasca.org\/wp-content\/uploads\/2017\/05\/seguros-arrieta-768x1038.jpg 768w, https:\/\/blog.federacionfotovasca.org\/wp-content\/uploads\/2017\/05\/seguros-arrieta-940x1270.jpg 940w\" sizes=\"auto, (max-width: 182px) 100vw, 182px\" \/><\/a><a href=\"https:\/\/www.federacionfotovasca.org\/wp-content\/uploads\/2017\/05\/oferta-con-codigos-saaldigital.jpg\"><img loading=\"lazy\" decoding=\"async\" class=\"wp-image-12737 alignright\" src=\"https:\/\/www.federacionfotovasca.org\/wp-content\/uploads\/2017\/05\/oferta-con-codigos-saaldigital.jpg\" alt=\"\" width=\"251\" height=\"246\" srcset=\"https:\/\/blog.federacionfotovasca.org\/wp-content\/uploads\/2017\/05\/oferta-con-codigos-saaldigital.jpg 1224w, https:\/\/blog.federacionfotovasca.org\/wp-content\/uploads\/2017\/05\/oferta-con-codigos-saaldigital-300x293.jpg 300w, https:\/\/blog.federacionfotovasca.org\/wp-content\/uploads\/2017\/05\/oferta-con-codigos-saaldigital-620x606.jpg 620w, https:\/\/blog.federacionfotovasca.org\/wp-content\/uploads\/2017\/05\/oferta-con-codigos-saaldigital-768x751.jpg 768w, https:\/\/blog.federacionfotovasca.org\/wp-content\/uploads\/2017\/05\/oferta-con-codigos-saaldigital-940x919.jpg 940w\" sizes=\"auto, (max-width: 251px) 100vw, 251px\" \/><\/a><\/p>\n<p>&nbsp;<\/p>\n<p>&nbsp;<\/p>\n<p>&nbsp;<\/p>\n<p>&nbsp;<\/p>\n<p>&nbsp;<\/p>\n<p><span style=\"color: #333333;\">\u00a0<\/span><\/p>\n<p><span style=\"color: #333333;\">.<\/span><\/p>\n","protected":false},"excerpt":{"rendered":"<p>Hola a todos, Adjunto enviamos diferentes ofertas que se han conseguido para socios con el carnet de la FAFPV. Espero que pod\u00e1is disfrutar de todas ellas. Por otro lado, os recuerdamos que hasta el pr\u00f3ximo s\u00e1bado, todavia est\u00e1is a tiempo &hellip; <a href=\"https:\/\/blog.federacionfotovasca.org\/eu\/nuevas-ofertas-para-socios-con-el-carnet-del-la-fafpv\/\">Continue reading <span class=\"meta-nav\">&rarr;<\/span><\/a><\/p>\n","protected":false},"author":1,"featured_media":0,"comment_status":"open","ping_status":"open","sticky":false,"template":"","format":"standard","meta":{"footnotes":""},"categories":[22],"tags":[746,417,450,557,747],"class_list":["post-12732","post","type-post","status-publish","format-standard","hentry","category-congreso","tag-carnets","tag-congreso","tag-ehate","tag-gernika","tag-ofertas"],"_links":{"self":[{"href":"https:\/\/blog.federacionfotovasca.org\/eu\/wp-json\/wp\/v2\/posts\/12732","targetHints":{"allow":["GET"]}}],"collection":[{"href":"https:\/\/blog.federacionfotovasca.org\/eu\/wp-json\/wp\/v2\/posts"}],"about":[{"href":"https:\/\/blog.federacionfotovasca.org\/eu\/wp-json\/wp\/v2\/types\/post"}],"author":[{"embeddable":true,"href":"https:\/\/blog.federacionfotovasca.org\/eu\/wp-json\/wp\/v2\/users\/1"}],"replies":[{"embeddable":true,"href":"https:\/\/blog.federacionfotovasca.org\/eu\/wp-json\/wp\/v2\/comments?post=12732"}],"version-history":[{"count":1,"href":"https:\/\/blog.federacionfotovasca.org\/eu\/wp-json\/wp\/v2\/posts\/12732\/revisions"}],"predecessor-version":[{"id":12742,"href":"https:\/\/blog.federacionfotovasca.org\/eu\/wp-json\/wp\/v2\/posts\/12732\/revisions\/12742"}],"wp:attachment":[{"href":"https:\/\/blog.federacionfotovasca.org\/eu\/wp-json\/wp\/v2\/media?parent=12732"}],"wp:term":[{"taxonomy":"category","embeddable":true,"href":"https:\/\/blog.federacionfotovasca.org\/eu\/wp-json\/wp\/v2\/categories?post=12732"},{"taxonomy":"post_tag","embeddable":true,"href":"https:\/\/blog.federacionfotovasca.org\/eu\/wp-json\/wp\/v2\/tags?post=12732"}],"curies":[{"name":"wp","href":"https:\/\/api.w.org\/{rel}","templated":true}]}}