{"id":12762,"date":"2017-05-12T09:46:33","date_gmt":"2017-05-12T07:46:33","guid":{"rendered":"https:\/\/www.federacionfotovasca.org\/?p=12762"},"modified":"2017-05-12T09:46:33","modified_gmt":"2017-05-12T07:46:33","slug":"presentacion-libro-de-libro-de-gabriel-brau-s-f-gipuzkoa","status":"publish","type":"post","link":"https:\/\/blog.federacionfotovasca.org\/eu\/presentacion-libro-de-libro-de-gabriel-brau-s-f-gipuzkoa\/","title":{"rendered":"Presentaci\u00f3n libro de libro de Gabriel Brau &#8211; S.F. Gipuzkoa"},"content":{"rendered":"<p><a href=\"https:\/\/www.federacionfotovasca.org\/wp-content\/uploads\/2014\/05\/Captura-de-pantalla-2014-05-16-a-las-12.38.22.png\" target=\"_blank\" rel=\"noopener noreferrer\"><img loading=\"lazy\" decoding=\"async\" class=\"alignnone size-full wp-image-6014\" src=\"https:\/\/www.federacionfotovasca.org\/wp-content\/uploads\/2014\/05\/Captura-de-pantalla-2014-05-16-a-las-12.38.22.png\" alt=\"\" width=\"933\" height=\"79\" srcset=\"https:\/\/blog.federacionfotovasca.org\/wp-content\/uploads\/2014\/05\/Captura-de-pantalla-2014-05-16-a-las-12.38.22.png 933w, https:\/\/blog.federacionfotovasca.org\/wp-content\/uploads\/2014\/05\/Captura-de-pantalla-2014-05-16-a-las-12.38.22-300x25.png 300w, https:\/\/blog.federacionfotovasca.org\/wp-content\/uploads\/2014\/05\/Captura-de-pantalla-2014-05-16-a-las-12.38.22-620x52.png 620w, https:\/\/blog.federacionfotovasca.org\/wp-content\/uploads\/2014\/05\/Captura-de-pantalla-2014-05-16-a-las-12.38.22-768x65.png 768w\" sizes=\"auto, (max-width: 933px) 100vw, 933px\" \/><\/a><\/p>\n<p>El viernes 19 de mayo, a las 19 horas, en la Sociedad Fotogr\u00e1fica de Gipuzkoa, <span style=\"color: #3366ff;\">Gabriel Brau<\/span> nos har\u00e1 la presentaci\u00f3n de su libro \u201cVisi\u00f3n Fotogr\u00e1fica y lenguaje visual\u201d.<\/p>\n<p>Y a continuaci\u00f3n, a las 20 horas, nuestro amigo <span style=\"color: #00ffff;\">Juan Mari Tolin<\/span> nos presentar\u00e1 su exposici\u00f3n titulada \u201cCICLISMO\u201d.<a href=\"https:\/\/www.federacionfotovasca.org\/wp-content\/uploads\/2017\/05\/Presentacion-Donostia-baja.jpeg\"><img loading=\"lazy\" decoding=\"async\" class=\"size-full wp-image-12765 alignright\" src=\"https:\/\/www.federacionfotovasca.org\/wp-content\/uploads\/2017\/05\/Presentacion-Donostia-baja.jpeg\" alt=\"\" width=\"320\" height=\"226\" srcset=\"https:\/\/blog.federacionfotovasca.org\/wp-content\/uploads\/2017\/05\/Presentacion-Donostia-baja.jpeg 320w, https:\/\/blog.federacionfotovasca.org\/wp-content\/uploads\/2017\/05\/Presentacion-Donostia-baja-300x212.jpeg 300w\" sizes=\"auto, (max-width: 320px) 100vw, 320px\" \/><\/a><br \/>\n<a href=\"https:\/\/www.federacionfotovasca.org\/wp-content\/uploads\/2017\/05\/CICLISMO-Serpiente-multicolor.doc\">CICLISMO Serpiente multicolor<\/a><\/p>\n<p><a href=\"https:\/\/www.federacionfotovasca.org\/wp-content\/uploads\/2017\/05\/Nota-de-prensa-Donostia.doc\">Nota de prensa Donostia<\/a><br \/>\nOs esperamos,<\/p>\n<p>Sociedad Fotogr\u00e1fica de Gipuzkoa<br \/>\nC\/ San Juan, 27\u00a0 &#8211;\u00a0 Tel. 943 42 13 86<br \/>\nwww.sfg-ss.com<br \/>\nsfg@sfg-ss.com<\/p>\n","protected":false},"excerpt":{"rendered":"<p>El viernes 19 de mayo, a las 19 horas, en la Sociedad Fotogr\u00e1fica de Gipuzkoa, Gabriel Brau nos har\u00e1 la presentaci\u00f3n de su libro \u201cVisi\u00f3n Fotogr\u00e1fica y lenguaje visual\u201d. Y a continuaci\u00f3n, a las 20 horas, nuestro amigo Juan Mari &hellip; <a href=\"https:\/\/blog.federacionfotovasca.org\/eu\/presentacion-libro-de-libro-de-gabriel-brau-s-f-gipuzkoa\/\">Continue reading <span class=\"meta-nav\">&rarr;<\/span><\/a><\/p>\n","protected":false},"author":1,"featured_media":0,"comment_status":"open","ping_status":"open","sticky":false,"template":"","format":"standard","meta":{"footnotes":""},"categories":[3,305],"tags":[749,32,748,71],"class_list":["post-12762","post","type-post","status-publish","format-standard","hentry","category-fotografos","category-presentacion","tag-ciclismo","tag-donosti","tag-juan-mari-tolin","tag-libro"],"_links":{"self":[{"href":"https:\/\/blog.federacionfotovasca.org\/eu\/wp-json\/wp\/v2\/posts\/12762","targetHints":{"allow":["GET"]}}],"collection":[{"href":"https:\/\/blog.federacionfotovasca.org\/eu\/wp-json\/wp\/v2\/posts"}],"about":[{"href":"https:\/\/blog.federacionfotovasca.org\/eu\/wp-json\/wp\/v2\/types\/post"}],"author":[{"embeddable":true,"href":"https:\/\/blog.federacionfotovasca.org\/eu\/wp-json\/wp\/v2\/users\/1"}],"replies":[{"embeddable":true,"href":"https:\/\/blog.federacionfotovasca.org\/eu\/wp-json\/wp\/v2\/comments?post=12762"}],"version-history":[{"count":1,"href":"https:\/\/blog.federacionfotovasca.org\/eu\/wp-json\/wp\/v2\/posts\/12762\/revisions"}],"predecessor-version":[{"id":12766,"href":"https:\/\/blog.federacionfotovasca.org\/eu\/wp-json\/wp\/v2\/posts\/12762\/revisions\/12766"}],"wp:attachment":[{"href":"https:\/\/blog.federacionfotovasca.org\/eu\/wp-json\/wp\/v2\/media?parent=12762"}],"wp:term":[{"taxonomy":"category","embeddable":true,"href":"https:\/\/blog.federacionfotovasca.org\/eu\/wp-json\/wp\/v2\/categories?post=12762"},{"taxonomy":"post_tag","embeddable":true,"href":"https:\/\/blog.federacionfotovasca.org\/eu\/wp-json\/wp\/v2\/tags?post=12762"}],"curies":[{"name":"wp","href":"https:\/\/api.w.org\/{rel}","templated":true}]}}