{"id":12773,"date":"2017-05-16T14:31:23","date_gmt":"2017-05-16T12:31:23","guid":{"rendered":"https:\/\/www.federacionfotovasca.org\/?p=12773"},"modified":"2017-05-16T14:30:14","modified_gmt":"2017-05-16T12:30:14","slug":"presentacion-libro-vision-fotografica-y-lenguaje-visual-de-gabriel-brau-photobat","status":"publish","type":"post","link":"https:\/\/blog.federacionfotovasca.org\/eu\/presentacion-libro-vision-fotografica-y-lenguaje-visual-de-gabriel-brau-photobat\/","title":{"rendered":"Presentaci\u00f3n Libro VISI\u00d3N FOTOGR\u00c1FICA Y LENGUAJE VISUAL de Gabriel Brau &#8211; PHOTOBAT"},"content":{"rendered":"<p><a href=\"http:\/\/www.photobat.org\/\" target=\"_blank\" rel=\"noopener noreferrer\"><img loading=\"lazy\" decoding=\"async\" class=\"alignnone size-full wp-image-12775\" src=\"https:\/\/www.federacionfotovasca.org\/wp-content\/uploads\/2017\/05\/PHOTOBAT.jpg\" alt=\"\" width=\"1104\" height=\"108\" srcset=\"https:\/\/blog.federacionfotovasca.org\/wp-content\/uploads\/2017\/05\/PHOTOBAT.jpg 1104w, https:\/\/blog.federacionfotovasca.org\/wp-content\/uploads\/2017\/05\/PHOTOBAT-300x29.jpg 300w, https:\/\/blog.federacionfotovasca.org\/wp-content\/uploads\/2017\/05\/PHOTOBAT-620x61.jpg 620w, https:\/\/blog.federacionfotovasca.org\/wp-content\/uploads\/2017\/05\/PHOTOBAT-768x75.jpg 768w, https:\/\/blog.federacionfotovasca.org\/wp-content\/uploads\/2017\/05\/PHOTOBAT-940x92.jpg 940w\" sizes=\"auto, (max-width: 1104px) 100vw, 1104px\" \/><\/a><\/p>\n<p>El fot\u00f3grafo Gabriel Brau Gelabert presenta su \u00faltimo libro, publicado por TerraNatio, que lleva por t\u00edtulo \u2018Visi\u00f3n Fotogr\u00e1fica y Lenguaje Visual\u2019\u00a0 y que trata sobre el pensamiento visual, y la construcci\u00f3n y lectura de la imagen fotogr\u00e1fica.<br \/>\n\u2022\u00a0\u00a0\u00a0\u00a0\u00a0\u00a0 El acto organizado por la Federaci\u00f3n de Agrupaciones Fotogr\u00e1ficas del Pa\u00eds Vasco tendr\u00e1 lugar el pr\u00f3ximo miercoles 17 de mayo en el Club Social de BBK en Bilbao, en Bailen, n\u00ba 7 bis bajo.<br \/>\n\u2022\u00a0\u00a0\u00a0\u00a0\u00a0\u00a0 La presentaci\u00f3n, que comenzar\u00e1 a las 19.30 horas contar\u00e1 con la presencia del autor, para la firma de ejemplares.<br \/>\nEl acto estar\u00e1 abierto al p\u00fablico hasta completar el aforo<br \/>\nMayo 2017. \u00bfC\u00f3mo se construye una mirada fotogr\u00e1fica? \u00bfCu\u00e1l es el secreto de que una fotograf\u00eda se asiente en la memoria? \u00bfC\u00f3mo pensamos visualmente?<span style=\"color: #333333;\">\u00a0 <\/span>A estas y otras preguntas da respuesta Gabriel Brau Gelabert en el libro \u201cVisi\u00f3n Fotogr\u00e1fica y Lenguaje Visual\u201d que se presenta el pr\u00f3ximo mi\u00e9rcoles\u00a0 <span style=\"color: #00ff00;\">17 de mayo<\/span> en el Club Social de BBK en Bilbao, en Bailen, n\u00ba 7 bis bajo, a partir de las 19:30 horas.<\/p>\n<p><span style=\"color: #333333;\">.<\/span><br \/>\nNacido en Cardedeu (Barcelona) en 1957, Gabriel Brau Gelabert es un fot\u00f3grafo de reconocido prestigio. De formaci\u00f3n autodidacta, su trayectoria profesional se remonta a 1989. Despu\u00e9s de desarrollar su trabajo en los \u00e1mbitos de la fotograf\u00eda industrial, comercial y publicitaria, en los \u00faltimos a\u00f1os ha centrado su actividad profesional en la docencia, impartiendo cursos y talleres por toda la geograf\u00eda espa\u00f1ola y tambi\u00e9n en el extranjero. Entre otras distinciones, en el 2007 fue reconocido con el Premio Nacional de Fotograf\u00eda por la Confederaci\u00f3n Espa\u00f1ola de Fotograf\u00eda. Es autor de varios libros: &#8216;Luces de \u00c1frica&#8217; (2008), &#8216;De la captura de imagen a la impresi\u00f3n fotogr\u00e1fica&#8217; (2011) y &#8216;Jazzlights&#8217; (2012).<br \/>\nCon un planteamiento did\u00e1ctico y ameno, <span style=\"color: #ff6600;\">Gabriel Brau Gelabert<\/span> propone en \u201cVisi\u00f3n Fotogr\u00e1fica y Lenguaje Visual\u201d una constante reflexi\u00f3n sobre la construcci\u00f3n de im\u00e1genes por medio de la fotograf\u00eda, sobre los elementos que la integran, y sobre c\u00f3mo se relacionan entre s\u00ed para mostrar adecuadamente todo aquello que queremos transmitir a trav\u00e9s de ellas. Sobre el comportamiento de nuestros ojos, nuestro cerebro y nuestro coraz\u00f3n frente al mundo que nos rodea y que queremos fotografiar. <a href=\"https:\/\/www.federacionfotovasca.org\/wp-content\/uploads\/2017\/05\/Presentacion-Bilbao-alta.jpeg\" target=\"_blank\" rel=\"noopener noreferrer\"><img loading=\"lazy\" decoding=\"async\" class=\"alignright wp-image-12717 size-full\" src=\"https:\/\/www.federacionfotovasca.org\/wp-content\/uploads\/2017\/05\/Presentacion-Bilbao-alta.jpeg\" alt=\"\" width=\"320\" height=\"226\" srcset=\"https:\/\/blog.federacionfotovasca.org\/wp-content\/uploads\/2017\/05\/Presentacion-Bilbao-alta.jpeg 320w, https:\/\/blog.federacionfotovasca.org\/wp-content\/uploads\/2017\/05\/Presentacion-Bilbao-alta-300x212.jpeg 300w\" sizes=\"auto, (max-width: 320px) 100vw, 320px\" \/><\/a><\/p>\n<p>\u201cLa mirada del fot\u00f3grafo ha sido siempre diferente al resto de las miradas\u201d, dice Gabriel Brau en el pr\u00f3logo del libro. \u201cEs una mirada selectiva, que parte de la percepci\u00f3n, la sensibilidad y la experiencia; una mirada profunda y comprometida, que transforma el mundo y representa la vida en im\u00e1genes, para que \u00e9stas, a su vez, puedan volver a ser miradas y reinterpretadas\u201d.<br \/>\n\u201cLa fotograf\u00eda es el \u00fanico medio de expresi\u00f3n visual que es capaz de manejar y relacionar los conceptos tiempo y espacio, y que nos permite fijar un instante. Los fot\u00f3grafos jugamos con cosas que desaparecen y que no van a revivir; cosas que persisten tan solo una fracci\u00f3n de segundo, pues aquello que se va lo hace para siempre\u201d, razona el autor.<br \/>\nY del mismo modo que un m\u00fasico es algo m\u00e1s que alguien que produce notas con un instrumento musical, ser usuario de una c\u00e1mara fotogr\u00e1fica no te convierte en fot\u00f3grafo. Y ah\u00ed es donde reside el valor de la obra \u201cVisi\u00f3n Fotogr\u00e1fica y Lenguaje Visual\u201d, que la editorial Nueva Econom\u00eda Social y Terra Natio presentan hoy en Donostia.<br \/>\nActo: Presentaci\u00f3n del libro \u201cVisi\u00f3n Fotogr\u00e1fica y Lenguaje Visual\u201d de Gabriel Brau Gelabert.<\/p>\n<p>Fecha: Mi\u00e9rcoles, 17 de Mayo.<br \/>\nLugar: Club Social BBK<br \/>\nHorario: 19.30 horas Contacto: Juan Armentia<br \/>\n( Presidente de la FAFPV)<br \/>\nTel\u00e9fono: 656 415359<br \/>\nMail: foto@juanarmentia.com<\/p>\n","protected":false},"excerpt":{"rendered":"<p>El fot\u00f3grafo Gabriel Brau Gelabert presenta su \u00faltimo libro, publicado por TerraNatio, que lleva por t\u00edtulo \u2018Visi\u00f3n Fotogr\u00e1fica y Lenguaje Visual\u2019\u00a0 y que trata sobre el pensamiento visual, y la construcci\u00f3n y lectura de la imagen fotogr\u00e1fica. \u2022\u00a0\u00a0\u00a0\u00a0\u00a0\u00a0 El acto &hellip; <a href=\"https:\/\/blog.federacionfotovasca.org\/eu\/presentacion-libro-vision-fotografica-y-lenguaje-visual-de-gabriel-brau-photobat\/\">Continue reading <span class=\"meta-nav\">&rarr;<\/span><\/a><\/p>\n","protected":false},"author":1,"featured_media":0,"comment_status":"open","ping_status":"open","sticky":false,"template":"","format":"standard","meta":{"footnotes":""},"categories":[3,305],"tags":[41,424,176,71],"class_list":["post-12773","post","type-post","status-publish","format-standard","hentry","category-fotografos","category-presentacion","tag-bilbao","tag-fotografs","tag-gabriel-brau","tag-libro"],"_links":{"self":[{"href":"https:\/\/blog.federacionfotovasca.org\/eu\/wp-json\/wp\/v2\/posts\/12773","targetHints":{"allow":["GET"]}}],"collection":[{"href":"https:\/\/blog.federacionfotovasca.org\/eu\/wp-json\/wp\/v2\/posts"}],"about":[{"href":"https:\/\/blog.federacionfotovasca.org\/eu\/wp-json\/wp\/v2\/types\/post"}],"author":[{"embeddable":true,"href":"https:\/\/blog.federacionfotovasca.org\/eu\/wp-json\/wp\/v2\/users\/1"}],"replies":[{"embeddable":true,"href":"https:\/\/blog.federacionfotovasca.org\/eu\/wp-json\/wp\/v2\/comments?post=12773"}],"version-history":[{"count":1,"href":"https:\/\/blog.federacionfotovasca.org\/eu\/wp-json\/wp\/v2\/posts\/12773\/revisions"}],"predecessor-version":[{"id":12787,"href":"https:\/\/blog.federacionfotovasca.org\/eu\/wp-json\/wp\/v2\/posts\/12773\/revisions\/12787"}],"wp:attachment":[{"href":"https:\/\/blog.federacionfotovasca.org\/eu\/wp-json\/wp\/v2\/media?parent=12773"}],"wp:term":[{"taxonomy":"category","embeddable":true,"href":"https:\/\/blog.federacionfotovasca.org\/eu\/wp-json\/wp\/v2\/categories?post=12773"},{"taxonomy":"post_tag","embeddable":true,"href":"https:\/\/blog.federacionfotovasca.org\/eu\/wp-json\/wp\/v2\/tags?post=12773"}],"curies":[{"name":"wp","href":"https:\/\/api.w.org\/{rel}","templated":true}]}}