{"id":12840,"date":"2017-06-02T13:00:44","date_gmt":"2017-06-02T11:00:44","guid":{"rendered":"https:\/\/www.federacionfotovasca.org\/?p=12840"},"modified":"2017-06-02T12:59:07","modified_gmt":"2017-06-02T10:59:07","slug":"congreso-en-gernika-2017","status":"publish","type":"post","link":"https:\/\/blog.federacionfotovasca.org\/eu\/congreso-en-gernika-2017\/","title":{"rendered":"Congreso en Gernika 2017 &#8211; Nuevas fotograf\u00edas"},"content":{"rendered":"<p><a href=\"https:\/\/photoka.eus\/\" target=\"_blank\" rel=\"noopener noreferrer\"><img loading=\"lazy\" decoding=\"async\" class=\"size-full wp-image-12443 aligncenter\" src=\"https:\/\/www.federacionfotovasca.org\/wp-content\/uploads\/2017\/03\/Photoka-Gernika.jpg\" alt=\"\" width=\"510\" height=\"97\" srcset=\"https:\/\/blog.federacionfotovasca.org\/wp-content\/uploads\/2017\/03\/Photoka-Gernika.jpg 510w, https:\/\/blog.federacionfotovasca.org\/wp-content\/uploads\/2017\/03\/Photoka-Gernika-300x57.jpg 300w\" sizes=\"auto, (max-width: 510px) 100vw, 510px\" \/><\/a><\/p>\n<p style=\"text-align: center;\">Nuevas fotograf\u00edas de los compa\u00f1eros de Gernika, de <span style=\"color: #ff6600;\">Jose Ram\u00f3n Erezuma<\/span> en Flickr: <a href=\"https:\/\/www.flickr.com\/photos\/ehate\/albums\/with\/72157682198277130\" target=\"_blank\" rel=\"noopener noreferrer\"><img loading=\"lazy\" decoding=\"async\" class=\"alignnone size-full wp-image-12938\" src=\"https:\/\/www.federacionfotovasca.org\/wp-content\/uploads\/2017\/05\/Flickr.jpg\" alt=\"\" width=\"202\" height=\"49\" \/><\/a><\/p>\n<p style=\"text-align: center;\">Un a\u00f1o m\u00e1s se clausura un nuevo Congreso y esta vez desde Gernika y con el invitado de honor Gabriel Brau. Gracias a todos por vuestra participaci\u00f3n. \u00a1Sin vosotros, \u00e9sto no hubiera sido posible!<\/p>\n<p><a href=\"https:\/\/www.federacionfotovasca.org\/wp-content\/uploads\/2017\/05\/Congreso-Gernika-2017-05-20-13-33-36_543.jpg\" target=\"_blank\" rel=\"noopener noreferrer\"><img loading=\"lazy\" decoding=\"async\" class=\"wp-image-12927 alignleft\" src=\"https:\/\/www.federacionfotovasca.org\/wp-content\/uploads\/2017\/05\/Congreso-Gernika-2017-05-20-13-33-36_543.jpg\" alt=\"\" width=\"427\" height=\"285\" srcset=\"https:\/\/blog.federacionfotovasca.org\/wp-content\/uploads\/2017\/05\/Congreso-Gernika-2017-05-20-13-33-36_543.jpg 4493w, https:\/\/blog.federacionfotovasca.org\/wp-content\/uploads\/2017\/05\/Congreso-Gernika-2017-05-20-13-33-36_543-300x200.jpg 300w, https:\/\/blog.federacionfotovasca.org\/wp-content\/uploads\/2017\/05\/Congreso-Gernika-2017-05-20-13-33-36_543-620x413.jpg 620w, https:\/\/blog.federacionfotovasca.org\/wp-content\/uploads\/2017\/05\/Congreso-Gernika-2017-05-20-13-33-36_543-768x512.jpg 768w, https:\/\/blog.federacionfotovasca.org\/wp-content\/uploads\/2017\/05\/Congreso-Gernika-2017-05-20-13-33-36_543-940x627.jpg 940w\" sizes=\"auto, (max-width: 427px) 100vw, 427px\" \/><\/a><a href=\"https:\/\/www.federacionfotovasca.org\/wp-content\/uploads\/2017\/05\/Congreso-Gernika_2017-05-20-12-04-04_336-copia.jpg\" target=\"_blank\" rel=\"noopener noreferrer\"><img loading=\"lazy\" decoding=\"async\" class=\"wp-image-12844 alignright\" src=\"https:\/\/www.federacionfotovasca.org\/wp-content\/uploads\/2017\/05\/Congreso-Gernika_2017-05-20-12-04-04_336-copia.jpg\" alt=\"\" width=\"428\" height=\"285\" srcset=\"https:\/\/blog.federacionfotovasca.org\/wp-content\/uploads\/2017\/05\/Congreso-Gernika_2017-05-20-12-04-04_336-copia.jpg 4493w, https:\/\/blog.federacionfotovasca.org\/wp-content\/uploads\/2017\/05\/Congreso-Gernika_2017-05-20-12-04-04_336-copia-300x200.jpg 300w, https:\/\/blog.federacionfotovasca.org\/wp-content\/uploads\/2017\/05\/Congreso-Gernika_2017-05-20-12-04-04_336-copia-620x413.jpg 620w, https:\/\/blog.federacionfotovasca.org\/wp-content\/uploads\/2017\/05\/Congreso-Gernika_2017-05-20-12-04-04_336-copia-768x512.jpg 768w, https:\/\/blog.federacionfotovasca.org\/wp-content\/uploads\/2017\/05\/Congreso-Gernika_2017-05-20-12-04-04_336-copia-940x627.jpg 940w\" sizes=\"auto, (max-width: 428px) 100vw, 428px\" \/><\/a><\/p>\n<p><a href=\"https:\/\/www.federacionfotovasca.org\/wp-content\/uploads\/2017\/05\/Congreso-Gernika_2017-05-20-11-52-33_301-copia.jpg\" target=\"_blank\" rel=\"noopener noreferrer\"><img loading=\"lazy\" decoding=\"async\" class=\"alignnone wp-image-12841\" src=\"https:\/\/www.federacionfotovasca.org\/wp-content\/uploads\/2017\/05\/Congreso-Gernika_2017-05-20-11-52-33_301-copia.jpg\" alt=\"\" width=\"173\" height=\"115\" srcset=\"https:\/\/blog.federacionfotovasca.org\/wp-content\/uploads\/2017\/05\/Congreso-Gernika_2017-05-20-11-52-33_301-copia.jpg 4493w, https:\/\/blog.federacionfotovasca.org\/wp-content\/uploads\/2017\/05\/Congreso-Gernika_2017-05-20-11-52-33_301-copia-300x200.jpg 300w, https:\/\/blog.federacionfotovasca.org\/wp-content\/uploads\/2017\/05\/Congreso-Gernika_2017-05-20-11-52-33_301-copia-620x413.jpg 620w, https:\/\/blog.federacionfotovasca.org\/wp-content\/uploads\/2017\/05\/Congreso-Gernika_2017-05-20-11-52-33_301-copia-768x512.jpg 768w, https:\/\/blog.federacionfotovasca.org\/wp-content\/uploads\/2017\/05\/Congreso-Gernika_2017-05-20-11-52-33_301-copia-940x627.jpg 940w\" sizes=\"auto, (max-width: 173px) 100vw, 173px\" \/><\/a> <a href=\"https:\/\/www.federacionfotovasca.org\/wp-content\/uploads\/2017\/05\/Congreso-Gernika_2017-05-20-11-57-03_312-copia.jpg\" target=\"_blank\" rel=\"noopener noreferrer\"><img loading=\"lazy\" decoding=\"async\" class=\"alignnone wp-image-12842\" src=\"https:\/\/www.federacionfotovasca.org\/wp-content\/uploads\/2017\/05\/Congreso-Gernika_2017-05-20-11-57-03_312-copia.jpg\" alt=\"\" width=\"173\" height=\"115\" srcset=\"https:\/\/blog.federacionfotovasca.org\/wp-content\/uploads\/2017\/05\/Congreso-Gernika_2017-05-20-11-57-03_312-copia.jpg 4493w, https:\/\/blog.federacionfotovasca.org\/wp-content\/uploads\/2017\/05\/Congreso-Gernika_2017-05-20-11-57-03_312-copia-300x200.jpg 300w, https:\/\/blog.federacionfotovasca.org\/wp-content\/uploads\/2017\/05\/Congreso-Gernika_2017-05-20-11-57-03_312-copia-620x413.jpg 620w, https:\/\/blog.federacionfotovasca.org\/wp-content\/uploads\/2017\/05\/Congreso-Gernika_2017-05-20-11-57-03_312-copia-768x512.jpg 768w, https:\/\/blog.federacionfotovasca.org\/wp-content\/uploads\/2017\/05\/Congreso-Gernika_2017-05-20-11-57-03_312-copia-940x627.jpg 940w\" sizes=\"auto, (max-width: 173px) 100vw, 173px\" \/><\/a> <a href=\"https:\/\/www.federacionfotovasca.org\/wp-content\/uploads\/2017\/05\/Congreso-Gernika_2017-05-20-11-59-44_324-copia.jpg\" target=\"_blank\" rel=\"noopener noreferrer\"><img loading=\"lazy\" decoding=\"async\" class=\"alignnone wp-image-12843\" src=\"https:\/\/www.federacionfotovasca.org\/wp-content\/uploads\/2017\/05\/Congreso-Gernika_2017-05-20-11-59-44_324-copia.jpg\" alt=\"\" width=\"173\" height=\"115\" srcset=\"https:\/\/blog.federacionfotovasca.org\/wp-content\/uploads\/2017\/05\/Congreso-Gernika_2017-05-20-11-59-44_324-copia.jpg 4493w, https:\/\/blog.federacionfotovasca.org\/wp-content\/uploads\/2017\/05\/Congreso-Gernika_2017-05-20-11-59-44_324-copia-300x200.jpg 300w, https:\/\/blog.federacionfotovasca.org\/wp-content\/uploads\/2017\/05\/Congreso-Gernika_2017-05-20-11-59-44_324-copia-620x413.jpg 620w, https:\/\/blog.federacionfotovasca.org\/wp-content\/uploads\/2017\/05\/Congreso-Gernika_2017-05-20-11-59-44_324-copia-768x512.jpg 768w, https:\/\/blog.federacionfotovasca.org\/wp-content\/uploads\/2017\/05\/Congreso-Gernika_2017-05-20-11-59-44_324-copia-940x627.jpg 940w\" sizes=\"auto, (max-width: 173px) 100vw, 173px\" \/><\/a> <a href=\"https:\/\/www.federacionfotovasca.org\/wp-content\/uploads\/2017\/05\/Congreso-Gernika_2017-05-20-12-19-09_342-copia.jpg\" target=\"_blank\" rel=\"noopener noreferrer\"><img loading=\"lazy\" decoding=\"async\" class=\"alignnone wp-image-12845\" src=\"https:\/\/www.federacionfotovasca.org\/wp-content\/uploads\/2017\/05\/Congreso-Gernika_2017-05-20-12-19-09_342-copia.jpg\" alt=\"\" width=\"173\" height=\"115\" srcset=\"https:\/\/blog.federacionfotovasca.org\/wp-content\/uploads\/2017\/05\/Congreso-Gernika_2017-05-20-12-19-09_342-copia.jpg 4493w, https:\/\/blog.federacionfotovasca.org\/wp-content\/uploads\/2017\/05\/Congreso-Gernika_2017-05-20-12-19-09_342-copia-300x200.jpg 300w, https:\/\/blog.federacionfotovasca.org\/wp-content\/uploads\/2017\/05\/Congreso-Gernika_2017-05-20-12-19-09_342-copia-620x413.jpg 620w, https:\/\/blog.federacionfotovasca.org\/wp-content\/uploads\/2017\/05\/Congreso-Gernika_2017-05-20-12-19-09_342-copia-768x512.jpg 768w, https:\/\/blog.federacionfotovasca.org\/wp-content\/uploads\/2017\/05\/Congreso-Gernika_2017-05-20-12-19-09_342-copia-940x627.jpg 940w\" sizes=\"auto, (max-width: 173px) 100vw, 173px\" \/><\/a> <a href=\"https:\/\/www.federacionfotovasca.org\/wp-content\/uploads\/2017\/05\/Congreso-Gernika_2017-05-20-12-21-57_353-copia.jpg\" target=\"_blank\" rel=\"noopener noreferrer\"><img loading=\"lazy\" decoding=\"async\" class=\"alignnone wp-image-12846\" src=\"https:\/\/www.federacionfotovasca.org\/wp-content\/uploads\/2017\/05\/Congreso-Gernika_2017-05-20-12-21-57_353-copia.jpg\" alt=\"\" width=\"76\" height=\"114\" srcset=\"https:\/\/blog.federacionfotovasca.org\/wp-content\/uploads\/2017\/05\/Congreso-Gernika_2017-05-20-12-21-57_353-copia.jpg 2995w, https:\/\/blog.federacionfotovasca.org\/wp-content\/uploads\/2017\/05\/Congreso-Gernika_2017-05-20-12-21-57_353-copia-300x450.jpg 300w, https:\/\/blog.federacionfotovasca.org\/wp-content\/uploads\/2017\/05\/Congreso-Gernika_2017-05-20-12-21-57_353-copia-620x930.jpg 620w, https:\/\/blog.federacionfotovasca.org\/wp-content\/uploads\/2017\/05\/Congreso-Gernika_2017-05-20-12-21-57_353-copia-768x1152.jpg 768w, https:\/\/blog.federacionfotovasca.org\/wp-content\/uploads\/2017\/05\/Congreso-Gernika_2017-05-20-12-21-57_353-copia-940x1410.jpg 940w\" sizes=\"auto, (max-width: 76px) 100vw, 76px\" \/><\/a> <a href=\"https:\/\/www.federacionfotovasca.org\/wp-content\/uploads\/2017\/05\/Congreso-Gernika_2017-05-20-12-24-39_359.jpg\" target=\"_blank\" rel=\"noopener noreferrer\"><img loading=\"lazy\" decoding=\"async\" class=\"alignnone wp-image-12920 \" src=\"https:\/\/www.federacionfotovasca.org\/wp-content\/uploads\/2017\/05\/Congreso-Gernika_2017-05-20-12-24-39_359.jpg\" alt=\"\" width=\"174\" height=\"116\" srcset=\"https:\/\/blog.federacionfotovasca.org\/wp-content\/uploads\/2017\/05\/Congreso-Gernika_2017-05-20-12-24-39_359.jpg 4493w, https:\/\/blog.federacionfotovasca.org\/wp-content\/uploads\/2017\/05\/Congreso-Gernika_2017-05-20-12-24-39_359-300x200.jpg 300w, https:\/\/blog.federacionfotovasca.org\/wp-content\/uploads\/2017\/05\/Congreso-Gernika_2017-05-20-12-24-39_359-620x413.jpg 620w, https:\/\/blog.federacionfotovasca.org\/wp-content\/uploads\/2017\/05\/Congreso-Gernika_2017-05-20-12-24-39_359-768x512.jpg 768w, https:\/\/blog.federacionfotovasca.org\/wp-content\/uploads\/2017\/05\/Congreso-Gernika_2017-05-20-12-24-39_359-940x627.jpg 940w\" sizes=\"auto, (max-width: 174px) 100vw, 174px\" \/><\/a> <a href=\"https:\/\/www.federacionfotovasca.org\/wp-content\/uploads\/2017\/05\/Congreso-Gernika_2017-05-20-12-27-01_362-copia.jpg\" target=\"_blank\" rel=\"noopener noreferrer\"><img loading=\"lazy\" decoding=\"async\" class=\"alignnone wp-image-12848\" src=\"https:\/\/www.federacionfotovasca.org\/wp-content\/uploads\/2017\/05\/Congreso-Gernika_2017-05-20-12-27-01_362-copia.jpg\" alt=\"\" width=\"171\" height=\"114\" srcset=\"https:\/\/blog.federacionfotovasca.org\/wp-content\/uploads\/2017\/05\/Congreso-Gernika_2017-05-20-12-27-01_362-copia.jpg 4493w, https:\/\/blog.federacionfotovasca.org\/wp-content\/uploads\/2017\/05\/Congreso-Gernika_2017-05-20-12-27-01_362-copia-300x200.jpg 300w, https:\/\/blog.federacionfotovasca.org\/wp-content\/uploads\/2017\/05\/Congreso-Gernika_2017-05-20-12-27-01_362-copia-620x413.jpg 620w, https:\/\/blog.federacionfotovasca.org\/wp-content\/uploads\/2017\/05\/Congreso-Gernika_2017-05-20-12-27-01_362-copia-768x512.jpg 768w, https:\/\/blog.federacionfotovasca.org\/wp-content\/uploads\/2017\/05\/Congreso-Gernika_2017-05-20-12-27-01_362-copia-940x627.jpg 940w\" sizes=\"auto, (max-width: 171px) 100vw, 171px\" \/><\/a> <a href=\"https:\/\/www.federacionfotovasca.org\/wp-content\/uploads\/2017\/05\/Congreso-Gernika_2017-05-20-12-41-24_395-copia.jpg\" target=\"_blank\" rel=\"noopener noreferrer\"><img loading=\"lazy\" decoding=\"async\" class=\"alignnone wp-image-12849\" src=\"https:\/\/www.federacionfotovasca.org\/wp-content\/uploads\/2017\/05\/Congreso-Gernika_2017-05-20-12-41-24_395-copia.jpg\" alt=\"\" width=\"171\" height=\"114\" srcset=\"https:\/\/blog.federacionfotovasca.org\/wp-content\/uploads\/2017\/05\/Congreso-Gernika_2017-05-20-12-41-24_395-copia.jpg 4493w, https:\/\/blog.federacionfotovasca.org\/wp-content\/uploads\/2017\/05\/Congreso-Gernika_2017-05-20-12-41-24_395-copia-300x200.jpg 300w, https:\/\/blog.federacionfotovasca.org\/wp-content\/uploads\/2017\/05\/Congreso-Gernika_2017-05-20-12-41-24_395-copia-620x413.jpg 620w, https:\/\/blog.federacionfotovasca.org\/wp-content\/uploads\/2017\/05\/Congreso-Gernika_2017-05-20-12-41-24_395-copia-768x512.jpg 768w, https:\/\/blog.federacionfotovasca.org\/wp-content\/uploads\/2017\/05\/Congreso-Gernika_2017-05-20-12-41-24_395-copia-940x627.jpg 940w\" sizes=\"auto, (max-width: 171px) 100vw, 171px\" \/><\/a> <a href=\"https:\/\/www.federacionfotovasca.org\/wp-content\/uploads\/2017\/05\/Congreso-Gernika_2017-05-20-12-42-19_398-copia.jpg\" target=\"_blank\" rel=\"noopener noreferrer\"><img loading=\"lazy\" decoding=\"async\" class=\"alignnone wp-image-12850\" src=\"https:\/\/www.federacionfotovasca.org\/wp-content\/uploads\/2017\/05\/Congreso-Gernika_2017-05-20-12-42-19_398-copia.jpg\" alt=\"\" width=\"173\" height=\"115\" srcset=\"https:\/\/blog.federacionfotovasca.org\/wp-content\/uploads\/2017\/05\/Congreso-Gernika_2017-05-20-12-42-19_398-copia.jpg 4493w, https:\/\/blog.federacionfotovasca.org\/wp-content\/uploads\/2017\/05\/Congreso-Gernika_2017-05-20-12-42-19_398-copia-300x200.jpg 300w, https:\/\/blog.federacionfotovasca.org\/wp-content\/uploads\/2017\/05\/Congreso-Gernika_2017-05-20-12-42-19_398-copia-620x413.jpg 620w, https:\/\/blog.federacionfotovasca.org\/wp-content\/uploads\/2017\/05\/Congreso-Gernika_2017-05-20-12-42-19_398-copia-768x512.jpg 768w, https:\/\/blog.federacionfotovasca.org\/wp-content\/uploads\/2017\/05\/Congreso-Gernika_2017-05-20-12-42-19_398-copia-940x627.jpg 940w\" sizes=\"auto, (max-width: 173px) 100vw, 173px\" \/><\/a> <a href=\"https:\/\/www.federacionfotovasca.org\/wp-content\/uploads\/2017\/05\/Congreso-Gernika_2017-05-20-12-42-43_402-copia.jpg\" target=\"_blank\" rel=\"noopener noreferrer\"><img loading=\"lazy\" decoding=\"async\" class=\"alignnone wp-image-12851\" src=\"https:\/\/www.federacionfotovasca.org\/wp-content\/uploads\/2017\/05\/Congreso-Gernika_2017-05-20-12-42-43_402-copia.jpg\" alt=\"\" width=\"173\" height=\"115\" srcset=\"https:\/\/blog.federacionfotovasca.org\/wp-content\/uploads\/2017\/05\/Congreso-Gernika_2017-05-20-12-42-43_402-copia.jpg 4493w, https:\/\/blog.federacionfotovasca.org\/wp-content\/uploads\/2017\/05\/Congreso-Gernika_2017-05-20-12-42-43_402-copia-300x200.jpg 300w, https:\/\/blog.federacionfotovasca.org\/wp-content\/uploads\/2017\/05\/Congreso-Gernika_2017-05-20-12-42-43_402-copia-620x413.jpg 620w, https:\/\/blog.federacionfotovasca.org\/wp-content\/uploads\/2017\/05\/Congreso-Gernika_2017-05-20-12-42-43_402-copia-768x512.jpg 768w, https:\/\/blog.federacionfotovasca.org\/wp-content\/uploads\/2017\/05\/Congreso-Gernika_2017-05-20-12-42-43_402-copia-940x627.jpg 940w\" sizes=\"auto, (max-width: 173px) 100vw, 173px\" \/><\/a> <a href=\"https:\/\/www.federacionfotovasca.org\/wp-content\/uploads\/2017\/05\/Congreso-Gernika_2017-05-20-12-50-35_434-copia.jpg\" target=\"_blank\" rel=\"noopener noreferrer\"><img loading=\"lazy\" decoding=\"async\" class=\"alignnone wp-image-12852\" src=\"https:\/\/www.federacionfotovasca.org\/wp-content\/uploads\/2017\/05\/Congreso-Gernika_2017-05-20-12-50-35_434-copia.jpg\" alt=\"\" width=\"171\" height=\"114\" srcset=\"https:\/\/blog.federacionfotovasca.org\/wp-content\/uploads\/2017\/05\/Congreso-Gernika_2017-05-20-12-50-35_434-copia.jpg 4493w, https:\/\/blog.federacionfotovasca.org\/wp-content\/uploads\/2017\/05\/Congreso-Gernika_2017-05-20-12-50-35_434-copia-300x200.jpg 300w, https:\/\/blog.federacionfotovasca.org\/wp-content\/uploads\/2017\/05\/Congreso-Gernika_2017-05-20-12-50-35_434-copia-620x413.jpg 620w, https:\/\/blog.federacionfotovasca.org\/wp-content\/uploads\/2017\/05\/Congreso-Gernika_2017-05-20-12-50-35_434-copia-768x512.jpg 768w, https:\/\/blog.federacionfotovasca.org\/wp-content\/uploads\/2017\/05\/Congreso-Gernika_2017-05-20-12-50-35_434-copia-940x627.jpg 940w\" sizes=\"auto, (max-width: 171px) 100vw, 171px\" \/><\/a> <a href=\"https:\/\/www.federacionfotovasca.org\/wp-content\/uploads\/2017\/05\/Congreso-Gernika_2017-05-20-12-50-43_435-copia.jpg\" target=\"_blank\" rel=\"noopener noreferrer\"><img loading=\"lazy\" decoding=\"async\" class=\"alignnone wp-image-12853\" src=\"https:\/\/www.federacionfotovasca.org\/wp-content\/uploads\/2017\/05\/Congreso-Gernika_2017-05-20-12-50-43_435-copia.jpg\" alt=\"\" width=\"173\" height=\"115\" srcset=\"https:\/\/blog.federacionfotovasca.org\/wp-content\/uploads\/2017\/05\/Congreso-Gernika_2017-05-20-12-50-43_435-copia.jpg 4493w, https:\/\/blog.federacionfotovasca.org\/wp-content\/uploads\/2017\/05\/Congreso-Gernika_2017-05-20-12-50-43_435-copia-300x200.jpg 300w, https:\/\/blog.federacionfotovasca.org\/wp-content\/uploads\/2017\/05\/Congreso-Gernika_2017-05-20-12-50-43_435-copia-620x413.jpg 620w, https:\/\/blog.federacionfotovasca.org\/wp-content\/uploads\/2017\/05\/Congreso-Gernika_2017-05-20-12-50-43_435-copia-768x512.jpg 768w, https:\/\/blog.federacionfotovasca.org\/wp-content\/uploads\/2017\/05\/Congreso-Gernika_2017-05-20-12-50-43_435-copia-940x627.jpg 940w\" sizes=\"auto, (max-width: 173px) 100vw, 173px\" \/><\/a> <a href=\"https:\/\/www.federacionfotovasca.org\/wp-content\/uploads\/2017\/05\/Congreso-Gernika_2017-05-20-12-51-43_440-copia.jpg\" target=\"_blank\" rel=\"noopener noreferrer\"><img loading=\"lazy\" decoding=\"async\" class=\"alignnone wp-image-12854\" src=\"https:\/\/www.federacionfotovasca.org\/wp-content\/uploads\/2017\/05\/Congreso-Gernika_2017-05-20-12-51-43_440-copia.jpg\" alt=\"\" width=\"173\" height=\"115\" srcset=\"https:\/\/blog.federacionfotovasca.org\/wp-content\/uploads\/2017\/05\/Congreso-Gernika_2017-05-20-12-51-43_440-copia.jpg 4493w, https:\/\/blog.federacionfotovasca.org\/wp-content\/uploads\/2017\/05\/Congreso-Gernika_2017-05-20-12-51-43_440-copia-300x200.jpg 300w, https:\/\/blog.federacionfotovasca.org\/wp-content\/uploads\/2017\/05\/Congreso-Gernika_2017-05-20-12-51-43_440-copia-620x413.jpg 620w, https:\/\/blog.federacionfotovasca.org\/wp-content\/uploads\/2017\/05\/Congreso-Gernika_2017-05-20-12-51-43_440-copia-768x512.jpg 768w, https:\/\/blog.federacionfotovasca.org\/wp-content\/uploads\/2017\/05\/Congreso-Gernika_2017-05-20-12-51-43_440-copia-940x627.jpg 940w\" sizes=\"auto, (max-width: 173px) 100vw, 173px\" \/><\/a> <a href=\"https:\/\/www.federacionfotovasca.org\/wp-content\/uploads\/2017\/05\/Congreso-Gernika_2017-05-20-12-52-13_442-copia.jpg\" target=\"_blank\" rel=\"noopener noreferrer\"><img loading=\"lazy\" decoding=\"async\" class=\"alignnone wp-image-12855\" src=\"https:\/\/www.federacionfotovasca.org\/wp-content\/uploads\/2017\/05\/Congreso-Gernika_2017-05-20-12-52-13_442-copia.jpg\" alt=\"\" width=\"171\" height=\"114\" srcset=\"https:\/\/blog.federacionfotovasca.org\/wp-content\/uploads\/2017\/05\/Congreso-Gernika_2017-05-20-12-52-13_442-copia.jpg 4493w, https:\/\/blog.federacionfotovasca.org\/wp-content\/uploads\/2017\/05\/Congreso-Gernika_2017-05-20-12-52-13_442-copia-300x200.jpg 300w, https:\/\/blog.federacionfotovasca.org\/wp-content\/uploads\/2017\/05\/Congreso-Gernika_2017-05-20-12-52-13_442-copia-620x413.jpg 620w, https:\/\/blog.federacionfotovasca.org\/wp-content\/uploads\/2017\/05\/Congreso-Gernika_2017-05-20-12-52-13_442-copia-768x512.jpg 768w, https:\/\/blog.federacionfotovasca.org\/wp-content\/uploads\/2017\/05\/Congreso-Gernika_2017-05-20-12-52-13_442-copia-940x627.jpg 940w\" sizes=\"auto, (max-width: 171px) 100vw, 171px\" \/><\/a> <a href=\"https:\/\/www.federacionfotovasca.org\/wp-content\/uploads\/2017\/05\/Congreso-Gernika_2017-05-20-13-02-46_460-copia.jpg\" target=\"_blank\" rel=\"noopener noreferrer\"><img loading=\"lazy\" decoding=\"async\" class=\"alignnone wp-image-12856\" src=\"https:\/\/www.federacionfotovasca.org\/wp-content\/uploads\/2017\/05\/Congreso-Gernika_2017-05-20-13-02-46_460-copia.jpg\" alt=\"\" width=\"173\" height=\"115\" srcset=\"https:\/\/blog.federacionfotovasca.org\/wp-content\/uploads\/2017\/05\/Congreso-Gernika_2017-05-20-13-02-46_460-copia.jpg 4493w, https:\/\/blog.federacionfotovasca.org\/wp-content\/uploads\/2017\/05\/Congreso-Gernika_2017-05-20-13-02-46_460-copia-300x200.jpg 300w, https:\/\/blog.federacionfotovasca.org\/wp-content\/uploads\/2017\/05\/Congreso-Gernika_2017-05-20-13-02-46_460-copia-620x413.jpg 620w, https:\/\/blog.federacionfotovasca.org\/wp-content\/uploads\/2017\/05\/Congreso-Gernika_2017-05-20-13-02-46_460-copia-768x512.jpg 768w, https:\/\/blog.federacionfotovasca.org\/wp-content\/uploads\/2017\/05\/Congreso-Gernika_2017-05-20-13-02-46_460-copia-940x627.jpg 940w\" sizes=\"auto, (max-width: 173px) 100vw, 173px\" \/><\/a> <a href=\"https:\/\/www.federacionfotovasca.org\/wp-content\/uploads\/2017\/05\/Congreso-Gernika_2017-05-20-13-04-20_467-copia.jpg\" target=\"_blank\" rel=\"noopener noreferrer\"><img loading=\"lazy\" decoding=\"async\" class=\"alignnone wp-image-12857\" src=\"https:\/\/www.federacionfotovasca.org\/wp-content\/uploads\/2017\/05\/Congreso-Gernika_2017-05-20-13-04-20_467-copia.jpg\" alt=\"\" width=\"171\" height=\"114\" srcset=\"https:\/\/blog.federacionfotovasca.org\/wp-content\/uploads\/2017\/05\/Congreso-Gernika_2017-05-20-13-04-20_467-copia.jpg 4493w, https:\/\/blog.federacionfotovasca.org\/wp-content\/uploads\/2017\/05\/Congreso-Gernika_2017-05-20-13-04-20_467-copia-300x200.jpg 300w, https:\/\/blog.federacionfotovasca.org\/wp-content\/uploads\/2017\/05\/Congreso-Gernika_2017-05-20-13-04-20_467-copia-620x413.jpg 620w, https:\/\/blog.federacionfotovasca.org\/wp-content\/uploads\/2017\/05\/Congreso-Gernika_2017-05-20-13-04-20_467-copia-768x512.jpg 768w, https:\/\/blog.federacionfotovasca.org\/wp-content\/uploads\/2017\/05\/Congreso-Gernika_2017-05-20-13-04-20_467-copia-940x627.jpg 940w\" sizes=\"auto, (max-width: 171px) 100vw, 171px\" \/><\/a> <a href=\"https:\/\/www.federacionfotovasca.org\/wp-content\/uploads\/2017\/05\/Congreso-Gernika_2017-05-20-13-05-25_472-copia.jpg\" target=\"_blank\" rel=\"noopener noreferrer\"><img loading=\"lazy\" decoding=\"async\" class=\"alignnone wp-image-12858\" src=\"https:\/\/www.federacionfotovasca.org\/wp-content\/uploads\/2017\/05\/Congreso-Gernika_2017-05-20-13-05-25_472-copia.jpg\" alt=\"\" width=\"173\" height=\"115\" srcset=\"https:\/\/blog.federacionfotovasca.org\/wp-content\/uploads\/2017\/05\/Congreso-Gernika_2017-05-20-13-05-25_472-copia.jpg 4493w, https:\/\/blog.federacionfotovasca.org\/wp-content\/uploads\/2017\/05\/Congreso-Gernika_2017-05-20-13-05-25_472-copia-300x200.jpg 300w, https:\/\/blog.federacionfotovasca.org\/wp-content\/uploads\/2017\/05\/Congreso-Gernika_2017-05-20-13-05-25_472-copia-620x413.jpg 620w, https:\/\/blog.federacionfotovasca.org\/wp-content\/uploads\/2017\/05\/Congreso-Gernika_2017-05-20-13-05-25_472-copia-768x512.jpg 768w, https:\/\/blog.federacionfotovasca.org\/wp-content\/uploads\/2017\/05\/Congreso-Gernika_2017-05-20-13-05-25_472-copia-940x627.jpg 940w\" sizes=\"auto, (max-width: 173px) 100vw, 173px\" \/><\/a> <a href=\"https:\/\/www.federacionfotovasca.org\/wp-content\/uploads\/2017\/05\/Congreso-Gernika_2017-05-20-13-10-08_494-copia.jpg\" target=\"_blank\" rel=\"noopener noreferrer\"><img loading=\"lazy\" decoding=\"async\" class=\"alignnone wp-image-12861\" src=\"https:\/\/www.federacionfotovasca.org\/wp-content\/uploads\/2017\/05\/Congreso-Gernika_2017-05-20-13-10-08_494-copia.jpg\" alt=\"\" width=\"172\" height=\"115\" srcset=\"https:\/\/blog.federacionfotovasca.org\/wp-content\/uploads\/2017\/05\/Congreso-Gernika_2017-05-20-13-10-08_494-copia.jpg 4493w, https:\/\/blog.federacionfotovasca.org\/wp-content\/uploads\/2017\/05\/Congreso-Gernika_2017-05-20-13-10-08_494-copia-300x200.jpg 300w, https:\/\/blog.federacionfotovasca.org\/wp-content\/uploads\/2017\/05\/Congreso-Gernika_2017-05-20-13-10-08_494-copia-620x413.jpg 620w, https:\/\/blog.federacionfotovasca.org\/wp-content\/uploads\/2017\/05\/Congreso-Gernika_2017-05-20-13-10-08_494-copia-768x512.jpg 768w, https:\/\/blog.federacionfotovasca.org\/wp-content\/uploads\/2017\/05\/Congreso-Gernika_2017-05-20-13-10-08_494-copia-940x627.jpg 940w\" sizes=\"auto, (max-width: 172px) 100vw, 172px\" \/><\/a> <a href=\"https:\/\/www.federacionfotovasca.org\/wp-content\/uploads\/2017\/05\/Congreso-Gernika_2017-05-20-13-13-17_503-copia.jpg\" target=\"_blank\" rel=\"noopener noreferrer\"><img loading=\"lazy\" decoding=\"async\" class=\"alignnone wp-image-12862\" src=\"https:\/\/www.federacionfotovasca.org\/wp-content\/uploads\/2017\/05\/Congreso-Gernika_2017-05-20-13-13-17_503-copia.jpg\" alt=\"\" width=\"76\" height=\"114\" srcset=\"https:\/\/blog.federacionfotovasca.org\/wp-content\/uploads\/2017\/05\/Congreso-Gernika_2017-05-20-13-13-17_503-copia.jpg 2995w, https:\/\/blog.federacionfotovasca.org\/wp-content\/uploads\/2017\/05\/Congreso-Gernika_2017-05-20-13-13-17_503-copia-300x450.jpg 300w, https:\/\/blog.federacionfotovasca.org\/wp-content\/uploads\/2017\/05\/Congreso-Gernika_2017-05-20-13-13-17_503-copia-620x930.jpg 620w, https:\/\/blog.federacionfotovasca.org\/wp-content\/uploads\/2017\/05\/Congreso-Gernika_2017-05-20-13-13-17_503-copia-768x1152.jpg 768w, https:\/\/blog.federacionfotovasca.org\/wp-content\/uploads\/2017\/05\/Congreso-Gernika_2017-05-20-13-13-17_503-copia-940x1410.jpg 940w\" sizes=\"auto, (max-width: 76px) 100vw, 76px\" \/><\/a> <a href=\"https:\/\/www.federacionfotovasca.org\/wp-content\/uploads\/2017\/05\/Congreso-Gernika_2017-05-20-13-19-54_520-copia.jpg\" target=\"_blank\" rel=\"noopener noreferrer\"><img loading=\"lazy\" decoding=\"async\" class=\"alignnone wp-image-12863\" src=\"https:\/\/www.federacionfotovasca.org\/wp-content\/uploads\/2017\/05\/Congreso-Gernika_2017-05-20-13-19-54_520-copia.jpg\" alt=\"\" width=\"173\" height=\"115\" srcset=\"https:\/\/blog.federacionfotovasca.org\/wp-content\/uploads\/2017\/05\/Congreso-Gernika_2017-05-20-13-19-54_520-copia.jpg 4493w, https:\/\/blog.federacionfotovasca.org\/wp-content\/uploads\/2017\/05\/Congreso-Gernika_2017-05-20-13-19-54_520-copia-300x200.jpg 300w, https:\/\/blog.federacionfotovasca.org\/wp-content\/uploads\/2017\/05\/Congreso-Gernika_2017-05-20-13-19-54_520-copia-620x413.jpg 620w, https:\/\/blog.federacionfotovasca.org\/wp-content\/uploads\/2017\/05\/Congreso-Gernika_2017-05-20-13-19-54_520-copia-768x512.jpg 768w, https:\/\/blog.federacionfotovasca.org\/wp-content\/uploads\/2017\/05\/Congreso-Gernika_2017-05-20-13-19-54_520-copia-940x627.jpg 940w\" sizes=\"auto, (max-width: 173px) 100vw, 173px\" \/><\/a><a href=\"https:\/\/www.federacionfotovasca.org\/wp-content\/uploads\/2017\/05\/Congreso-Gernika_2017-05-20-13-31-11_540-copia.jpg\" target=\"_blank\" rel=\"noopener noreferrer\"> <img loading=\"lazy\" decoding=\"async\" class=\"alignnone wp-image-12869\" src=\"https:\/\/www.federacionfotovasca.org\/wp-content\/uploads\/2017\/05\/Congreso-Gernika_2017-05-20-13-31-11_540-copia.jpg\" alt=\"\" width=\"77\" height=\"116\" srcset=\"https:\/\/blog.federacionfotovasca.org\/wp-content\/uploads\/2017\/05\/Congreso-Gernika_2017-05-20-13-31-11_540-copia.jpg 2753w, https:\/\/blog.federacionfotovasca.org\/wp-content\/uploads\/2017\/05\/Congreso-Gernika_2017-05-20-13-31-11_540-copia-300x450.jpg 300w, https:\/\/blog.federacionfotovasca.org\/wp-content\/uploads\/2017\/05\/Congreso-Gernika_2017-05-20-13-31-11_540-copia-620x930.jpg 620w, https:\/\/blog.federacionfotovasca.org\/wp-content\/uploads\/2017\/05\/Congreso-Gernika_2017-05-20-13-31-11_540-copia-768x1152.jpg 768w, https:\/\/blog.federacionfotovasca.org\/wp-content\/uploads\/2017\/05\/Congreso-Gernika_2017-05-20-13-31-11_540-copia-940x1410.jpg 940w\" sizes=\"auto, (max-width: 77px) 100vw, 77px\" \/><\/a> <a href=\"https:\/\/www.federacionfotovasca.org\/wp-content\/uploads\/2017\/05\/Congreso-Gernika_2017-05-20-13-20-18_521-copia.jpg\"><img loading=\"lazy\" decoding=\"async\" class=\"alignnone wp-image-12864\" src=\"https:\/\/www.federacionfotovasca.org\/wp-content\/uploads\/2017\/05\/Congreso-Gernika_2017-05-20-13-20-18_521-copia.jpg\" alt=\"\" width=\"171\" height=\"114\" srcset=\"https:\/\/blog.federacionfotovasca.org\/wp-content\/uploads\/2017\/05\/Congreso-Gernika_2017-05-20-13-20-18_521-copia.jpg 4493w, https:\/\/blog.federacionfotovasca.org\/wp-content\/uploads\/2017\/05\/Congreso-Gernika_2017-05-20-13-20-18_521-copia-300x200.jpg 300w, https:\/\/blog.federacionfotovasca.org\/wp-content\/uploads\/2017\/05\/Congreso-Gernika_2017-05-20-13-20-18_521-copia-620x413.jpg 620w, https:\/\/blog.federacionfotovasca.org\/wp-content\/uploads\/2017\/05\/Congreso-Gernika_2017-05-20-13-20-18_521-copia-768x512.jpg 768w, https:\/\/blog.federacionfotovasca.org\/wp-content\/uploads\/2017\/05\/Congreso-Gernika_2017-05-20-13-20-18_521-copia-940x627.jpg 940w\" sizes=\"auto, (max-width: 171px) 100vw, 171px\" \/><\/a> <a href=\"https:\/\/www.federacionfotovasca.org\/wp-content\/uploads\/2017\/05\/Congreso-Gernika_2017-05-20-13-22-16_525-copia.jpg\" target=\"_blank\" rel=\"noopener noreferrer\"><img loading=\"lazy\" decoding=\"async\" class=\"alignnone wp-image-12865\" src=\"https:\/\/www.federacionfotovasca.org\/wp-content\/uploads\/2017\/05\/Congreso-Gernika_2017-05-20-13-22-16_525-copia.jpg\" alt=\"\" width=\"173\" height=\"115\" srcset=\"https:\/\/blog.federacionfotovasca.org\/wp-content\/uploads\/2017\/05\/Congreso-Gernika_2017-05-20-13-22-16_525-copia.jpg 4246w, https:\/\/blog.federacionfotovasca.org\/wp-content\/uploads\/2017\/05\/Congreso-Gernika_2017-05-20-13-22-16_525-copia-300x200.jpg 300w, https:\/\/blog.federacionfotovasca.org\/wp-content\/uploads\/2017\/05\/Congreso-Gernika_2017-05-20-13-22-16_525-copia-620x413.jpg 620w, https:\/\/blog.federacionfotovasca.org\/wp-content\/uploads\/2017\/05\/Congreso-Gernika_2017-05-20-13-22-16_525-copia-768x512.jpg 768w, https:\/\/blog.federacionfotovasca.org\/wp-content\/uploads\/2017\/05\/Congreso-Gernika_2017-05-20-13-22-16_525-copia-940x627.jpg 940w\" sizes=\"auto, (max-width: 173px) 100vw, 173px\" \/><\/a> <a href=\"https:\/\/www.federacionfotovasca.org\/wp-content\/uploads\/2017\/05\/Congreso-Gernika_2017-05-20-13-25-09_530-copia.jpg\" target=\"_blank\" rel=\"noopener noreferrer\"><img loading=\"lazy\" decoding=\"async\" class=\"alignnone wp-image-12866\" src=\"https:\/\/www.federacionfotovasca.org\/wp-content\/uploads\/2017\/05\/Congreso-Gernika_2017-05-20-13-25-09_530-copia.jpg\" alt=\"\" width=\"77\" height=\"116\" srcset=\"https:\/\/blog.federacionfotovasca.org\/wp-content\/uploads\/2017\/05\/Congreso-Gernika_2017-05-20-13-25-09_530-copia.jpg 2995w, https:\/\/blog.federacionfotovasca.org\/wp-content\/uploads\/2017\/05\/Congreso-Gernika_2017-05-20-13-25-09_530-copia-300x450.jpg 300w, https:\/\/blog.federacionfotovasca.org\/wp-content\/uploads\/2017\/05\/Congreso-Gernika_2017-05-20-13-25-09_530-copia-620x930.jpg 620w, https:\/\/blog.federacionfotovasca.org\/wp-content\/uploads\/2017\/05\/Congreso-Gernika_2017-05-20-13-25-09_530-copia-768x1152.jpg 768w, https:\/\/blog.federacionfotovasca.org\/wp-content\/uploads\/2017\/05\/Congreso-Gernika_2017-05-20-13-25-09_530-copia-940x1410.jpg 940w\" sizes=\"auto, (max-width: 77px) 100vw, 77px\" \/><\/a> <a href=\"https:\/\/www.federacionfotovasca.org\/wp-content\/uploads\/2017\/05\/Congreso-Gernika_2017-05-20-13-25-58_532-copia.jpg\" target=\"_blank\" rel=\"noopener noreferrer\"><img loading=\"lazy\" decoding=\"async\" class=\"alignnone wp-image-12867\" src=\"https:\/\/www.federacionfotovasca.org\/wp-content\/uploads\/2017\/05\/Congreso-Gernika_2017-05-20-13-25-58_532-copia.jpg\" alt=\"\" width=\"76\" height=\"115\" srcset=\"https:\/\/blog.federacionfotovasca.org\/wp-content\/uploads\/2017\/05\/Congreso-Gernika_2017-05-20-13-25-58_532-copia.jpg 2995w, https:\/\/blog.federacionfotovasca.org\/wp-content\/uploads\/2017\/05\/Congreso-Gernika_2017-05-20-13-25-58_532-copia-300x450.jpg 300w, https:\/\/blog.federacionfotovasca.org\/wp-content\/uploads\/2017\/05\/Congreso-Gernika_2017-05-20-13-25-58_532-copia-620x930.jpg 620w, https:\/\/blog.federacionfotovasca.org\/wp-content\/uploads\/2017\/05\/Congreso-Gernika_2017-05-20-13-25-58_532-copia-768x1152.jpg 768w, https:\/\/blog.federacionfotovasca.org\/wp-content\/uploads\/2017\/05\/Congreso-Gernika_2017-05-20-13-25-58_532-copia-940x1410.jpg 940w\" sizes=\"auto, (max-width: 76px) 100vw, 76px\" \/><\/a> <a href=\"https:\/\/www.federacionfotovasca.org\/wp-content\/uploads\/2017\/05\/Congreso-Gernika_2017-05-20-13-29-21_538-copia.jpg\" target=\"_blank\" rel=\"noopener noreferrer\"><img loading=\"lazy\" decoding=\"async\" class=\"alignnone wp-image-12868\" src=\"https:\/\/www.federacionfotovasca.org\/wp-content\/uploads\/2017\/05\/Congreso-Gernika_2017-05-20-13-29-21_538-copia.jpg\" alt=\"\" width=\"171\" height=\"114\" srcset=\"https:\/\/blog.federacionfotovasca.org\/wp-content\/uploads\/2017\/05\/Congreso-Gernika_2017-05-20-13-29-21_538-copia.jpg 4493w, https:\/\/blog.federacionfotovasca.org\/wp-content\/uploads\/2017\/05\/Congreso-Gernika_2017-05-20-13-29-21_538-copia-300x200.jpg 300w, https:\/\/blog.federacionfotovasca.org\/wp-content\/uploads\/2017\/05\/Congreso-Gernika_2017-05-20-13-29-21_538-copia-620x413.jpg 620w, https:\/\/blog.federacionfotovasca.org\/wp-content\/uploads\/2017\/05\/Congreso-Gernika_2017-05-20-13-29-21_538-copia-768x512.jpg 768w, https:\/\/blog.federacionfotovasca.org\/wp-content\/uploads\/2017\/05\/Congreso-Gernika_2017-05-20-13-29-21_538-copia-940x627.jpg 940w\" sizes=\"auto, (max-width: 171px) 100vw, 171px\" \/><\/a> <a href=\"https:\/\/www.federacionfotovasca.org\/wp-content\/uploads\/2017\/05\/Congreso-Gernika_2017-05-20-13-35-55_548-copia.jpg\" target=\"_blank\" rel=\"noopener noreferrer\"><img loading=\"lazy\" decoding=\"async\" class=\"alignnone wp-image-12871\" src=\"https:\/\/www.federacionfotovasca.org\/wp-content\/uploads\/2017\/05\/Congreso-Gernika_2017-05-20-13-35-55_548-copia.jpg\" alt=\"\" width=\"171\" height=\"114\" srcset=\"https:\/\/blog.federacionfotovasca.org\/wp-content\/uploads\/2017\/05\/Congreso-Gernika_2017-05-20-13-35-55_548-copia.jpg 4493w, https:\/\/blog.federacionfotovasca.org\/wp-content\/uploads\/2017\/05\/Congreso-Gernika_2017-05-20-13-35-55_548-copia-300x200.jpg 300w, https:\/\/blog.federacionfotovasca.org\/wp-content\/uploads\/2017\/05\/Congreso-Gernika_2017-05-20-13-35-55_548-copia-620x413.jpg 620w, https:\/\/blog.federacionfotovasca.org\/wp-content\/uploads\/2017\/05\/Congreso-Gernika_2017-05-20-13-35-55_548-copia-768x512.jpg 768w, https:\/\/blog.federacionfotovasca.org\/wp-content\/uploads\/2017\/05\/Congreso-Gernika_2017-05-20-13-35-55_548-copia-940x627.jpg 940w\" sizes=\"auto, (max-width: 171px) 100vw, 171px\" \/><\/a> <a href=\"https:\/\/www.federacionfotovasca.org\/wp-content\/uploads\/2017\/05\/Congreso-Gernika_2017-05-20-13-40-46_580-copia.jpg\" target=\"_blank\" rel=\"noopener noreferrer\"><img loading=\"lazy\" decoding=\"async\" class=\"alignnone wp-image-12872\" src=\"https:\/\/www.federacionfotovasca.org\/wp-content\/uploads\/2017\/05\/Congreso-Gernika_2017-05-20-13-40-46_580-copia.jpg\" alt=\"\" width=\"76\" height=\"115\" srcset=\"https:\/\/blog.federacionfotovasca.org\/wp-content\/uploads\/2017\/05\/Congreso-Gernika_2017-05-20-13-40-46_580-copia.jpg 2995w, https:\/\/blog.federacionfotovasca.org\/wp-content\/uploads\/2017\/05\/Congreso-Gernika_2017-05-20-13-40-46_580-copia-300x450.jpg 300w, https:\/\/blog.federacionfotovasca.org\/wp-content\/uploads\/2017\/05\/Congreso-Gernika_2017-05-20-13-40-46_580-copia-620x930.jpg 620w, https:\/\/blog.federacionfotovasca.org\/wp-content\/uploads\/2017\/05\/Congreso-Gernika_2017-05-20-13-40-46_580-copia-768x1152.jpg 768w, https:\/\/blog.federacionfotovasca.org\/wp-content\/uploads\/2017\/05\/Congreso-Gernika_2017-05-20-13-40-46_580-copia-940x1410.jpg 940w\" sizes=\"auto, (max-width: 76px) 100vw, 76px\" \/><\/a> <a href=\"https:\/\/www.federacionfotovasca.org\/wp-content\/uploads\/2017\/05\/Congreso-Gernika_2017-05-20-13-41-46_584-copia.jpg\" target=\"_blank\" rel=\"noopener noreferrer\"><img loading=\"lazy\" decoding=\"async\" class=\"alignnone wp-image-12873\" src=\"https:\/\/www.federacionfotovasca.org\/wp-content\/uploads\/2017\/05\/Congreso-Gernika_2017-05-20-13-41-46_584-copia.jpg\" alt=\"\" width=\"76\" height=\"114\" srcset=\"https:\/\/blog.federacionfotovasca.org\/wp-content\/uploads\/2017\/05\/Congreso-Gernika_2017-05-20-13-41-46_584-copia.jpg 2749w, https:\/\/blog.federacionfotovasca.org\/wp-content\/uploads\/2017\/05\/Congreso-Gernika_2017-05-20-13-41-46_584-copia-300x450.jpg 300w, https:\/\/blog.federacionfotovasca.org\/wp-content\/uploads\/2017\/05\/Congreso-Gernika_2017-05-20-13-41-46_584-copia-620x930.jpg 620w, https:\/\/blog.federacionfotovasca.org\/wp-content\/uploads\/2017\/05\/Congreso-Gernika_2017-05-20-13-41-46_584-copia-768x1152.jpg 768w, https:\/\/blog.federacionfotovasca.org\/wp-content\/uploads\/2017\/05\/Congreso-Gernika_2017-05-20-13-41-46_584-copia-940x1410.jpg 940w\" sizes=\"auto, (max-width: 76px) 100vw, 76px\" \/><\/a> <a href=\"https:\/\/www.federacionfotovasca.org\/wp-content\/uploads\/2017\/05\/Congreso-Gernika_2017-05-20-13-43-02_590-copia.jpg\" target=\"_blank\" rel=\"noopener noreferrer\"><img loading=\"lazy\" decoding=\"async\" class=\"alignnone wp-image-12874\" src=\"https:\/\/www.federacionfotovasca.org\/wp-content\/uploads\/2017\/05\/Congreso-Gernika_2017-05-20-13-43-02_590-copia.jpg\" alt=\"\" width=\"175\" height=\"116\" srcset=\"https:\/\/blog.federacionfotovasca.org\/wp-content\/uploads\/2017\/05\/Congreso-Gernika_2017-05-20-13-43-02_590-copia.jpg 4493w, https:\/\/blog.federacionfotovasca.org\/wp-content\/uploads\/2017\/05\/Congreso-Gernika_2017-05-20-13-43-02_590-copia-300x200.jpg 300w, https:\/\/blog.federacionfotovasca.org\/wp-content\/uploads\/2017\/05\/Congreso-Gernika_2017-05-20-13-43-02_590-copia-620x413.jpg 620w, https:\/\/blog.federacionfotovasca.org\/wp-content\/uploads\/2017\/05\/Congreso-Gernika_2017-05-20-13-43-02_590-copia-768x512.jpg 768w, https:\/\/blog.federacionfotovasca.org\/wp-content\/uploads\/2017\/05\/Congreso-Gernika_2017-05-20-13-43-02_590-copia-940x627.jpg 940w\" sizes=\"auto, (max-width: 175px) 100vw, 175px\" \/><\/a> <a href=\"https:\/\/www.federacionfotovasca.org\/wp-content\/uploads\/2017\/05\/Congreso-Gernika_2017-05-20-13-43-24_594-copia.jpg\" target=\"_blank\" rel=\"noopener noreferrer\"><img loading=\"lazy\" decoding=\"async\" class=\"alignnone wp-image-12875\" src=\"https:\/\/www.federacionfotovasca.org\/wp-content\/uploads\/2017\/05\/Congreso-Gernika_2017-05-20-13-43-24_594-copia.jpg\" alt=\"\" width=\"172\" height=\"115\" srcset=\"https:\/\/blog.federacionfotovasca.org\/wp-content\/uploads\/2017\/05\/Congreso-Gernika_2017-05-20-13-43-24_594-copia.jpg 4493w, https:\/\/blog.federacionfotovasca.org\/wp-content\/uploads\/2017\/05\/Congreso-Gernika_2017-05-20-13-43-24_594-copia-300x200.jpg 300w, https:\/\/blog.federacionfotovasca.org\/wp-content\/uploads\/2017\/05\/Congreso-Gernika_2017-05-20-13-43-24_594-copia-620x413.jpg 620w, https:\/\/blog.federacionfotovasca.org\/wp-content\/uploads\/2017\/05\/Congreso-Gernika_2017-05-20-13-43-24_594-copia-768x512.jpg 768w, https:\/\/blog.federacionfotovasca.org\/wp-content\/uploads\/2017\/05\/Congreso-Gernika_2017-05-20-13-43-24_594-copia-940x627.jpg 940w\" sizes=\"auto, (max-width: 172px) 100vw, 172px\" \/><\/a><a href=\"https:\/\/www.federacionfotovasca.org\/wp-content\/uploads\/2017\/05\/Congreso-Gernika_2017-05-20-13-56-44_632-copia.jpg\" target=\"_blank\" rel=\"noopener noreferrer\"><img loading=\"lazy\" decoding=\"async\" class=\"alignnone wp-image-12878\" src=\"https:\/\/www.federacionfotovasca.org\/wp-content\/uploads\/2017\/05\/Congreso-Gernika_2017-05-20-13-56-44_632-copia.jpg\" alt=\"\" width=\"172\" height=\"114\" srcset=\"https:\/\/blog.federacionfotovasca.org\/wp-content\/uploads\/2017\/05\/Congreso-Gernika_2017-05-20-13-56-44_632-copia.jpg 4493w, https:\/\/blog.federacionfotovasca.org\/wp-content\/uploads\/2017\/05\/Congreso-Gernika_2017-05-20-13-56-44_632-copia-300x200.jpg 300w, https:\/\/blog.federacionfotovasca.org\/wp-content\/uploads\/2017\/05\/Congreso-Gernika_2017-05-20-13-56-44_632-copia-620x413.jpg 620w, https:\/\/blog.federacionfotovasca.org\/wp-content\/uploads\/2017\/05\/Congreso-Gernika_2017-05-20-13-56-44_632-copia-768x512.jpg 768w, https:\/\/blog.federacionfotovasca.org\/wp-content\/uploads\/2017\/05\/Congreso-Gernika_2017-05-20-13-56-44_632-copia-940x627.jpg 940w\" sizes=\"auto, (max-width: 172px) 100vw, 172px\" \/><\/a> <a href=\"https:\/\/www.federacionfotovasca.org\/wp-content\/uploads\/2017\/05\/Congreso-Gernika_2017-05-20-13-46-34_604-copia.jpg\" target=\"_blank\" rel=\"noopener noreferrer\"><img loading=\"lazy\" decoding=\"async\" class=\"alignnone wp-image-12876\" src=\"https:\/\/www.federacionfotovasca.org\/wp-content\/uploads\/2017\/05\/Congreso-Gernika_2017-05-20-13-46-34_604-copia.jpg\" alt=\"\" width=\"173\" height=\"115\" srcset=\"https:\/\/blog.federacionfotovasca.org\/wp-content\/uploads\/2017\/05\/Congreso-Gernika_2017-05-20-13-46-34_604-copia.jpg 4493w, https:\/\/blog.federacionfotovasca.org\/wp-content\/uploads\/2017\/05\/Congreso-Gernika_2017-05-20-13-46-34_604-copia-300x200.jpg 300w, https:\/\/blog.federacionfotovasca.org\/wp-content\/uploads\/2017\/05\/Congreso-Gernika_2017-05-20-13-46-34_604-copia-620x413.jpg 620w, https:\/\/blog.federacionfotovasca.org\/wp-content\/uploads\/2017\/05\/Congreso-Gernika_2017-05-20-13-46-34_604-copia-768x512.jpg 768w, https:\/\/blog.federacionfotovasca.org\/wp-content\/uploads\/2017\/05\/Congreso-Gernika_2017-05-20-13-46-34_604-copia-940x627.jpg 940w\" sizes=\"auto, (max-width: 173px) 100vw, 173px\" \/><\/a> <a href=\"https:\/\/www.federacionfotovasca.org\/wp-content\/uploads\/2017\/05\/Congreso-Gernika_2017-05-20-13-51-01_624-copia.jpg\" target=\"_blank\" rel=\"noopener noreferrer\"><img loading=\"lazy\" decoding=\"async\" class=\"alignnone wp-image-12877\" src=\"https:\/\/www.federacionfotovasca.org\/wp-content\/uploads\/2017\/05\/Congreso-Gernika_2017-05-20-13-51-01_624-copia.jpg\" alt=\"\" width=\"173\" height=\"115\" srcset=\"https:\/\/blog.federacionfotovasca.org\/wp-content\/uploads\/2017\/05\/Congreso-Gernika_2017-05-20-13-51-01_624-copia.jpg 4493w, https:\/\/blog.federacionfotovasca.org\/wp-content\/uploads\/2017\/05\/Congreso-Gernika_2017-05-20-13-51-01_624-copia-300x200.jpg 300w, https:\/\/blog.federacionfotovasca.org\/wp-content\/uploads\/2017\/05\/Congreso-Gernika_2017-05-20-13-51-01_624-copia-620x413.jpg 620w, https:\/\/blog.federacionfotovasca.org\/wp-content\/uploads\/2017\/05\/Congreso-Gernika_2017-05-20-13-51-01_624-copia-768x512.jpg 768w, https:\/\/blog.federacionfotovasca.org\/wp-content\/uploads\/2017\/05\/Congreso-Gernika_2017-05-20-13-51-01_624-copia-940x627.jpg 940w\" sizes=\"auto, (max-width: 173px) 100vw, 173px\" \/>\u00a0<\/a><a href=\"https:\/\/www.federacionfotovasca.org\/wp-content\/uploads\/2017\/05\/Congreso-Gernika_2017-05-20-14-56-31_648-copia.jpg\"><img loading=\"lazy\" decoding=\"async\" class=\"alignnone wp-image-12879\" src=\"https:\/\/www.federacionfotovasca.org\/wp-content\/uploads\/2017\/05\/Congreso-Gernika_2017-05-20-14-56-31_648-copia.jpg\" alt=\"\" width=\"173\" height=\"115\" srcset=\"https:\/\/blog.federacionfotovasca.org\/wp-content\/uploads\/2017\/05\/Congreso-Gernika_2017-05-20-14-56-31_648-copia.jpg 4493w, https:\/\/blog.federacionfotovasca.org\/wp-content\/uploads\/2017\/05\/Congreso-Gernika_2017-05-20-14-56-31_648-copia-300x200.jpg 300w, https:\/\/blog.federacionfotovasca.org\/wp-content\/uploads\/2017\/05\/Congreso-Gernika_2017-05-20-14-56-31_648-copia-620x413.jpg 620w, https:\/\/blog.federacionfotovasca.org\/wp-content\/uploads\/2017\/05\/Congreso-Gernika_2017-05-20-14-56-31_648-copia-768x512.jpg 768w, https:\/\/blog.federacionfotovasca.org\/wp-content\/uploads\/2017\/05\/Congreso-Gernika_2017-05-20-14-56-31_648-copia-940x627.jpg 940w\" sizes=\"auto, (max-width: 173px) 100vw, 173px\" \/><\/a> <a href=\"https:\/\/www.federacionfotovasca.org\/wp-content\/uploads\/2017\/05\/Congreso-Gernika_2017-05-20-14-57-38_652-copia.jpg\" target=\"_blank\" rel=\"noopener noreferrer\"><img loading=\"lazy\" decoding=\"async\" class=\"alignnone wp-image-12880\" src=\"https:\/\/www.federacionfotovasca.org\/wp-content\/uploads\/2017\/05\/Congreso-Gernika_2017-05-20-14-57-38_652-copia.jpg\" alt=\"\" width=\"173\" height=\"115\" srcset=\"https:\/\/blog.federacionfotovasca.org\/wp-content\/uploads\/2017\/05\/Congreso-Gernika_2017-05-20-14-57-38_652-copia.jpg 4493w, https:\/\/blog.federacionfotovasca.org\/wp-content\/uploads\/2017\/05\/Congreso-Gernika_2017-05-20-14-57-38_652-copia-300x200.jpg 300w, https:\/\/blog.federacionfotovasca.org\/wp-content\/uploads\/2017\/05\/Congreso-Gernika_2017-05-20-14-57-38_652-copia-620x413.jpg 620w, https:\/\/blog.federacionfotovasca.org\/wp-content\/uploads\/2017\/05\/Congreso-Gernika_2017-05-20-14-57-38_652-copia-768x512.jpg 768w, https:\/\/blog.federacionfotovasca.org\/wp-content\/uploads\/2017\/05\/Congreso-Gernika_2017-05-20-14-57-38_652-copia-940x627.jpg 940w\" sizes=\"auto, (max-width: 173px) 100vw, 173px\" \/><\/a> <a href=\"https:\/\/www.federacionfotovasca.org\/wp-content\/uploads\/2017\/05\/Congreso-Gernika_2017-05-20-14-58-04_654-copia.jpg\" target=\"_blank\" rel=\"noopener noreferrer\"><img loading=\"lazy\" decoding=\"async\" class=\"alignnone wp-image-12881\" src=\"https:\/\/www.federacionfotovasca.org\/wp-content\/uploads\/2017\/05\/Congreso-Gernika_2017-05-20-14-58-04_654-copia.jpg\" alt=\"\" width=\"173\" height=\"115\" srcset=\"https:\/\/blog.federacionfotovasca.org\/wp-content\/uploads\/2017\/05\/Congreso-Gernika_2017-05-20-14-58-04_654-copia.jpg 4493w, https:\/\/blog.federacionfotovasca.org\/wp-content\/uploads\/2017\/05\/Congreso-Gernika_2017-05-20-14-58-04_654-copia-300x200.jpg 300w, https:\/\/blog.federacionfotovasca.org\/wp-content\/uploads\/2017\/05\/Congreso-Gernika_2017-05-20-14-58-04_654-copia-620x413.jpg 620w, https:\/\/blog.federacionfotovasca.org\/wp-content\/uploads\/2017\/05\/Congreso-Gernika_2017-05-20-14-58-04_654-copia-768x512.jpg 768w, https:\/\/blog.federacionfotovasca.org\/wp-content\/uploads\/2017\/05\/Congreso-Gernika_2017-05-20-14-58-04_654-copia-940x627.jpg 940w\" sizes=\"auto, (max-width: 173px) 100vw, 173px\" \/><\/a> <a href=\"https:\/\/www.federacionfotovasca.org\/wp-content\/uploads\/2017\/05\/Congreso-Gernika_2017-05-20-15-00-18_667-copia.jpg\" target=\"_blank\" rel=\"noopener noreferrer\"><img loading=\"lazy\" decoding=\"async\" class=\"alignnone wp-image-12882\" src=\"https:\/\/www.federacionfotovasca.org\/wp-content\/uploads\/2017\/05\/Congreso-Gernika_2017-05-20-15-00-18_667-copia.jpg\" alt=\"\" width=\"173\" height=\"115\" srcset=\"https:\/\/blog.federacionfotovasca.org\/wp-content\/uploads\/2017\/05\/Congreso-Gernika_2017-05-20-15-00-18_667-copia.jpg 4493w, https:\/\/blog.federacionfotovasca.org\/wp-content\/uploads\/2017\/05\/Congreso-Gernika_2017-05-20-15-00-18_667-copia-300x200.jpg 300w, https:\/\/blog.federacionfotovasca.org\/wp-content\/uploads\/2017\/05\/Congreso-Gernika_2017-05-20-15-00-18_667-copia-620x413.jpg 620w, https:\/\/blog.federacionfotovasca.org\/wp-content\/uploads\/2017\/05\/Congreso-Gernika_2017-05-20-15-00-18_667-copia-768x512.jpg 768w, https:\/\/blog.federacionfotovasca.org\/wp-content\/uploads\/2017\/05\/Congreso-Gernika_2017-05-20-15-00-18_667-copia-940x627.jpg 940w\" sizes=\"auto, (max-width: 173px) 100vw, 173px\" \/><\/a> <a href=\"https:\/\/www.federacionfotovasca.org\/wp-content\/uploads\/2017\/05\/Congreso-Gernika_2017-05-20-15-00-51_673-copia.jpg\" target=\"_blank\" rel=\"noopener noreferrer\"><img loading=\"lazy\" decoding=\"async\" class=\"alignnone wp-image-12883\" src=\"https:\/\/www.federacionfotovasca.org\/wp-content\/uploads\/2017\/05\/Congreso-Gernika_2017-05-20-15-00-51_673-copia.jpg\" alt=\"\" width=\"172\" height=\"115\" srcset=\"https:\/\/blog.federacionfotovasca.org\/wp-content\/uploads\/2017\/05\/Congreso-Gernika_2017-05-20-15-00-51_673-copia.jpg 4493w, https:\/\/blog.federacionfotovasca.org\/wp-content\/uploads\/2017\/05\/Congreso-Gernika_2017-05-20-15-00-51_673-copia-300x200.jpg 300w, https:\/\/blog.federacionfotovasca.org\/wp-content\/uploads\/2017\/05\/Congreso-Gernika_2017-05-20-15-00-51_673-copia-620x413.jpg 620w, https:\/\/blog.federacionfotovasca.org\/wp-content\/uploads\/2017\/05\/Congreso-Gernika_2017-05-20-15-00-51_673-copia-768x512.jpg 768w, https:\/\/blog.federacionfotovasca.org\/wp-content\/uploads\/2017\/05\/Congreso-Gernika_2017-05-20-15-00-51_673-copia-940x627.jpg 940w\" sizes=\"auto, (max-width: 172px) 100vw, 172px\" \/><\/a> <a href=\"https:\/\/www.federacionfotovasca.org\/wp-content\/uploads\/2017\/05\/Congreso-Gernika_2017-05-20-15-02-31_684-copia.jpg\" target=\"_blank\" rel=\"noopener noreferrer\"><img loading=\"lazy\" decoding=\"async\" class=\"alignnone wp-image-12884\" src=\"https:\/\/www.federacionfotovasca.org\/wp-content\/uploads\/2017\/05\/Congreso-Gernika_2017-05-20-15-02-31_684-copia.jpg\" alt=\"\" width=\"172\" height=\"114\" srcset=\"https:\/\/blog.federacionfotovasca.org\/wp-content\/uploads\/2017\/05\/Congreso-Gernika_2017-05-20-15-02-31_684-copia.jpg 4046w, https:\/\/blog.federacionfotovasca.org\/wp-content\/uploads\/2017\/05\/Congreso-Gernika_2017-05-20-15-02-31_684-copia-300x200.jpg 300w, https:\/\/blog.federacionfotovasca.org\/wp-content\/uploads\/2017\/05\/Congreso-Gernika_2017-05-20-15-02-31_684-copia-620x413.jpg 620w, https:\/\/blog.federacionfotovasca.org\/wp-content\/uploads\/2017\/05\/Congreso-Gernika_2017-05-20-15-02-31_684-copia-768x512.jpg 768w, https:\/\/blog.federacionfotovasca.org\/wp-content\/uploads\/2017\/05\/Congreso-Gernika_2017-05-20-15-02-31_684-copia-940x627.jpg 940w\" sizes=\"auto, (max-width: 172px) 100vw, 172px\" \/><\/a> <a href=\"https:\/\/www.federacionfotovasca.org\/wp-content\/uploads\/2017\/05\/Congreso-Gernika_2017-05-20-15-02-47_687-copia.jpg\" target=\"_blank\" rel=\"noopener noreferrer\"><img loading=\"lazy\" decoding=\"async\" class=\"alignnone wp-image-12885\" src=\"https:\/\/www.federacionfotovasca.org\/wp-content\/uploads\/2017\/05\/Congreso-Gernika_2017-05-20-15-02-47_687-copia.jpg\" alt=\"\" width=\"172\" height=\"115\" srcset=\"https:\/\/blog.federacionfotovasca.org\/wp-content\/uploads\/2017\/05\/Congreso-Gernika_2017-05-20-15-02-47_687-copia.jpg 4493w, https:\/\/blog.federacionfotovasca.org\/wp-content\/uploads\/2017\/05\/Congreso-Gernika_2017-05-20-15-02-47_687-copia-300x200.jpg 300w, https:\/\/blog.federacionfotovasca.org\/wp-content\/uploads\/2017\/05\/Congreso-Gernika_2017-05-20-15-02-47_687-copia-620x413.jpg 620w, https:\/\/blog.federacionfotovasca.org\/wp-content\/uploads\/2017\/05\/Congreso-Gernika_2017-05-20-15-02-47_687-copia-768x512.jpg 768w, https:\/\/blog.federacionfotovasca.org\/wp-content\/uploads\/2017\/05\/Congreso-Gernika_2017-05-20-15-02-47_687-copia-940x627.jpg 940w\" sizes=\"auto, (max-width: 172px) 100vw, 172px\" \/><\/a> <a href=\"https:\/\/www.federacionfotovasca.org\/wp-content\/uploads\/2017\/05\/Congreso-Gernika_2017-05-20-15-02-52_688-copia.jpg\"><img loading=\"lazy\" decoding=\"async\" class=\"alignnone wp-image-12886\" src=\"https:\/\/www.federacionfotovasca.org\/wp-content\/uploads\/2017\/05\/Congreso-Gernika_2017-05-20-15-02-52_688-copia.jpg\" alt=\"\" width=\"172\" height=\"115\" srcset=\"https:\/\/blog.federacionfotovasca.org\/wp-content\/uploads\/2017\/05\/Congreso-Gernika_2017-05-20-15-02-52_688-copia.jpg 4004w, https:\/\/blog.federacionfotovasca.org\/wp-content\/uploads\/2017\/05\/Congreso-Gernika_2017-05-20-15-02-52_688-copia-300x200.jpg 300w, https:\/\/blog.federacionfotovasca.org\/wp-content\/uploads\/2017\/05\/Congreso-Gernika_2017-05-20-15-02-52_688-copia-620x413.jpg 620w, https:\/\/blog.federacionfotovasca.org\/wp-content\/uploads\/2017\/05\/Congreso-Gernika_2017-05-20-15-02-52_688-copia-768x512.jpg 768w, https:\/\/blog.federacionfotovasca.org\/wp-content\/uploads\/2017\/05\/Congreso-Gernika_2017-05-20-15-02-52_688-copia-940x627.jpg 940w\" sizes=\"auto, (max-width: 172px) 100vw, 172px\" \/><\/a> <a href=\"https:\/\/www.federacionfotovasca.org\/wp-content\/uploads\/2017\/05\/Congreso-Gernika_2017-05-20-15-03-03_691-copia.jpg\" target=\"_blank\" rel=\"noopener noreferrer\"><img loading=\"lazy\" decoding=\"async\" class=\"alignnone wp-image-12887\" src=\"https:\/\/www.federacionfotovasca.org\/wp-content\/uploads\/2017\/05\/Congreso-Gernika_2017-05-20-15-03-03_691-copia.jpg\" alt=\"\" width=\"170\" height=\"114\" srcset=\"https:\/\/blog.federacionfotovasca.org\/wp-content\/uploads\/2017\/05\/Congreso-Gernika_2017-05-20-15-03-03_691-copia.jpg 4493w, https:\/\/blog.federacionfotovasca.org\/wp-content\/uploads\/2017\/05\/Congreso-Gernika_2017-05-20-15-03-03_691-copia-300x200.jpg 300w, https:\/\/blog.federacionfotovasca.org\/wp-content\/uploads\/2017\/05\/Congreso-Gernika_2017-05-20-15-03-03_691-copia-620x413.jpg 620w, https:\/\/blog.federacionfotovasca.org\/wp-content\/uploads\/2017\/05\/Congreso-Gernika_2017-05-20-15-03-03_691-copia-768x512.jpg 768w, https:\/\/blog.federacionfotovasca.org\/wp-content\/uploads\/2017\/05\/Congreso-Gernika_2017-05-20-15-03-03_691-copia-940x627.jpg 940w\" sizes=\"auto, (max-width: 170px) 100vw, 170px\" \/><\/a> <a href=\"https:\/\/www.federacionfotovasca.org\/wp-content\/uploads\/2017\/05\/Congreso-Gernika_2017-05-20-15-03-36_693-copia.jpg\" target=\"_blank\" rel=\"noopener noreferrer\"><img loading=\"lazy\" decoding=\"async\" class=\"alignnone wp-image-12888\" src=\"https:\/\/www.federacionfotovasca.org\/wp-content\/uploads\/2017\/05\/Congreso-Gernika_2017-05-20-15-03-36_693-copia.jpg\" alt=\"\" width=\"173\" height=\"115\" srcset=\"https:\/\/blog.federacionfotovasca.org\/wp-content\/uploads\/2017\/05\/Congreso-Gernika_2017-05-20-15-03-36_693-copia.jpg 4298w, https:\/\/blog.federacionfotovasca.org\/wp-content\/uploads\/2017\/05\/Congreso-Gernika_2017-05-20-15-03-36_693-copia-300x200.jpg 300w, https:\/\/blog.federacionfotovasca.org\/wp-content\/uploads\/2017\/05\/Congreso-Gernika_2017-05-20-15-03-36_693-copia-620x413.jpg 620w, https:\/\/blog.federacionfotovasca.org\/wp-content\/uploads\/2017\/05\/Congreso-Gernika_2017-05-20-15-03-36_693-copia-768x512.jpg 768w, https:\/\/blog.federacionfotovasca.org\/wp-content\/uploads\/2017\/05\/Congreso-Gernika_2017-05-20-15-03-36_693-copia-940x627.jpg 940w\" sizes=\"auto, (max-width: 173px) 100vw, 173px\" \/><\/a> <a href=\"https:\/\/www.federacionfotovasca.org\/wp-content\/uploads\/2017\/05\/Congreso-Gernika_2017-05-20-16-44-02_723-copia.jpg\" target=\"_blank\" rel=\"noopener noreferrer\"><img loading=\"lazy\" decoding=\"async\" class=\"alignnone wp-image-12890\" src=\"https:\/\/www.federacionfotovasca.org\/wp-content\/uploads\/2017\/05\/Congreso-Gernika_2017-05-20-16-44-02_723-copia.jpg\" alt=\"\" width=\"172\" height=\"115\" srcset=\"https:\/\/blog.federacionfotovasca.org\/wp-content\/uploads\/2017\/05\/Congreso-Gernika_2017-05-20-16-44-02_723-copia.jpg 3491w, https:\/\/blog.federacionfotovasca.org\/wp-content\/uploads\/2017\/05\/Congreso-Gernika_2017-05-20-16-44-02_723-copia-300x200.jpg 300w, https:\/\/blog.federacionfotovasca.org\/wp-content\/uploads\/2017\/05\/Congreso-Gernika_2017-05-20-16-44-02_723-copia-620x413.jpg 620w, https:\/\/blog.federacionfotovasca.org\/wp-content\/uploads\/2017\/05\/Congreso-Gernika_2017-05-20-16-44-02_723-copia-768x512.jpg 768w, https:\/\/blog.federacionfotovasca.org\/wp-content\/uploads\/2017\/05\/Congreso-Gernika_2017-05-20-16-44-02_723-copia-940x627.jpg 940w\" sizes=\"auto, (max-width: 172px) 100vw, 172px\" \/><\/a> <a href=\"https:\/\/www.federacionfotovasca.org\/wp-content\/uploads\/2017\/05\/Congreso-Gernika_2017-05-20-17-05-01_726-copia.jpg\" target=\"_blank\" rel=\"noopener noreferrer\"><img loading=\"lazy\" decoding=\"async\" class=\"alignnone wp-image-12891\" src=\"https:\/\/www.federacionfotovasca.org\/wp-content\/uploads\/2017\/05\/Congreso-Gernika_2017-05-20-17-05-01_726-copia.jpg\" alt=\"\" width=\"173\" height=\"115\" srcset=\"https:\/\/blog.federacionfotovasca.org\/wp-content\/uploads\/2017\/05\/Congreso-Gernika_2017-05-20-17-05-01_726-copia.jpg 3747w, https:\/\/blog.federacionfotovasca.org\/wp-content\/uploads\/2017\/05\/Congreso-Gernika_2017-05-20-17-05-01_726-copia-300x200.jpg 300w, https:\/\/blog.federacionfotovasca.org\/wp-content\/uploads\/2017\/05\/Congreso-Gernika_2017-05-20-17-05-01_726-copia-620x413.jpg 620w, https:\/\/blog.federacionfotovasca.org\/wp-content\/uploads\/2017\/05\/Congreso-Gernika_2017-05-20-17-05-01_726-copia-768x512.jpg 768w, https:\/\/blog.federacionfotovasca.org\/wp-content\/uploads\/2017\/05\/Congreso-Gernika_2017-05-20-17-05-01_726-copia-940x627.jpg 940w\" sizes=\"auto, (max-width: 173px) 100vw, 173px\" \/><\/a> <a href=\"https:\/\/www.federacionfotovasca.org\/wp-content\/uploads\/2017\/05\/Congreso-Gernika_2017-05-20-17-13-03_733-copia.jpg\" target=\"_blank\" rel=\"noopener noreferrer\"><img loading=\"lazy\" decoding=\"async\" class=\"alignnone wp-image-12892\" src=\"https:\/\/www.federacionfotovasca.org\/wp-content\/uploads\/2017\/05\/Congreso-Gernika_2017-05-20-17-13-03_733-copia.jpg\" alt=\"\" width=\"172\" height=\"115\" srcset=\"https:\/\/blog.federacionfotovasca.org\/wp-content\/uploads\/2017\/05\/Congreso-Gernika_2017-05-20-17-13-03_733-copia.jpg 4493w, https:\/\/blog.federacionfotovasca.org\/wp-content\/uploads\/2017\/05\/Congreso-Gernika_2017-05-20-17-13-03_733-copia-300x200.jpg 300w, https:\/\/blog.federacionfotovasca.org\/wp-content\/uploads\/2017\/05\/Congreso-Gernika_2017-05-20-17-13-03_733-copia-620x413.jpg 620w, https:\/\/blog.federacionfotovasca.org\/wp-content\/uploads\/2017\/05\/Congreso-Gernika_2017-05-20-17-13-03_733-copia-768x512.jpg 768w, https:\/\/blog.federacionfotovasca.org\/wp-content\/uploads\/2017\/05\/Congreso-Gernika_2017-05-20-17-13-03_733-copia-940x627.jpg 940w\" sizes=\"auto, (max-width: 172px) 100vw, 172px\" \/><\/a> <a href=\"https:\/\/www.federacionfotovasca.org\/wp-content\/uploads\/2017\/05\/Congreso-Gernika_2017-05-20-17-13-13_734-copia.jpg\" target=\"_blank\" rel=\"noopener noreferrer\"><img loading=\"lazy\" decoding=\"async\" class=\"alignnone wp-image-12893\" src=\"https:\/\/www.federacionfotovasca.org\/wp-content\/uploads\/2017\/05\/Congreso-Gernika_2017-05-20-17-13-13_734-copia.jpg\" alt=\"\" width=\"172\" height=\"115\" srcset=\"https:\/\/blog.federacionfotovasca.org\/wp-content\/uploads\/2017\/05\/Congreso-Gernika_2017-05-20-17-13-13_734-copia.jpg 3823w, https:\/\/blog.federacionfotovasca.org\/wp-content\/uploads\/2017\/05\/Congreso-Gernika_2017-05-20-17-13-13_734-copia-300x200.jpg 300w, https:\/\/blog.federacionfotovasca.org\/wp-content\/uploads\/2017\/05\/Congreso-Gernika_2017-05-20-17-13-13_734-copia-620x413.jpg 620w, https:\/\/blog.federacionfotovasca.org\/wp-content\/uploads\/2017\/05\/Congreso-Gernika_2017-05-20-17-13-13_734-copia-768x512.jpg 768w, https:\/\/blog.federacionfotovasca.org\/wp-content\/uploads\/2017\/05\/Congreso-Gernika_2017-05-20-17-13-13_734-copia-940x627.jpg 940w\" sizes=\"auto, (max-width: 172px) 100vw, 172px\" \/><\/a> <a href=\"https:\/\/www.federacionfotovasca.org\/wp-content\/uploads\/2017\/05\/Congreso-Gernika_2017-05-20-17-13-46_736-copia.jpg\" target=\"_blank\" rel=\"noopener noreferrer\"><img loading=\"lazy\" decoding=\"async\" class=\"alignnone wp-image-12894\" src=\"https:\/\/www.federacionfotovasca.org\/wp-content\/uploads\/2017\/05\/Congreso-Gernika_2017-05-20-17-13-46_736-copia.jpg\" alt=\"\" width=\"170\" height=\"114\" srcset=\"https:\/\/blog.federacionfotovasca.org\/wp-content\/uploads\/2017\/05\/Congreso-Gernika_2017-05-20-17-13-46_736-copia.jpg 4298w, https:\/\/blog.federacionfotovasca.org\/wp-content\/uploads\/2017\/05\/Congreso-Gernika_2017-05-20-17-13-46_736-copia-300x200.jpg 300w, https:\/\/blog.federacionfotovasca.org\/wp-content\/uploads\/2017\/05\/Congreso-Gernika_2017-05-20-17-13-46_736-copia-620x413.jpg 620w, https:\/\/blog.federacionfotovasca.org\/wp-content\/uploads\/2017\/05\/Congreso-Gernika_2017-05-20-17-13-46_736-copia-768x512.jpg 768w, https:\/\/blog.federacionfotovasca.org\/wp-content\/uploads\/2017\/05\/Congreso-Gernika_2017-05-20-17-13-46_736-copia-940x627.jpg 940w\" sizes=\"auto, (max-width: 170px) 100vw, 170px\" \/><\/a> <a href=\"https:\/\/www.federacionfotovasca.org\/wp-content\/uploads\/2017\/05\/Congreso-Gernika_2017-05-20-17-15-44_747-copia.jpg\" target=\"_blank\" rel=\"noopener noreferrer\"><img loading=\"lazy\" decoding=\"async\" class=\"alignnone wp-image-12895\" src=\"https:\/\/www.federacionfotovasca.org\/wp-content\/uploads\/2017\/05\/Congreso-Gernika_2017-05-20-17-15-44_747-copia.jpg\" alt=\"\" width=\"169\" height=\"112\" srcset=\"https:\/\/blog.federacionfotovasca.org\/wp-content\/uploads\/2017\/05\/Congreso-Gernika_2017-05-20-17-15-44_747-copia.jpg 4493w, https:\/\/blog.federacionfotovasca.org\/wp-content\/uploads\/2017\/05\/Congreso-Gernika_2017-05-20-17-15-44_747-copia-300x200.jpg 300w, https:\/\/blog.federacionfotovasca.org\/wp-content\/uploads\/2017\/05\/Congreso-Gernika_2017-05-20-17-15-44_747-copia-620x413.jpg 620w, https:\/\/blog.federacionfotovasca.org\/wp-content\/uploads\/2017\/05\/Congreso-Gernika_2017-05-20-17-15-44_747-copia-768x512.jpg 768w, https:\/\/blog.federacionfotovasca.org\/wp-content\/uploads\/2017\/05\/Congreso-Gernika_2017-05-20-17-15-44_747-copia-940x627.jpg 940w\" sizes=\"auto, (max-width: 169px) 100vw, 169px\" \/><\/a> <a href=\"https:\/\/www.federacionfotovasca.org\/wp-content\/uploads\/2017\/05\/Congreso-Gernika_2017-05-20-17-15-57_749-copia.jpg\" target=\"_blank\" rel=\"noopener noreferrer\"><img loading=\"lazy\" decoding=\"async\" class=\"alignnone wp-image-12896\" src=\"https:\/\/www.federacionfotovasca.org\/wp-content\/uploads\/2017\/05\/Congreso-Gernika_2017-05-20-17-15-57_749-copia.jpg\" alt=\"\" width=\"172\" height=\"115\" srcset=\"https:\/\/blog.federacionfotovasca.org\/wp-content\/uploads\/2017\/05\/Congreso-Gernika_2017-05-20-17-15-57_749-copia.jpg 4493w, https:\/\/blog.federacionfotovasca.org\/wp-content\/uploads\/2017\/05\/Congreso-Gernika_2017-05-20-17-15-57_749-copia-300x200.jpg 300w, https:\/\/blog.federacionfotovasca.org\/wp-content\/uploads\/2017\/05\/Congreso-Gernika_2017-05-20-17-15-57_749-copia-620x413.jpg 620w, https:\/\/blog.federacionfotovasca.org\/wp-content\/uploads\/2017\/05\/Congreso-Gernika_2017-05-20-17-15-57_749-copia-768x512.jpg 768w, https:\/\/blog.federacionfotovasca.org\/wp-content\/uploads\/2017\/05\/Congreso-Gernika_2017-05-20-17-15-57_749-copia-940x627.jpg 940w\" sizes=\"auto, (max-width: 172px) 100vw, 172px\" \/><\/a> <a href=\"https:\/\/www.federacionfotovasca.org\/wp-content\/uploads\/2017\/05\/Congreso-Gernika_2017-05-20-17-16-24_753-copia.jpg\" target=\"_blank\" rel=\"noopener noreferrer\"><img loading=\"lazy\" decoding=\"async\" class=\"alignnone wp-image-12897\" src=\"https:\/\/www.federacionfotovasca.org\/wp-content\/uploads\/2017\/05\/Congreso-Gernika_2017-05-20-17-16-24_753-copia.jpg\" alt=\"\" width=\"175\" height=\"116\" srcset=\"https:\/\/blog.federacionfotovasca.org\/wp-content\/uploads\/2017\/05\/Congreso-Gernika_2017-05-20-17-16-24_753-copia.jpg 4493w, https:\/\/blog.federacionfotovasca.org\/wp-content\/uploads\/2017\/05\/Congreso-Gernika_2017-05-20-17-16-24_753-copia-300x200.jpg 300w, https:\/\/blog.federacionfotovasca.org\/wp-content\/uploads\/2017\/05\/Congreso-Gernika_2017-05-20-17-16-24_753-copia-620x413.jpg 620w, https:\/\/blog.federacionfotovasca.org\/wp-content\/uploads\/2017\/05\/Congreso-Gernika_2017-05-20-17-16-24_753-copia-768x512.jpg 768w, https:\/\/blog.federacionfotovasca.org\/wp-content\/uploads\/2017\/05\/Congreso-Gernika_2017-05-20-17-16-24_753-copia-940x627.jpg 940w\" sizes=\"auto, (max-width: 175px) 100vw, 175px\" \/><\/a> <a href=\"https:\/\/www.federacionfotovasca.org\/wp-content\/uploads\/2017\/05\/Congreso-Gernika_2017-05-20-17-18-25_761-copia.jpg\" target=\"_blank\" rel=\"noopener noreferrer\"><img loading=\"lazy\" decoding=\"async\" class=\"alignnone wp-image-12898\" src=\"https:\/\/www.federacionfotovasca.org\/wp-content\/uploads\/2017\/05\/Congreso-Gernika_2017-05-20-17-18-25_761-copia.jpg\" alt=\"\" width=\"173\" height=\"115\" srcset=\"https:\/\/blog.federacionfotovasca.org\/wp-content\/uploads\/2017\/05\/Congreso-Gernika_2017-05-20-17-18-25_761-copia.jpg 4493w, https:\/\/blog.federacionfotovasca.org\/wp-content\/uploads\/2017\/05\/Congreso-Gernika_2017-05-20-17-18-25_761-copia-300x200.jpg 300w, https:\/\/blog.federacionfotovasca.org\/wp-content\/uploads\/2017\/05\/Congreso-Gernika_2017-05-20-17-18-25_761-copia-620x413.jpg 620w, https:\/\/blog.federacionfotovasca.org\/wp-content\/uploads\/2017\/05\/Congreso-Gernika_2017-05-20-17-18-25_761-copia-768x512.jpg 768w, https:\/\/blog.federacionfotovasca.org\/wp-content\/uploads\/2017\/05\/Congreso-Gernika_2017-05-20-17-18-25_761-copia-940x627.jpg 940w\" sizes=\"auto, (max-width: 173px) 100vw, 173px\" \/><\/a> <a href=\"https:\/\/www.federacionfotovasca.org\/wp-content\/uploads\/2017\/05\/Congreso-Gernika_2017-05-20-17-19-30_763-copia.jpg\" target=\"_blank\" rel=\"noopener noreferrer\"><img loading=\"lazy\" decoding=\"async\" class=\"alignnone wp-image-12899\" src=\"https:\/\/www.federacionfotovasca.org\/wp-content\/uploads\/2017\/05\/Congreso-Gernika_2017-05-20-17-19-30_763-copia.jpg\" alt=\"\" width=\"172\" height=\"115\" srcset=\"https:\/\/blog.federacionfotovasca.org\/wp-content\/uploads\/2017\/05\/Congreso-Gernika_2017-05-20-17-19-30_763-copia.jpg 4021w, https:\/\/blog.federacionfotovasca.org\/wp-content\/uploads\/2017\/05\/Congreso-Gernika_2017-05-20-17-19-30_763-copia-300x200.jpg 300w, https:\/\/blog.federacionfotovasca.org\/wp-content\/uploads\/2017\/05\/Congreso-Gernika_2017-05-20-17-19-30_763-copia-620x413.jpg 620w, https:\/\/blog.federacionfotovasca.org\/wp-content\/uploads\/2017\/05\/Congreso-Gernika_2017-05-20-17-19-30_763-copia-768x512.jpg 768w, https:\/\/blog.federacionfotovasca.org\/wp-content\/uploads\/2017\/05\/Congreso-Gernika_2017-05-20-17-19-30_763-copia-940x627.jpg 940w\" sizes=\"auto, (max-width: 172px) 100vw, 172px\" \/><\/a> <a href=\"https:\/\/www.federacionfotovasca.org\/wp-content\/uploads\/2017\/05\/Congreso-Gernika_2017-05-20-17-22-49_767-copia.jpg\" target=\"_blank\" rel=\"noopener noreferrer\"><img loading=\"lazy\" decoding=\"async\" class=\"alignnone wp-image-12900\" src=\"https:\/\/www.federacionfotovasca.org\/wp-content\/uploads\/2017\/05\/Congreso-Gernika_2017-05-20-17-22-49_767-copia.jpg\" alt=\"\" width=\"172\" height=\"115\" srcset=\"https:\/\/blog.federacionfotovasca.org\/wp-content\/uploads\/2017\/05\/Congreso-Gernika_2017-05-20-17-22-49_767-copia.jpg 4086w, https:\/\/blog.federacionfotovasca.org\/wp-content\/uploads\/2017\/05\/Congreso-Gernika_2017-05-20-17-22-49_767-copia-300x200.jpg 300w, https:\/\/blog.federacionfotovasca.org\/wp-content\/uploads\/2017\/05\/Congreso-Gernika_2017-05-20-17-22-49_767-copia-620x413.jpg 620w, https:\/\/blog.federacionfotovasca.org\/wp-content\/uploads\/2017\/05\/Congreso-Gernika_2017-05-20-17-22-49_767-copia-768x512.jpg 768w, https:\/\/blog.federacionfotovasca.org\/wp-content\/uploads\/2017\/05\/Congreso-Gernika_2017-05-20-17-22-49_767-copia-940x627.jpg 940w\" sizes=\"auto, (max-width: 172px) 100vw, 172px\" \/><\/a> <a href=\"https:\/\/www.federacionfotovasca.org\/wp-content\/uploads\/2017\/05\/Congreso-Gernika_2017-05-20-17-23-11_770-copia.jpg\" target=\"_blank\" rel=\"noopener noreferrer\"><img loading=\"lazy\" decoding=\"async\" class=\"alignnone wp-image-12901\" src=\"https:\/\/www.federacionfotovasca.org\/wp-content\/uploads\/2017\/05\/Congreso-Gernika_2017-05-20-17-23-11_770-copia.jpg\" alt=\"\" width=\"173\" height=\"115\" srcset=\"https:\/\/blog.federacionfotovasca.org\/wp-content\/uploads\/2017\/05\/Congreso-Gernika_2017-05-20-17-23-11_770-copia.jpg 4099w, https:\/\/blog.federacionfotovasca.org\/wp-content\/uploads\/2017\/05\/Congreso-Gernika_2017-05-20-17-23-11_770-copia-300x200.jpg 300w, https:\/\/blog.federacionfotovasca.org\/wp-content\/uploads\/2017\/05\/Congreso-Gernika_2017-05-20-17-23-11_770-copia-620x413.jpg 620w, https:\/\/blog.federacionfotovasca.org\/wp-content\/uploads\/2017\/05\/Congreso-Gernika_2017-05-20-17-23-11_770-copia-768x512.jpg 768w, https:\/\/blog.federacionfotovasca.org\/wp-content\/uploads\/2017\/05\/Congreso-Gernika_2017-05-20-17-23-11_770-copia-940x627.jpg 940w\" sizes=\"auto, (max-width: 173px) 100vw, 173px\" \/><\/a> <a href=\"https:\/\/www.federacionfotovasca.org\/wp-content\/uploads\/2017\/05\/Congreso-Gernika_2017-05-20-17-24-04_783-copia.jpg\" target=\"_blank\" rel=\"noopener noreferrer\"><img loading=\"lazy\" decoding=\"async\" class=\"alignnone wp-image-12902\" src=\"https:\/\/www.federacionfotovasca.org\/wp-content\/uploads\/2017\/05\/Congreso-Gernika_2017-05-20-17-24-04_783-copia.jpg\" alt=\"\" width=\"170\" height=\"114\" srcset=\"https:\/\/blog.federacionfotovasca.org\/wp-content\/uploads\/2017\/05\/Congreso-Gernika_2017-05-20-17-24-04_783-copia.jpg 4493w, https:\/\/blog.federacionfotovasca.org\/wp-content\/uploads\/2017\/05\/Congreso-Gernika_2017-05-20-17-24-04_783-copia-300x200.jpg 300w, https:\/\/blog.federacionfotovasca.org\/wp-content\/uploads\/2017\/05\/Congreso-Gernika_2017-05-20-17-24-04_783-copia-620x413.jpg 620w, https:\/\/blog.federacionfotovasca.org\/wp-content\/uploads\/2017\/05\/Congreso-Gernika_2017-05-20-17-24-04_783-copia-768x512.jpg 768w, https:\/\/blog.federacionfotovasca.org\/wp-content\/uploads\/2017\/05\/Congreso-Gernika_2017-05-20-17-24-04_783-copia-940x627.jpg 940w\" sizes=\"auto, (max-width: 170px) 100vw, 170px\" \/><\/a> <a href=\"https:\/\/www.federacionfotovasca.org\/wp-content\/uploads\/2017\/05\/Congreso-Gernika_2017-05-20-17-24-36_788-copia.jpg\" target=\"_blank\" rel=\"noopener noreferrer\"><img loading=\"lazy\" decoding=\"async\" class=\"alignnone wp-image-12903\" src=\"https:\/\/www.federacionfotovasca.org\/wp-content\/uploads\/2017\/05\/Congreso-Gernika_2017-05-20-17-24-36_788-copia.jpg\" alt=\"\" width=\"172\" height=\"115\" srcset=\"https:\/\/blog.federacionfotovasca.org\/wp-content\/uploads\/2017\/05\/Congreso-Gernika_2017-05-20-17-24-36_788-copia.jpg 3971w, https:\/\/blog.federacionfotovasca.org\/wp-content\/uploads\/2017\/05\/Congreso-Gernika_2017-05-20-17-24-36_788-copia-300x200.jpg 300w, https:\/\/blog.federacionfotovasca.org\/wp-content\/uploads\/2017\/05\/Congreso-Gernika_2017-05-20-17-24-36_788-copia-620x413.jpg 620w, https:\/\/blog.federacionfotovasca.org\/wp-content\/uploads\/2017\/05\/Congreso-Gernika_2017-05-20-17-24-36_788-copia-768x512.jpg 768w, https:\/\/blog.federacionfotovasca.org\/wp-content\/uploads\/2017\/05\/Congreso-Gernika_2017-05-20-17-24-36_788-copia-940x627.jpg 940w\" sizes=\"auto, (max-width: 172px) 100vw, 172px\" \/><\/a> <a href=\"https:\/\/www.federacionfotovasca.org\/wp-content\/uploads\/2017\/05\/Congreso-Gernika_2017-05-20-17-24-58_792-copia.jpg\" target=\"_blank\" rel=\"noopener noreferrer\"><img loading=\"lazy\" decoding=\"async\" class=\"alignnone wp-image-12904\" src=\"https:\/\/www.federacionfotovasca.org\/wp-content\/uploads\/2017\/05\/Congreso-Gernika_2017-05-20-17-24-58_792-copia.jpg\" alt=\"\" width=\"175\" height=\"116\" srcset=\"https:\/\/blog.federacionfotovasca.org\/wp-content\/uploads\/2017\/05\/Congreso-Gernika_2017-05-20-17-24-58_792-copia.jpg 3407w, https:\/\/blog.federacionfotovasca.org\/wp-content\/uploads\/2017\/05\/Congreso-Gernika_2017-05-20-17-24-58_792-copia-300x200.jpg 300w, https:\/\/blog.federacionfotovasca.org\/wp-content\/uploads\/2017\/05\/Congreso-Gernika_2017-05-20-17-24-58_792-copia-620x413.jpg 620w, https:\/\/blog.federacionfotovasca.org\/wp-content\/uploads\/2017\/05\/Congreso-Gernika_2017-05-20-17-24-58_792-copia-768x512.jpg 768w, https:\/\/blog.federacionfotovasca.org\/wp-content\/uploads\/2017\/05\/Congreso-Gernika_2017-05-20-17-24-58_792-copia-940x627.jpg 940w\" sizes=\"auto, (max-width: 175px) 100vw, 175px\" \/><\/a> <a href=\"https:\/\/www.federacionfotovasca.org\/wp-content\/uploads\/2017\/05\/Congreso-Gernika_2017-05-20-17-25-20_798-copia.jpg\" target=\"_blank\" rel=\"noopener noreferrer\"><img loading=\"lazy\" decoding=\"async\" class=\"alignnone wp-image-12905\" src=\"https:\/\/www.federacionfotovasca.org\/wp-content\/uploads\/2017\/05\/Congreso-Gernika_2017-05-20-17-25-20_798-copia.jpg\" alt=\"\" width=\"167\" height=\"111\" srcset=\"https:\/\/blog.federacionfotovasca.org\/wp-content\/uploads\/2017\/05\/Congreso-Gernika_2017-05-20-17-25-20_798-copia.jpg 4493w, https:\/\/blog.federacionfotovasca.org\/wp-content\/uploads\/2017\/05\/Congreso-Gernika_2017-05-20-17-25-20_798-copia-300x200.jpg 300w, https:\/\/blog.federacionfotovasca.org\/wp-content\/uploads\/2017\/05\/Congreso-Gernika_2017-05-20-17-25-20_798-copia-620x413.jpg 620w, https:\/\/blog.federacionfotovasca.org\/wp-content\/uploads\/2017\/05\/Congreso-Gernika_2017-05-20-17-25-20_798-copia-768x512.jpg 768w, https:\/\/blog.federacionfotovasca.org\/wp-content\/uploads\/2017\/05\/Congreso-Gernika_2017-05-20-17-25-20_798-copia-940x627.jpg 940w\" sizes=\"auto, (max-width: 167px) 100vw, 167px\" \/><\/a> <a href=\"https:\/\/www.federacionfotovasca.org\/wp-content\/uploads\/2017\/05\/Congreso-Gernika_2017-05-20-17-25-40_803-copia.jpg\" target=\"_blank\" rel=\"noopener noreferrer\"><img loading=\"lazy\" decoding=\"async\" class=\"alignnone wp-image-12906\" src=\"https:\/\/www.federacionfotovasca.org\/wp-content\/uploads\/2017\/05\/Congreso-Gernika_2017-05-20-17-25-40_803-copia.jpg\" alt=\"\" width=\"173\" height=\"116\" srcset=\"https:\/\/blog.federacionfotovasca.org\/wp-content\/uploads\/2017\/05\/Congreso-Gernika_2017-05-20-17-25-40_803-copia.jpg 4308w, https:\/\/blog.federacionfotovasca.org\/wp-content\/uploads\/2017\/05\/Congreso-Gernika_2017-05-20-17-25-40_803-copia-300x200.jpg 300w, https:\/\/blog.federacionfotovasca.org\/wp-content\/uploads\/2017\/05\/Congreso-Gernika_2017-05-20-17-25-40_803-copia-620x413.jpg 620w, https:\/\/blog.federacionfotovasca.org\/wp-content\/uploads\/2017\/05\/Congreso-Gernika_2017-05-20-17-25-40_803-copia-768x512.jpg 768w, https:\/\/blog.federacionfotovasca.org\/wp-content\/uploads\/2017\/05\/Congreso-Gernika_2017-05-20-17-25-40_803-copia-940x627.jpg 940w\" sizes=\"auto, (max-width: 173px) 100vw, 173px\" \/><\/a> <a href=\"https:\/\/www.federacionfotovasca.org\/wp-content\/uploads\/2017\/05\/Congreso-Gernika_2017-05-20-17-26-10_808-copia.jpg\" target=\"_blank\" rel=\"noopener noreferrer\"><img loading=\"lazy\" decoding=\"async\" class=\"alignnone wp-image-12907\" src=\"https:\/\/www.federacionfotovasca.org\/wp-content\/uploads\/2017\/05\/Congreso-Gernika_2017-05-20-17-26-10_808-copia.jpg\" alt=\"\" width=\"170\" height=\"114\" srcset=\"https:\/\/blog.federacionfotovasca.org\/wp-content\/uploads\/2017\/05\/Congreso-Gernika_2017-05-20-17-26-10_808-copia.jpg 3925w, https:\/\/blog.federacionfotovasca.org\/wp-content\/uploads\/2017\/05\/Congreso-Gernika_2017-05-20-17-26-10_808-copia-300x200.jpg 300w, https:\/\/blog.federacionfotovasca.org\/wp-content\/uploads\/2017\/05\/Congreso-Gernika_2017-05-20-17-26-10_808-copia-620x413.jpg 620w, https:\/\/blog.federacionfotovasca.org\/wp-content\/uploads\/2017\/05\/Congreso-Gernika_2017-05-20-17-26-10_808-copia-768x512.jpg 768w, https:\/\/blog.federacionfotovasca.org\/wp-content\/uploads\/2017\/05\/Congreso-Gernika_2017-05-20-17-26-10_808-copia-940x627.jpg 940w\" sizes=\"auto, (max-width: 170px) 100vw, 170px\" \/><\/a> <a href=\"https:\/\/www.federacionfotovasca.org\/wp-content\/uploads\/2017\/05\/Congreso-Gernika_2017-05-20-17-26-34_814-copia.jpg\" target=\"_blank\" rel=\"noopener noreferrer\"><img loading=\"lazy\" decoding=\"async\" class=\"alignnone wp-image-12908\" src=\"https:\/\/www.federacionfotovasca.org\/wp-content\/uploads\/2017\/05\/Congreso-Gernika_2017-05-20-17-26-34_814-copia.jpg\" alt=\"\" width=\"170\" height=\"114\" srcset=\"https:\/\/blog.federacionfotovasca.org\/wp-content\/uploads\/2017\/05\/Congreso-Gernika_2017-05-20-17-26-34_814-copia.jpg 4493w, https:\/\/blog.federacionfotovasca.org\/wp-content\/uploads\/2017\/05\/Congreso-Gernika_2017-05-20-17-26-34_814-copia-300x200.jpg 300w, https:\/\/blog.federacionfotovasca.org\/wp-content\/uploads\/2017\/05\/Congreso-Gernika_2017-05-20-17-26-34_814-copia-620x413.jpg 620w, https:\/\/blog.federacionfotovasca.org\/wp-content\/uploads\/2017\/05\/Congreso-Gernika_2017-05-20-17-26-34_814-copia-768x512.jpg 768w, https:\/\/blog.federacionfotovasca.org\/wp-content\/uploads\/2017\/05\/Congreso-Gernika_2017-05-20-17-26-34_814-copia-940x627.jpg 940w\" sizes=\"auto, (max-width: 170px) 100vw, 170px\" \/><\/a> <a href=\"https:\/\/www.federacionfotovasca.org\/wp-content\/uploads\/2017\/05\/Congreso-Gernika_2017-05-20-17-27-18_819-copia.jpg\" target=\"_blank\" rel=\"noopener noreferrer\"><img loading=\"lazy\" decoding=\"async\" class=\"alignnone wp-image-12909\" src=\"https:\/\/www.federacionfotovasca.org\/wp-content\/uploads\/2017\/05\/Congreso-Gernika_2017-05-20-17-27-18_819-copia.jpg\" alt=\"\" width=\"173\" height=\"115\" srcset=\"https:\/\/blog.federacionfotovasca.org\/wp-content\/uploads\/2017\/05\/Congreso-Gernika_2017-05-20-17-27-18_819-copia.jpg 4008w, https:\/\/blog.federacionfotovasca.org\/wp-content\/uploads\/2017\/05\/Congreso-Gernika_2017-05-20-17-27-18_819-copia-300x200.jpg 300w, https:\/\/blog.federacionfotovasca.org\/wp-content\/uploads\/2017\/05\/Congreso-Gernika_2017-05-20-17-27-18_819-copia-620x413.jpg 620w, https:\/\/blog.federacionfotovasca.org\/wp-content\/uploads\/2017\/05\/Congreso-Gernika_2017-05-20-17-27-18_819-copia-768x512.jpg 768w, https:\/\/blog.federacionfotovasca.org\/wp-content\/uploads\/2017\/05\/Congreso-Gernika_2017-05-20-17-27-18_819-copia-940x627.jpg 940w\" sizes=\"auto, (max-width: 173px) 100vw, 173px\" \/><\/a> <a href=\"https:\/\/www.federacionfotovasca.org\/wp-content\/uploads\/2017\/05\/Congreso-Gernika_2017-05-20-17-28-15_827-copia.jpg\" target=\"_blank\" rel=\"noopener noreferrer\"><img loading=\"lazy\" decoding=\"async\" class=\"alignnone wp-image-12910\" src=\"https:\/\/www.federacionfotovasca.org\/wp-content\/uploads\/2017\/05\/Congreso-Gernika_2017-05-20-17-28-15_827-copia.jpg\" alt=\"\" width=\"172\" height=\"115\" srcset=\"https:\/\/blog.federacionfotovasca.org\/wp-content\/uploads\/2017\/05\/Congreso-Gernika_2017-05-20-17-28-15_827-copia.jpg 3859w, https:\/\/blog.federacionfotovasca.org\/wp-content\/uploads\/2017\/05\/Congreso-Gernika_2017-05-20-17-28-15_827-copia-300x200.jpg 300w, https:\/\/blog.federacionfotovasca.org\/wp-content\/uploads\/2017\/05\/Congreso-Gernika_2017-05-20-17-28-15_827-copia-620x413.jpg 620w, https:\/\/blog.federacionfotovasca.org\/wp-content\/uploads\/2017\/05\/Congreso-Gernika_2017-05-20-17-28-15_827-copia-768x512.jpg 768w, https:\/\/blog.federacionfotovasca.org\/wp-content\/uploads\/2017\/05\/Congreso-Gernika_2017-05-20-17-28-15_827-copia-940x627.jpg 940w\" sizes=\"auto, (max-width: 172px) 100vw, 172px\" \/><\/a> <a href=\"https:\/\/www.federacionfotovasca.org\/wp-content\/uploads\/2017\/05\/Congreso-Gernika_2017-05-20-17-29-27_831-copia.jpg\" target=\"_blank\" rel=\"noopener noreferrer\"><img loading=\"lazy\" decoding=\"async\" class=\"alignnone wp-image-12911\" src=\"https:\/\/www.federacionfotovasca.org\/wp-content\/uploads\/2017\/05\/Congreso-Gernika_2017-05-20-17-29-27_831-copia.jpg\" alt=\"\" width=\"174\" height=\"116\" srcset=\"https:\/\/blog.federacionfotovasca.org\/wp-content\/uploads\/2017\/05\/Congreso-Gernika_2017-05-20-17-29-27_831-copia.jpg 4136w, https:\/\/blog.federacionfotovasca.org\/wp-content\/uploads\/2017\/05\/Congreso-Gernika_2017-05-20-17-29-27_831-copia-300x200.jpg 300w, https:\/\/blog.federacionfotovasca.org\/wp-content\/uploads\/2017\/05\/Congreso-Gernika_2017-05-20-17-29-27_831-copia-620x413.jpg 620w, https:\/\/blog.federacionfotovasca.org\/wp-content\/uploads\/2017\/05\/Congreso-Gernika_2017-05-20-17-29-27_831-copia-768x512.jpg 768w, https:\/\/blog.federacionfotovasca.org\/wp-content\/uploads\/2017\/05\/Congreso-Gernika_2017-05-20-17-29-27_831-copia-940x627.jpg 940w\" sizes=\"auto, (max-width: 174px) 100vw, 174px\" \/><\/a> <a href=\"https:\/\/www.federacionfotovasca.org\/wp-content\/uploads\/2017\/05\/Congreso-Gernika_2017-05-20-17-29-33_835-copia.jpg\" target=\"_blank\" rel=\"noopener noreferrer\"><img loading=\"lazy\" decoding=\"async\" class=\"alignnone wp-image-12912\" src=\"https:\/\/www.federacionfotovasca.org\/wp-content\/uploads\/2017\/05\/Congreso-Gernika_2017-05-20-17-29-33_835-copia.jpg\" alt=\"\" width=\"172\" height=\"115\" srcset=\"https:\/\/blog.federacionfotovasca.org\/wp-content\/uploads\/2017\/05\/Congreso-Gernika_2017-05-20-17-29-33_835-copia.jpg 4493w, https:\/\/blog.federacionfotovasca.org\/wp-content\/uploads\/2017\/05\/Congreso-Gernika_2017-05-20-17-29-33_835-copia-300x200.jpg 300w, https:\/\/blog.federacionfotovasca.org\/wp-content\/uploads\/2017\/05\/Congreso-Gernika_2017-05-20-17-29-33_835-copia-620x413.jpg 620w, https:\/\/blog.federacionfotovasca.org\/wp-content\/uploads\/2017\/05\/Congreso-Gernika_2017-05-20-17-29-33_835-copia-768x512.jpg 768w, https:\/\/blog.federacionfotovasca.org\/wp-content\/uploads\/2017\/05\/Congreso-Gernika_2017-05-20-17-29-33_835-copia-940x627.jpg 940w\" sizes=\"auto, (max-width: 172px) 100vw, 172px\" \/><\/a> <a href=\"https:\/\/www.federacionfotovasca.org\/wp-content\/uploads\/2017\/05\/Congreso-Gernika_2017-05-20-17-29-48_840-copia.jpg\" target=\"_blank\" rel=\"noopener noreferrer\"><img loading=\"lazy\" decoding=\"async\" class=\"alignnone wp-image-12913\" src=\"https:\/\/www.federacionfotovasca.org\/wp-content\/uploads\/2017\/05\/Congreso-Gernika_2017-05-20-17-29-48_840-copia.jpg\" alt=\"\" width=\"173\" height=\"115\" srcset=\"https:\/\/blog.federacionfotovasca.org\/wp-content\/uploads\/2017\/05\/Congreso-Gernika_2017-05-20-17-29-48_840-copia.jpg 4493w, https:\/\/blog.federacionfotovasca.org\/wp-content\/uploads\/2017\/05\/Congreso-Gernika_2017-05-20-17-29-48_840-copia-300x200.jpg 300w, https:\/\/blog.federacionfotovasca.org\/wp-content\/uploads\/2017\/05\/Congreso-Gernika_2017-05-20-17-29-48_840-copia-620x413.jpg 620w, https:\/\/blog.federacionfotovasca.org\/wp-content\/uploads\/2017\/05\/Congreso-Gernika_2017-05-20-17-29-48_840-copia-768x512.jpg 768w, https:\/\/blog.federacionfotovasca.org\/wp-content\/uploads\/2017\/05\/Congreso-Gernika_2017-05-20-17-29-48_840-copia-940x627.jpg 940w\" sizes=\"auto, (max-width: 173px) 100vw, 173px\" \/><\/a> <a href=\"https:\/\/www.federacionfotovasca.org\/wp-content\/uploads\/2017\/05\/Congreso-Gernika_2017-05-20-17-31-25_841-copia.jpg\" target=\"_blank\" rel=\"noopener noreferrer\"><img loading=\"lazy\" decoding=\"async\" class=\"alignnone wp-image-12914\" src=\"https:\/\/www.federacionfotovasca.org\/wp-content\/uploads\/2017\/05\/Congreso-Gernika_2017-05-20-17-31-25_841-copia.jpg\" alt=\"\" width=\"174\" height=\"116\" srcset=\"https:\/\/blog.federacionfotovasca.org\/wp-content\/uploads\/2017\/05\/Congreso-Gernika_2017-05-20-17-31-25_841-copia.jpg 4047w, https:\/\/blog.federacionfotovasca.org\/wp-content\/uploads\/2017\/05\/Congreso-Gernika_2017-05-20-17-31-25_841-copia-300x200.jpg 300w, https:\/\/blog.federacionfotovasca.org\/wp-content\/uploads\/2017\/05\/Congreso-Gernika_2017-05-20-17-31-25_841-copia-620x413.jpg 620w, https:\/\/blog.federacionfotovasca.org\/wp-content\/uploads\/2017\/05\/Congreso-Gernika_2017-05-20-17-31-25_841-copia-768x512.jpg 768w, https:\/\/blog.federacionfotovasca.org\/wp-content\/uploads\/2017\/05\/Congreso-Gernika_2017-05-20-17-31-25_841-copia-940x627.jpg 940w\" sizes=\"auto, (max-width: 174px) 100vw, 174px\" \/><\/a> <a href=\"https:\/\/www.federacionfotovasca.org\/wp-content\/uploads\/2017\/05\/Congreso-Gernika_2017-05-20-17-43-11_844-copia.jpg\" target=\"_blank\" rel=\"noopener noreferrer\"><img loading=\"lazy\" decoding=\"async\" class=\"alignnone wp-image-12915\" src=\"https:\/\/www.federacionfotovasca.org\/wp-content\/uploads\/2017\/05\/Congreso-Gernika_2017-05-20-17-43-11_844-copia.jpg\" alt=\"\" width=\"173\" height=\"115\" srcset=\"https:\/\/blog.federacionfotovasca.org\/wp-content\/uploads\/2017\/05\/Congreso-Gernika_2017-05-20-17-43-11_844-copia.jpg 4493w, https:\/\/blog.federacionfotovasca.org\/wp-content\/uploads\/2017\/05\/Congreso-Gernika_2017-05-20-17-43-11_844-copia-300x200.jpg 300w, https:\/\/blog.federacionfotovasca.org\/wp-content\/uploads\/2017\/05\/Congreso-Gernika_2017-05-20-17-43-11_844-copia-620x413.jpg 620w, https:\/\/blog.federacionfotovasca.org\/wp-content\/uploads\/2017\/05\/Congreso-Gernika_2017-05-20-17-43-11_844-copia-768x512.jpg 768w, https:\/\/blog.federacionfotovasca.org\/wp-content\/uploads\/2017\/05\/Congreso-Gernika_2017-05-20-17-43-11_844-copia-940x627.jpg 940w\" sizes=\"auto, (max-width: 173px) 100vw, 173px\" \/><\/a> <a href=\"https:\/\/www.federacionfotovasca.org\/wp-content\/uploads\/2017\/05\/Congreso-Gernika_2017-05-20-17-43-24_845-copia.jpg\" target=\"_blank\" rel=\"noopener noreferrer\"><img loading=\"lazy\" decoding=\"async\" class=\"alignnone wp-image-12916\" src=\"https:\/\/www.federacionfotovasca.org\/wp-content\/uploads\/2017\/05\/Congreso-Gernika_2017-05-20-17-43-24_845-copia.jpg\" alt=\"\" width=\"171\" height=\"114\" srcset=\"https:\/\/blog.federacionfotovasca.org\/wp-content\/uploads\/2017\/05\/Congreso-Gernika_2017-05-20-17-43-24_845-copia.jpg 4493w, https:\/\/blog.federacionfotovasca.org\/wp-content\/uploads\/2017\/05\/Congreso-Gernika_2017-05-20-17-43-24_845-copia-300x200.jpg 300w, https:\/\/blog.federacionfotovasca.org\/wp-content\/uploads\/2017\/05\/Congreso-Gernika_2017-05-20-17-43-24_845-copia-620x413.jpg 620w, https:\/\/blog.federacionfotovasca.org\/wp-content\/uploads\/2017\/05\/Congreso-Gernika_2017-05-20-17-43-24_845-copia-768x512.jpg 768w, https:\/\/blog.federacionfotovasca.org\/wp-content\/uploads\/2017\/05\/Congreso-Gernika_2017-05-20-17-43-24_845-copia-940x627.jpg 940w\" sizes=\"auto, (max-width: 171px) 100vw, 171px\" \/><\/a> <a href=\"https:\/\/www.federacionfotovasca.org\/wp-content\/uploads\/2017\/05\/Congreso-Gernika_2017-05-20-17-55-24_849-copia.jpg\" target=\"_blank\" rel=\"noopener noreferrer\"><img loading=\"lazy\" decoding=\"async\" class=\"alignnone wp-image-12917\" src=\"https:\/\/www.federacionfotovasca.org\/wp-content\/uploads\/2017\/05\/Congreso-Gernika_2017-05-20-17-55-24_849-copia.jpg\" alt=\"\" width=\"174\" height=\"116\" srcset=\"https:\/\/blog.federacionfotovasca.org\/wp-content\/uploads\/2017\/05\/Congreso-Gernika_2017-05-20-17-55-24_849-copia.jpg 4070w, https:\/\/blog.federacionfotovasca.org\/wp-content\/uploads\/2017\/05\/Congreso-Gernika_2017-05-20-17-55-24_849-copia-300x200.jpg 300w, https:\/\/blog.federacionfotovasca.org\/wp-content\/uploads\/2017\/05\/Congreso-Gernika_2017-05-20-17-55-24_849-copia-620x413.jpg 620w, https:\/\/blog.federacionfotovasca.org\/wp-content\/uploads\/2017\/05\/Congreso-Gernika_2017-05-20-17-55-24_849-copia-768x512.jpg 768w, https:\/\/blog.federacionfotovasca.org\/wp-content\/uploads\/2017\/05\/Congreso-Gernika_2017-05-20-17-55-24_849-copia-940x627.jpg 940w\" sizes=\"auto, (max-width: 174px) 100vw, 174px\" \/><\/a> <a href=\"https:\/\/www.federacionfotovasca.org\/wp-content\/uploads\/2017\/05\/Congreso-Gernika_2017-05-20-18-00-04_853-copia.jpg\" target=\"_blank\" rel=\"noopener noreferrer\"><img loading=\"lazy\" decoding=\"async\" class=\"alignnone wp-image-12918\" src=\"https:\/\/www.federacionfotovasca.org\/wp-content\/uploads\/2017\/05\/Congreso-Gernika_2017-05-20-18-00-04_853-copia.jpg\" alt=\"\" width=\"174\" height=\"116\" srcset=\"https:\/\/blog.federacionfotovasca.org\/wp-content\/uploads\/2017\/05\/Congreso-Gernika_2017-05-20-18-00-04_853-copia.jpg 4011w, https:\/\/blog.federacionfotovasca.org\/wp-content\/uploads\/2017\/05\/Congreso-Gernika_2017-05-20-18-00-04_853-copia-300x200.jpg 300w, https:\/\/blog.federacionfotovasca.org\/wp-content\/uploads\/2017\/05\/Congreso-Gernika_2017-05-20-18-00-04_853-copia-620x413.jpg 620w, https:\/\/blog.federacionfotovasca.org\/wp-content\/uploads\/2017\/05\/Congreso-Gernika_2017-05-20-18-00-04_853-copia-768x512.jpg 768w, https:\/\/blog.federacionfotovasca.org\/wp-content\/uploads\/2017\/05\/Congreso-Gernika_2017-05-20-18-00-04_853-copia-940x627.jpg 940w\" sizes=\"auto, (max-width: 174px) 100vw, 174px\" \/><\/a><\/p>\n","protected":false},"excerpt":{"rendered":"<p>Nuevas fotograf\u00edas de los compa\u00f1eros de Gernika, de Jose Ram\u00f3n Erezuma en Flickr: Un a\u00f1o m\u00e1s se clausura un nuevo Congreso y esta vez desde Gernika y con el invitado de honor Gabriel Brau. Gracias a todos por vuestra participaci\u00f3n. &hellip; <a href=\"https:\/\/blog.federacionfotovasca.org\/eu\/congreso-en-gernika-2017\/\">Continue reading <span class=\"meta-nav\">&rarr;<\/span><\/a><\/p>\n","protected":false},"author":1,"featured_media":0,"comment_status":"open","ping_status":"open","sticky":false,"template":"","format":"standard","meta":{"footnotes":""},"categories":[15,22],"tags":[417,557],"class_list":["post-12840","post","type-post","status-publish","format-standard","hentry","category-general","category-congreso","tag-congreso","tag-gernika"],"_links":{"self":[{"href":"https:\/\/blog.federacionfotovasca.org\/eu\/wp-json\/wp\/v2\/posts\/12840","targetHints":{"allow":["GET"]}}],"collection":[{"href":"https:\/\/blog.federacionfotovasca.org\/eu\/wp-json\/wp\/v2\/posts"}],"about":[{"href":"https:\/\/blog.federacionfotovasca.org\/eu\/wp-json\/wp\/v2\/types\/post"}],"author":[{"embeddable":true,"href":"https:\/\/blog.federacionfotovasca.org\/eu\/wp-json\/wp\/v2\/users\/1"}],"replies":[{"embeddable":true,"href":"https:\/\/blog.federacionfotovasca.org\/eu\/wp-json\/wp\/v2\/comments?post=12840"}],"version-history":[{"count":1,"href":"https:\/\/blog.federacionfotovasca.org\/eu\/wp-json\/wp\/v2\/posts\/12840\/revisions"}],"predecessor-version":[{"id":12979,"href":"https:\/\/blog.federacionfotovasca.org\/eu\/wp-json\/wp\/v2\/posts\/12840\/revisions\/12979"}],"wp:attachment":[{"href":"https:\/\/blog.federacionfotovasca.org\/eu\/wp-json\/wp\/v2\/media?parent=12840"}],"wp:term":[{"taxonomy":"category","embeddable":true,"href":"https:\/\/blog.federacionfotovasca.org\/eu\/wp-json\/wp\/v2\/categories?post=12840"},{"taxonomy":"post_tag","embeddable":true,"href":"https:\/\/blog.federacionfotovasca.org\/eu\/wp-json\/wp\/v2\/tags?post=12840"}],"curies":[{"name":"wp","href":"https:\/\/api.w.org\/{rel}","templated":true}]}}