{"id":13115,"date":"2017-06-30T13:03:33","date_gmt":"2017-06-30T11:03:33","guid":{"rendered":"https:\/\/www.federacionfotovasca.org\/?p=13115"},"modified":"2017-06-30T13:11:27","modified_gmt":"2017-06-30T11:11:27","slug":"curso-sobre-composicion-fotografica-impartido-por-jose-benito-ruiz-en-derio-bizkaia-dat","status":"publish","type":"post","link":"https:\/\/blog.federacionfotovasca.org\/eu\/curso-sobre-composicion-fotografica-impartido-por-jose-benito-ruiz-en-derio-bizkaia-dat\/","title":{"rendered":"Curso sobre composici\u00f3n fotogr\u00e1fica impartido por Jos\u00e9 Benito Ruiz en Derio, Bizkaia &#8211; DAT"},"content":{"rendered":"<p><a href=\"https:\/\/www.federacionfotovasca.org\/wp-content\/uploads\/2017\/06\/DAT.png\"><img loading=\"lazy\" decoding=\"async\" class=\"alignnone size-full wp-image-13122\" src=\"https:\/\/www.federacionfotovasca.org\/wp-content\/uploads\/2017\/06\/DAT.png\" alt=\"\" width=\"216\" height=\"142\" \/><\/a> \u00a0 \u00a0 \u00a0 \u00a0 \u00a0 \u00a0 \u00a0 \u00a0 \u00a0 \u00a0 \u00a0 \u00a0 \u00a0 \u00a0 \u00a0 \u00a0 \u00a0 \u00a0 \u00a0 \u00a0\u00a0 <img loading=\"lazy\" decoding=\"async\" class=\"size-full wp-image-13117 alignnone\" src=\"https:\/\/www.federacionfotovasca.org\/wp-content\/uploads\/2017\/06\/DERIO.png\" alt=\"\" width=\"192\" height=\"81\" \/>\u00a0\u00a0\u00a0\u00a0\u00a0\u00a0 \u00a0 \u00a0 \u00a0 \u00a0 \u00a0 \u00a0 \u00a0 \u00a0 \u00a0 \u00a0 \u00a0 \u00a0\u00a0 \u00a0\u00a0\u00a0\u00a0 <a href=\"https:\/\/www.federacionfotovasca.org\/wp-content\/uploads\/2017\/06\/Holiday.png\"><img loading=\"lazy\" decoding=\"async\" class=\"alignnone size-full wp-image-13120\" src=\"https:\/\/www.federacionfotovasca.org\/wp-content\/uploads\/2017\/06\/Holiday.png\" alt=\"\" width=\"161\" height=\"161\" srcset=\"https:\/\/blog.federacionfotovasca.org\/wp-content\/uploads\/2017\/06\/Holiday.png 161w, https:\/\/blog.federacionfotovasca.org\/wp-content\/uploads\/2017\/06\/Holiday-160x160.png 160w\" sizes=\"auto, (max-width: 161px) 100vw, 161px\" \/><\/a><\/p>\n<p>Derioko Argazki Taldea (DAT) organiza un seminario sobre composici\u00f3n fotogr\u00e1fica a cargo del naturalista y fot\u00f3grafo <span style=\"color: #00ff00;\">Jos\u00e9 Benito Ruiz<\/span>. Como muchos de vosotros sab\u00e9is, actualmente es uno de los mejores docentes sobre composici\u00f3n fotogr\u00e1fica en Espa\u00f1a.<\/p>\n<p>El seminario ser\u00e1 los d\u00edas 28 y 29 de octubre de 2017. El s\u00e1bado el horario ser\u00e1 de 10:00 a 20:00 y el domingo de 10:00 a 14:00.<\/p>\n<p>Se impartir\u00e1 en el hotel Holiday Inn Express de Derio (Bizkaia), situado cerca del aeropuerto de Bilbao. Este hotel cuenta con parking gratuito para los asistentes.<\/p>\n<p>El precio del curso es de 100 euros. Incluye la comida del s\u00e1bado y los desayunos de trabajo del s\u00e1bado y domingo. Para los socios de DAT el precio es de 80 euros y para los miembros de la Federaci\u00f3n Vasca de Fotograf\u00eda-EHATE (con carnet) el precio es de 90 euros.<\/p>\n<p>Para apuntarse deb\u00e9is enviar un email a datfotoderio@gmail.com adjuntando el justificante de ingreso. Los socios de EHATE deber\u00e1n adjuntar tambi\u00e9n una copia del carnet de socios indicando la asociaci\u00f3n a la que pertenecen. El pago debe hacerse mediante transferencia a la cuenta del Banco Sabadell<br \/>\nES55 0081 4284 6800 0108 4716 a nombre de Derioko Argazki Taldea. \u00a1Os esperamos!<\/p>\n<p>El n\u00famero de plazas es limitado a 35 asistentes.<\/p>\n<p>Para cualquier duda pod\u00e9is enviar vuestra consulta a este mismo correo o a <a href=\"mailto:datfotoderio@gmail.com\" target=\"_blank\" rel=\"noopener noreferrer\">datfotoderio@gmail.com<\/a><\/p>\n<p>M\u00e1s info en:<\/p>\n<p><a href=\"http:\/\/www.datfotoderio.com\" target=\"_blank\" rel=\"noopener noreferrer\">www.datfotoderio.com<\/a>\u00a0\u00a0\u00a0\u00a0\u00a0\u00a0\u00a0 &#8211;\u00a0\u00a0\u00a0\u00a0\u00a0\u00a0\u00a0\u00a0 <a href=\"http:\/\/www.facebook.com\/datfotoderio\" target=\"_blank\" rel=\"noopener noreferrer\">www.facebook.com\/datfotoderio<\/a><\/p>\n<p><a href=\"http:\/\/josebruiz.com\/\" target=\"_blank\" rel=\"noopener noreferrer\">josebruiz.com<\/a>\u00a0\u00a0\u00a0\u00a0\u00a0\u00a0\u00a0 Tambi\u00e9n en el tel\u00e9fono 688 66 67 75<\/p>\n","protected":false},"excerpt":{"rendered":"<p>\u00a0 \u00a0 \u00a0 \u00a0 \u00a0 \u00a0 \u00a0 \u00a0 \u00a0 \u00a0 \u00a0 \u00a0 \u00a0 \u00a0 \u00a0 \u00a0 \u00a0 \u00a0 \u00a0 \u00a0\u00a0 \u00a0\u00a0\u00a0\u00a0\u00a0\u00a0 \u00a0 \u00a0 \u00a0 \u00a0 \u00a0 \u00a0 \u00a0 \u00a0 \u00a0 \u00a0 \u00a0 \u00a0\u00a0 \u00a0\u00a0\u00a0\u00a0 Derioko Argazki Taldea (DAT) organiza un &hellip; <a href=\"https:\/\/blog.federacionfotovasca.org\/eu\/curso-sobre-composicion-fotografica-impartido-por-jose-benito-ruiz-en-derio-bizkaia-dat\/\">Continue reading <span class=\"meta-nav\">&rarr;<\/span><\/a><\/p>\n","protected":false},"author":1,"featured_media":0,"comment_status":"open","ping_status":"open","sticky":false,"template":"","format":"standard","meta":{"footnotes":""},"categories":[3],"tags":[141,424,368],"class_list":["post-13115","post","type-post","status-publish","format-standard","hentry","category-fotografos","tag-derio","tag-fotografs","tag-jose-benito-ruiz"],"_links":{"self":[{"href":"https:\/\/blog.federacionfotovasca.org\/eu\/wp-json\/wp\/v2\/posts\/13115","targetHints":{"allow":["GET"]}}],"collection":[{"href":"https:\/\/blog.federacionfotovasca.org\/eu\/wp-json\/wp\/v2\/posts"}],"about":[{"href":"https:\/\/blog.federacionfotovasca.org\/eu\/wp-json\/wp\/v2\/types\/post"}],"author":[{"embeddable":true,"href":"https:\/\/blog.federacionfotovasca.org\/eu\/wp-json\/wp\/v2\/users\/1"}],"replies":[{"embeddable":true,"href":"https:\/\/blog.federacionfotovasca.org\/eu\/wp-json\/wp\/v2\/comments?post=13115"}],"version-history":[{"count":1,"href":"https:\/\/blog.federacionfotovasca.org\/eu\/wp-json\/wp\/v2\/posts\/13115\/revisions"}],"predecessor-version":[{"id":13126,"href":"https:\/\/blog.federacionfotovasca.org\/eu\/wp-json\/wp\/v2\/posts\/13115\/revisions\/13126"}],"wp:attachment":[{"href":"https:\/\/blog.federacionfotovasca.org\/eu\/wp-json\/wp\/v2\/media?parent=13115"}],"wp:term":[{"taxonomy":"category","embeddable":true,"href":"https:\/\/blog.federacionfotovasca.org\/eu\/wp-json\/wp\/v2\/categories?post=13115"},{"taxonomy":"post_tag","embeddable":true,"href":"https:\/\/blog.federacionfotovasca.org\/eu\/wp-json\/wp\/v2\/tags?post=13115"}],"curies":[{"name":"wp","href":"https:\/\/api.w.org\/{rel}","templated":true}]}}