{"id":14096,"date":"2018-01-18T10:23:25","date_gmt":"2018-01-18T09:23:25","guid":{"rendered":"https:\/\/www.federacionfotovasca.org\/?p=14096"},"modified":"2018-01-18T10:47:31","modified_gmt":"2018-01-18T09:47:31","slug":"congreso-fafpv-2018-carnets-ehate","status":"publish","type":"post","link":"https:\/\/blog.federacionfotovasca.org\/eu\/congreso-fafpv-2018-carnets-ehate\/","title":{"rendered":"Carnets EHATE &#8211; Congreso FAFPV 2018"},"content":{"rendered":"<p class=\"p1\">Hola a todos,<\/p>\n<p class=\"p1\">Informaros de que el pr\u00f3ximo\u00a0congreso de la FAFPV\/EHATE ser\u00e1 el pr\u00f3ximo\u00a0<span style=\"color: #00ff00;\">5 de Mayo, en Pamplona<\/span>. Durante el mismo, se realizara la entrega de premios del trofeo Argizaiola, as\u00ed\u00a0como los t\u00edtulos\u00a0de la FIAP y la CEF. As\u00ed\u00a0que ya pod\u00e9is\u00a0ir reservando esta fecha en vuestras agendas para juntarnos todos y pasar un gran d\u00eda.<\/p>\n<p class=\"p1\">Por otro lado os recuerdo que, si alguna persona de las Asociaciones aun no tiene el carnet de la Federaci\u00f3n, y estuviera interesado en tenerlo, ahora puede solicitarlo, y se lo entregaremos en Pamplona, durante el congreso. Los interesados poneos en contacto con\u00a0Jos\u00e9 Ignacio Rodr\u00edguez en la direcci\u00f3n <a href=\"mailto:carnets.ehate@gmail.com\"><span class=\"s1\"><b>carnets.ehate@gmail.com<\/b><\/span><\/a>.<\/p>\n<p class=\"p1\">Saludos,<\/p>\n<p class=\"p1\" style=\"text-align: center;\">&#8212;&#8212;&#8212;&#8212;&#8212;&#8212;&#8212;&#8212;&#8212;&#8212;&#8212;&#8212;&#8212;&#8212;&#8212;&#8212;&#8212;&#8212;&#8212;&#8212;&#8212;&#8212;&#8212;&#8212;&#8212;&#8212;&#8212;&#8212;&#8212;&#8212;&#8212;&#8212;&#8212;&#8212;&#8212;&#8212;&#8212;&#8212;&#8212;&#8212;&#8212;&#8212;&#8212;&#8212;&#8212;&#8212;<\/p>\n<p class=\"p1\">Kaixo guztioi,<\/p>\n<p class=\"p1\">Jakinarazi dizuegu\u00a0 FAFPV \/ EHATEko Kongresua hurrengo Maiatza 5an izango da Iru\u00f1ean. Aldi berean, Argizaiola sariaren sari banaketa egingo da, eta FIAP eta CEF izenburuak ere. Beraz, dagoeneko gorde dezakezu zure agendetan egun hau, denok biltzeko eta egun handia pasatzeko.<\/p>\n<p class=\"p1\">Beste alde batetik, gogorarazten dizuegu, edozein elkarteeko kidea EHATEko txartelik ez badu eta edukitzea nahi badute, orain eska dezakete, eta Iru\u00f1ean emango diegu, kongresuan. Interesa duten guztionk, Jos\u00c9 Ignacio Rodr\u00cdguez-ekin harremanetan jartzeko<b> <\/b><a href=\"mailto:carnets.ehate@gmail.com\"><span class=\"s1\"><b>carnets.ehate@gmail.com<\/b><\/span><\/a> helbidean.<\/p>\n<p class=\"p1\">Ondo izan,<\/p>\n<p class=\"p1\">Jos\u00e9 Ignacio Rodr\u00edguez<\/p>\n<p class=\"p1\">CARNETS EHATE<\/p>\n","protected":false},"excerpt":{"rendered":"<p>Hola a todos, Informaros de que el pr\u00f3ximo\u00a0congreso de la FAFPV\/EHATE ser\u00e1 el pr\u00f3ximo\u00a05 de Mayo, en Pamplona. Durante el mismo, se realizara la entrega de premios del trofeo Argizaiola, as\u00ed\u00a0como los t\u00edtulos\u00a0de la FIAP y la CEF. As\u00ed\u00a0que ya &hellip; <a href=\"https:\/\/blog.federacionfotovasca.org\/eu\/congreso-fafpv-2018-carnets-ehate\/\">Continue reading <span class=\"meta-nav\">&rarr;<\/span><\/a><\/p>\n","protected":false},"author":1,"featured_media":0,"comment_status":"open","ping_status":"open","sticky":false,"template":"","format":"standard","meta":{"footnotes":""},"categories":[22],"tags":[417,66,441],"class_list":["post-14096","post","type-post","status-publish","format-standard","hentry","category-congreso","tag-congreso","tag-navarra","tag-pamplona"],"_links":{"self":[{"href":"https:\/\/blog.federacionfotovasca.org\/eu\/wp-json\/wp\/v2\/posts\/14096","targetHints":{"allow":["GET"]}}],"collection":[{"href":"https:\/\/blog.federacionfotovasca.org\/eu\/wp-json\/wp\/v2\/posts"}],"about":[{"href":"https:\/\/blog.federacionfotovasca.org\/eu\/wp-json\/wp\/v2\/types\/post"}],"author":[{"embeddable":true,"href":"https:\/\/blog.federacionfotovasca.org\/eu\/wp-json\/wp\/v2\/users\/1"}],"replies":[{"embeddable":true,"href":"https:\/\/blog.federacionfotovasca.org\/eu\/wp-json\/wp\/v2\/comments?post=14096"}],"version-history":[{"count":1,"href":"https:\/\/blog.federacionfotovasca.org\/eu\/wp-json\/wp\/v2\/posts\/14096\/revisions"}],"predecessor-version":[{"id":14107,"href":"https:\/\/blog.federacionfotovasca.org\/eu\/wp-json\/wp\/v2\/posts\/14096\/revisions\/14107"}],"wp:attachment":[{"href":"https:\/\/blog.federacionfotovasca.org\/eu\/wp-json\/wp\/v2\/media?parent=14096"}],"wp:term":[{"taxonomy":"category","embeddable":true,"href":"https:\/\/blog.federacionfotovasca.org\/eu\/wp-json\/wp\/v2\/categories?post=14096"},{"taxonomy":"post_tag","embeddable":true,"href":"https:\/\/blog.federacionfotovasca.org\/eu\/wp-json\/wp\/v2\/tags?post=14096"}],"curies":[{"name":"wp","href":"https:\/\/api.w.org\/{rel}","templated":true}]}}