{"id":14098,"date":"2018-01-18T10:28:12","date_gmt":"2018-01-18T09:28:12","guid":{"rendered":"https:\/\/www.federacionfotovasca.org\/?p=14098"},"modified":"2018-01-18T10:49:34","modified_gmt":"2018-01-18T09:49:34","slug":"inicio-curso-de-fotografia-19-enero-2018-afcn","status":"publish","type":"post","link":"https:\/\/blog.federacionfotovasca.org\/eu\/inicio-curso-de-fotografia-19-enero-2018-afcn\/","title":{"rendered":"Inicio Curso de fotograf\u00eda 19 enero 2018 &#8211; AFCN"},"content":{"rendered":"<div><a href=\"http:\/\/www.agrupacionfotonavarra.com\/\" target=\"_blank\" rel=\"noopener\"><img loading=\"lazy\" decoding=\"async\" class=\"alignnone size-full wp-image-5745\" src=\"https:\/\/www.federacionfotovasca.org\/wp-content\/uploads\/2014\/04\/AFCN.png\" alt=\"\" width=\"300\" height=\"77\" \/><\/a><\/div>\n<div><span style=\"color: #333333;\">.<\/span><\/div>\n<div><span style=\"font-family: Calibri;\">\u00a0El viernes\u00a019 enero, en la Agrupaci\u00f3n Fotogr\u00e1fica y Cinematogr\u00e1fica de Navarra,\u00a0<\/span><span style=\"font-family: Calibri;\">comienza el curso de fotograf\u00eda creativa\u00a0<span style=\"color: #0000ff;\"><em>La construcci\u00f3n de la mirada<\/em>.\u00a0<\/span><\/span><span style=\"font-family: Calibri;\">A\u00f1o nuevo, proyecto nuevo, para t\u00ed o para alguien\u00a0a quien conoces.\u00a0<\/span><span style=\"font-family: Calibri;\">Vamos a construir, a crear, a disfrutar&#8230;<\/span><\/div>\n<div><span style=\"font-family: Calibri;\">Todav\u00eda queda alguna plaza.<\/span><\/div>\n<div><span style=\"font-family: Calibri;\"> Inscripciones en:\u00a0<a title=\"http:\/\/www.agrupacionfotonavarra.com\/cursos.php?id_curso =344 CTRL + clic para seguir el v\u00ednculo\" href=\"http:\/\/www.agrupacionfotonavarra.com\/cursos.php?id_curso%20%20=344\" target=\"_blank\" rel=\"noopener\" data-saferedirecturl=\"https:\/\/www.google.com\/url?hl=es&amp;q=http:\/\/www.agrupacionfotonavarra.com\/cursos.php?id_curso%2520%2520%3D344&amp;source=gmail&amp;ust=1516353863862000&amp;usg=AFQjCNFhSTht245GWbJ63cITbvtP903Xvg\">\u00a0<\/a><a title=\"http:\/\/www.agrupacionfotonavarra.com CTRL + clic para seguir el v\u00ednculo\" href=\"http:\/\/www.agrupacionfotonavarra.com\/\" target=\"_blank\" rel=\"noopener\" data-saferedirecturl=\"https:\/\/www.google.com\/url?hl=es&amp;q=http:\/\/www.agrupacionfotonavarra.com&amp;source=gmail&amp;ust=1516353863862000&amp;usg=AFQjCNHVM5GzCkWEbmVMRmlObwF9bW8QKA\">www.<wbr \/>agrupacionfotonavarra.com<\/a><\/span><\/div>\n<div><span style=\"color: #333333;\">\u00a0.<\/span><\/div>\n<div><span style=\"font-family: Calibri;\">Saludos,<\/span><\/div>\n<div><\/div>\n<div><span style=\"color: #800000; font-family: Calibri;\"><a href=\"tel:948%2027%2003%2055\" target=\"_blank\" rel=\"noopener\">948 270 355<\/a>\u00a0 \u00a0&#8211; \u00a0 \u00a0<\/span><span style=\"color: #800000; font-family: Calibri;\"><a href=\"tel:948%2020%2068%2031\" target=\"_blank\" rel=\"noopener\">948 206 831<\/a> Taller de Arte<\/span><\/div>\n<div><span style=\"color: #333333;\">.\u00a0<\/span><\/div>\n<div><a title=\"https:\/\/www.facebook.com\/Bidari-ARTE-476856169036134\/ CTRL + clic para seguir el v\u00ednculo\" href=\"https:\/\/www.facebook.com\/Bidari-ARTE-476856169036134\/\" target=\"_blank\" rel=\"noopener\" data-saferedirecturl=\"https:\/\/www.google.com\/url?hl=es&amp;q=https:\/\/www.facebook.com\/Bidari-ARTE-476856169036134\/&amp;source=gmail&amp;ust=1516353863862000&amp;usg=AFQjCNFHxkIs2VLre5P8xbjJlZK_688ACw\"><span style=\"color: #ccffff;\">Bidari-ARTE espacio creativo<\/span><\/a><\/div>\n","protected":false},"excerpt":{"rendered":"<p>. \u00a0El viernes\u00a019 enero, en la Agrupaci\u00f3n Fotogr\u00e1fica y Cinematogr\u00e1fica de Navarra,\u00a0comienza el curso de fotograf\u00eda creativa\u00a0La construcci\u00f3n de la mirada.\u00a0A\u00f1o nuevo, proyecto nuevo, para t\u00ed o para alguien\u00a0a quien conoces.\u00a0Vamos a construir, a crear, a disfrutar&#8230; Todav\u00eda queda alguna &hellip; <a href=\"https:\/\/blog.federacionfotovasca.org\/eu\/inicio-curso-de-fotografia-19-enero-2018-afcn\/\">Continue reading <span class=\"meta-nav\">&rarr;<\/span><\/a><\/p>\n","protected":false},"author":1,"featured_media":0,"comment_status":"open","ping_status":"open","sticky":false,"template":"","format":"standard","meta":{"footnotes":""},"categories":[39],"tags":[421,66,441],"class_list":["post-14098","post","type-post","status-publish","format-standard","hentry","category-cursos","tag-cursos","tag-navarra","tag-pamplona"],"_links":{"self":[{"href":"https:\/\/blog.federacionfotovasca.org\/eu\/wp-json\/wp\/v2\/posts\/14098","targetHints":{"allow":["GET"]}}],"collection":[{"href":"https:\/\/blog.federacionfotovasca.org\/eu\/wp-json\/wp\/v2\/posts"}],"about":[{"href":"https:\/\/blog.federacionfotovasca.org\/eu\/wp-json\/wp\/v2\/types\/post"}],"author":[{"embeddable":true,"href":"https:\/\/blog.federacionfotovasca.org\/eu\/wp-json\/wp\/v2\/users\/1"}],"replies":[{"embeddable":true,"href":"https:\/\/blog.federacionfotovasca.org\/eu\/wp-json\/wp\/v2\/comments?post=14098"}],"version-history":[{"count":1,"href":"https:\/\/blog.federacionfotovasca.org\/eu\/wp-json\/wp\/v2\/posts\/14098\/revisions"}],"predecessor-version":[{"id":14108,"href":"https:\/\/blog.federacionfotovasca.org\/eu\/wp-json\/wp\/v2\/posts\/14098\/revisions\/14108"}],"wp:attachment":[{"href":"https:\/\/blog.federacionfotovasca.org\/eu\/wp-json\/wp\/v2\/media?parent=14098"}],"wp:term":[{"taxonomy":"category","embeddable":true,"href":"https:\/\/blog.federacionfotovasca.org\/eu\/wp-json\/wp\/v2\/categories?post=14098"},{"taxonomy":"post_tag","embeddable":true,"href":"https:\/\/blog.federacionfotovasca.org\/eu\/wp-json\/wp\/v2\/tags?post=14098"}],"curies":[{"name":"wp","href":"https:\/\/api.w.org\/{rel}","templated":true}]}}