{"id":1414,"date":"2009-04-16T19:34:12","date_gmt":"2009-04-16T18:34:12","guid":{"rendered":"https:\/\/www.federacionfotovasca.org\/?p=1414"},"modified":"2009-04-16T19:40:52","modified_gmt":"2009-04-16T18:40:52","slug":"apartado-de-compras","status":"publish","type":"post","link":"https:\/\/blog.federacionfotovasca.org\/eu\/apartado-de-compras\/","title":{"rendered":"Apartado de compras"},"content":{"rendered":"<p>Hemos creado una nueva secci\u00f3n para poder realizar compras de los libros o CD&#8217;s que publica la federaci\u00f3n.<\/p>\n<p>Podeis acceder a esta secci\u00f3n pinchando en la pesta\u00f1a COMPRAS del men\u00fa superior:<\/p>\n<p><img loading=\"lazy\" decoding=\"async\" class=\"size-full wp-image-1416 alignnone\" title=\"16-04-2009-20-38-13\" src=\"https:\/\/www.federacionfotovasca.org\/wp-content\/uploads\/2009\/04\/16-04-2009-20-38-13.jpg\" alt=\"16-04-2009-20-38-13\" width=\"640\" height=\"628\" srcset=\"https:\/\/blog.federacionfotovasca.org\/wp-content\/uploads\/2009\/04\/16-04-2009-20-38-13.jpg 640w, https:\/\/blog.federacionfotovasca.org\/wp-content\/uploads\/2009\/04\/16-04-2009-20-38-13-300x294.jpg 300w, https:\/\/blog.federacionfotovasca.org\/wp-content\/uploads\/2009\/04\/16-04-2009-20-38-13-620x608.jpg 620w\" sizes=\"auto, (max-width: 640px) 100vw, 640px\" \/><\/p>\n","protected":false},"excerpt":{"rendered":"<p>Hemos creado una nueva secci\u00f3n para poder realizar compras de los libros o CD&#8217;s que publica la federaci\u00f3n. Podeis acceder a esta secci\u00f3n pinchando en la pesta\u00f1a COMPRAS del men\u00fa superior:<\/p>\n","protected":false},"author":1,"featured_media":0,"comment_status":"open","ping_status":"open","sticky":false,"template":"","format":"standard","meta":{"footnotes":""},"categories":[9,23,8],"tags":[71],"class_list":["post-1414","post","type-post","status-publish","format-standard","hentry","category-federacion","category-noticias","category-web","tag-libro"],"_links":{"self":[{"href":"https:\/\/blog.federacionfotovasca.org\/eu\/wp-json\/wp\/v2\/posts\/1414","targetHints":{"allow":["GET"]}}],"collection":[{"href":"https:\/\/blog.federacionfotovasca.org\/eu\/wp-json\/wp\/v2\/posts"}],"about":[{"href":"https:\/\/blog.federacionfotovasca.org\/eu\/wp-json\/wp\/v2\/types\/post"}],"author":[{"embeddable":true,"href":"https:\/\/blog.federacionfotovasca.org\/eu\/wp-json\/wp\/v2\/users\/1"}],"replies":[{"embeddable":true,"href":"https:\/\/blog.federacionfotovasca.org\/eu\/wp-json\/wp\/v2\/comments?post=1414"}],"version-history":[{"count":1,"href":"https:\/\/blog.federacionfotovasca.org\/eu\/wp-json\/wp\/v2\/posts\/1414\/revisions"}],"predecessor-version":[{"id":1417,"href":"https:\/\/blog.federacionfotovasca.org\/eu\/wp-json\/wp\/v2\/posts\/1414\/revisions\/1417"}],"wp:attachment":[{"href":"https:\/\/blog.federacionfotovasca.org\/eu\/wp-json\/wp\/v2\/media?parent=1414"}],"wp:term":[{"taxonomy":"category","embeddable":true,"href":"https:\/\/blog.federacionfotovasca.org\/eu\/wp-json\/wp\/v2\/categories?post=1414"},{"taxonomy":"post_tag","embeddable":true,"href":"https:\/\/blog.federacionfotovasca.org\/eu\/wp-json\/wp\/v2\/tags?post=1414"}],"curies":[{"name":"wp","href":"https:\/\/api.w.org\/{rel}","templated":true}]}}