{"id":143,"date":"2006-07-29T15:05:01","date_gmt":"2006-07-29T15:05:01","guid":{"rendered":""},"modified":"2008-01-08T17:40:40","modified_gmt":"2008-01-08T17:40:40","slug":"exposicion-de-miguel-angel-de-arriba-en-salatxo-orrio","status":"publish","type":"post","link":"https:\/\/blog.federacionfotovasca.org\/eu\/exposicion-de-miguel-angel-de-arriba-en-salatxo-orrio\/","title":{"rendered":"Exposicion de Miguel Angel de Arriba en Salatxo (Orio)"},"content":{"rendered":"<p>Durante el mes de Agosto expone el fotografo cantabro Miguel Angel de Arriba una coleccion de fotografias de naturaleza en la Taberna Salatxo de Orio, Pero dejamos que el propio auto defina su trabajo:<\/p>\n<p><span style=\"color: #000000\" class=\"Apple-style-span khtml-block-placeholder\"><br \/>\n<\/span><\/p>\n<p style=\"margin: 0px; font: 12px Times New Roman; font-size-adjust: none; font-stretch: normal\">La exposici\u00f3n que hoy os muestro gira en torno a una de las disciplinas donde m\u00e1s a gusto me muevo, la naturaleza.<\/p>\n<p style=\"margin: 0px; font: 12px Times New Roman; font-size-adjust: none; font-stretch: normal\">Intento con mis fotos encontrar la belleza de los animales, la comunicaci\u00f3n con sus miradas y sus sentimientos, y en definitiva, plasmar desde un punto de vista personal\u00a0 este preciado regalo diario que tenemos y que en tantas ocasiones expoliamos o eliminamos.<\/p>\n<p style=\"margin: 0px; font: 12px Times New Roman; font-size-adjust: none; font-stretch: normal\">Espero que os guste y sobre todo que os provoque una reflexi\u00f3n sobre la importancia de conservar y proteger el maravilloso mundo de la naturaleza y la vida.<\/p>\n<p style=\"margin: 0px; font: 12px Times New Roman; font-size-adjust: none; font-stretch: normal\">Una muestra m\u00e1s amplia de mis fotograf\u00edas la pod\u00e9is encontrar en la web:<\/p>\n<p style=\"margin: 0px; font: 10px Verdana; font-size-adjust: none; font-stretch: normal\">http:\/\/www.photo.net\/photos\/migueldearriba<\/p>\n<p style=\"margin: 0px; font: 10px Verdana; font-size-adjust: none; font-stretch: normal\">&nbsp;<\/p>\n<p style=\"margin: 0px; font: 10px Verdana; font-size-adjust: none; font-stretch: normal\">Para los que no podais desplazros os pongo un enlace a la exo:<\/p>\n<p style=\"margin: 0px; font: 10px Verdana; font-size-adjust: none; font-stretch: normal\">http:\/\/www.ikapero.com\/thumbnails.php?album=66<\/p>\n<p><!--more--><\/p>\n","protected":false},"excerpt":{"rendered":"<p>Durante el mes de Agosto expone el fotografo cantabro Miguel Angel de Arriba una coleccion de fotografias de naturaleza en la Taberna Salatxo de Orio, Pero dejamos que el propio auto defina su trabajo: La exposici\u00f3n que hoy os muestro &hellip; <a href=\"https:\/\/blog.federacionfotovasca.org\/eu\/exposicion-de-miguel-angel-de-arriba-en-salatxo-orrio\/\">Continue reading <span class=\"meta-nav\">&rarr;<\/span><\/a><\/p>\n","protected":false},"author":1,"featured_media":0,"comment_status":"open","ping_status":"open","sticky":false,"template":"","format":"standard","meta":{"footnotes":""},"categories":[26],"tags":[4],"class_list":["post-143","post","type-post","status-publish","format-standard","hentry","category-expocisiones","tag-exposiciones"],"_links":{"self":[{"href":"https:\/\/blog.federacionfotovasca.org\/eu\/wp-json\/wp\/v2\/posts\/143","targetHints":{"allow":["GET"]}}],"collection":[{"href":"https:\/\/blog.federacionfotovasca.org\/eu\/wp-json\/wp\/v2\/posts"}],"about":[{"href":"https:\/\/blog.federacionfotovasca.org\/eu\/wp-json\/wp\/v2\/types\/post"}],"author":[{"embeddable":true,"href":"https:\/\/blog.federacionfotovasca.org\/eu\/wp-json\/wp\/v2\/users\/1"}],"replies":[{"embeddable":true,"href":"https:\/\/blog.federacionfotovasca.org\/eu\/wp-json\/wp\/v2\/comments?post=143"}],"version-history":[{"count":0,"href":"https:\/\/blog.federacionfotovasca.org\/eu\/wp-json\/wp\/v2\/posts\/143\/revisions"}],"wp:attachment":[{"href":"https:\/\/blog.federacionfotovasca.org\/eu\/wp-json\/wp\/v2\/media?parent=143"}],"wp:term":[{"taxonomy":"category","embeddable":true,"href":"https:\/\/blog.federacionfotovasca.org\/eu\/wp-json\/wp\/v2\/categories?post=143"},{"taxonomy":"post_tag","embeddable":true,"href":"https:\/\/blog.federacionfotovasca.org\/eu\/wp-json\/wp\/v2\/tags?post=143"}],"curies":[{"name":"wp","href":"https:\/\/api.w.org\/{rel}","templated":true}]}}