{"id":1433,"date":"2009-04-19T19:34:21","date_gmt":"2009-04-19T18:34:21","guid":{"rendered":"https:\/\/www.federacionfotovasca.org\/?p=1433"},"modified":"2009-04-19T19:36:05","modified_gmt":"2009-04-19T18:36:05","slug":"1433","status":"publish","type":"post","link":"https:\/\/blog.federacionfotovasca.org\/eu\/1433\/","title":{"rendered":""},"content":{"rendered":"<p>Acabamos de colgar en Flikr las fotos presentadas a los Argizaiola 2007 y 2008 que ten\u00edamos atrasadas y junto con las del 2009 y otros a\u00f1os anteriores representan una estupenda colecci\u00f3n de 1347 fotos para disfrutar.<\/p>\n<p>A la misma podeis acceder desde el apartado Galer\u00eda de Fotos de nuestra web:<\/p>\n<p><a href=\"http:\/\/www.flickr.com\/photos\/ehate\/collections\/\" target=\"_blank\"><img loading=\"lazy\" decoding=\"async\" class=\"alignnone size-full wp-image-1431\" title=\"19-04-2009-20-26-37\" src=\"https:\/\/www.federacionfotovasca.org\/wp-content\/uploads\/2009\/04\/19-04-2009-20-26-37.jpg\" alt=\"19-04-2009-20-26-37\" width=\"640\" height=\"92\" \/><\/a><\/p>\n<p><a href=\"http:\/\/www.flickr.com\/photos\/ehate\/collections\/72157605562928011\/\" target=\"_blank\"><img loading=\"lazy\" decoding=\"async\" class=\"alignnone size-full wp-image-1432\" style=\"border: 1px solid black;\" title=\"19-04-2009-20-17-19\" src=\"https:\/\/www.federacionfotovasca.org\/wp-content\/uploads\/2009\/04\/19-04-2009-20-17-19.jpg\" alt=\"19-04-2009-20-17-19\" width=\"640\" height=\"457\" srcset=\"https:\/\/blog.federacionfotovasca.org\/wp-content\/uploads\/2009\/04\/19-04-2009-20-17-19.jpg 640w, https:\/\/blog.federacionfotovasca.org\/wp-content\/uploads\/2009\/04\/19-04-2009-20-17-19-300x214.jpg 300w, https:\/\/blog.federacionfotovasca.org\/wp-content\/uploads\/2009\/04\/19-04-2009-20-17-19-620x443.jpg 620w\" sizes=\"auto, (max-width: 640px) 100vw, 640px\" \/><\/a><\/p>\n","protected":false},"excerpt":{"rendered":"<p>Acabamos de colgar en Flikr las fotos presentadas a los Argizaiola 2007 y 2008 que ten\u00edamos atrasadas y junto con las del 2009 y otros a\u00f1os anteriores representan una estupenda colecci\u00f3n de 1347 fotos para disfrutar. A la misma podeis &hellip; <a href=\"https:\/\/blog.federacionfotovasca.org\/eu\/1433\/\">Continue reading <span class=\"meta-nav\">&rarr;<\/span><\/a><\/p>\n","protected":false},"author":1,"featured_media":0,"comment_status":"open","ping_status":"open","sticky":false,"template":"","format":"standard","meta":{"footnotes":""},"categories":[36,9,8],"tags":[419,418,415],"class_list":["post-1433","post","type-post","status-publish","format-standard","hentry","category-concursos","category-federacion","category-web","tag-concursos","tag-noticias","tag-web"],"_links":{"self":[{"href":"https:\/\/blog.federacionfotovasca.org\/eu\/wp-json\/wp\/v2\/posts\/1433","targetHints":{"allow":["GET"]}}],"collection":[{"href":"https:\/\/blog.federacionfotovasca.org\/eu\/wp-json\/wp\/v2\/posts"}],"about":[{"href":"https:\/\/blog.federacionfotovasca.org\/eu\/wp-json\/wp\/v2\/types\/post"}],"author":[{"embeddable":true,"href":"https:\/\/blog.federacionfotovasca.org\/eu\/wp-json\/wp\/v2\/users\/1"}],"replies":[{"embeddable":true,"href":"https:\/\/blog.federacionfotovasca.org\/eu\/wp-json\/wp\/v2\/comments?post=1433"}],"version-history":[{"count":1,"href":"https:\/\/blog.federacionfotovasca.org\/eu\/wp-json\/wp\/v2\/posts\/1433\/revisions"}],"predecessor-version":[{"id":1436,"href":"https:\/\/blog.federacionfotovasca.org\/eu\/wp-json\/wp\/v2\/posts\/1433\/revisions\/1436"}],"wp:attachment":[{"href":"https:\/\/blog.federacionfotovasca.org\/eu\/wp-json\/wp\/v2\/media?parent=1433"}],"wp:term":[{"taxonomy":"category","embeddable":true,"href":"https:\/\/blog.federacionfotovasca.org\/eu\/wp-json\/wp\/v2\/categories?post=1433"},{"taxonomy":"post_tag","embeddable":true,"href":"https:\/\/blog.federacionfotovasca.org\/eu\/wp-json\/wp\/v2\/tags?post=1433"}],"curies":[{"name":"wp","href":"https:\/\/api.w.org\/{rel}","templated":true}]}}