{"id":14391,"date":"2018-04-29T00:04:58","date_gmt":"2018-04-28T22:04:58","guid":{"rendered":"https:\/\/www.federacionfotovasca.org\/?p=14391"},"modified":"2018-04-29T00:03:06","modified_gmt":"2018-04-28T22:03:06","slug":"zarauzko-xxxvii-argazki-rallya-xxxvii-rally-fotografico-de-zarautz","status":"publish","type":"post","link":"https:\/\/blog.federacionfotovasca.org\/eu\/zarauzko-xxxvii-argazki-rallya-xxxvii-rally-fotografico-de-zarautz\/","title":{"rendered":"Zarauzko XXXVII argazki rallya &#8211; XXXVII Rally fotogr\u00e1fico de Zarautz"},"content":{"rendered":"<p><a href=\"http:\/\/www.flickr.com\/photos\/zarauzkoargazkizaleelkartea\/\" target=\"_blank\" rel=\"noopener\"><img loading=\"lazy\" decoding=\"async\" class=\"alignnone wp-image-8531\" src=\"https:\/\/www.federacionfotovasca.org\/wp-content\/uploads\/2015\/04\/Zarautz.png\" alt=\"\" width=\"616\" height=\"118\" srcset=\"https:\/\/blog.federacionfotovasca.org\/wp-content\/uploads\/2015\/04\/Zarautz.png 987w, https:\/\/blog.federacionfotovasca.org\/wp-content\/uploads\/2015\/04\/Zarautz-300x57.png 300w, https:\/\/blog.federacionfotovasca.org\/wp-content\/uploads\/2015\/04\/Zarautz-620x119.png 620w, https:\/\/blog.federacionfotovasca.org\/wp-content\/uploads\/2015\/04\/Zarautz-768x147.png 768w, https:\/\/blog.federacionfotovasca.org\/wp-content\/uploads\/2015\/04\/Zarautz-940x180.png 940w, https:\/\/blog.federacionfotovasca.org\/wp-content\/uploads\/2015\/04\/Zarautz-980x189.png 980w\" sizes=\"auto, (max-width: 616px) 100vw, 616px\" \/><\/a><\/p>\n<p>Egun on argazkizale.<\/p>\n<p>Datorren <b>apirilak 29an<\/b>, igandea, ospatuko dugu Zarauzko XXXVII argazki rallya.<\/p>\n<p>Urtero bezala izen ematea Zarauzko argazkizale elkartearen egoitzan izango da, Zumalakarregi kaleko 16.zenbakiko 2. solairuan (Ebro Etxea) egunean bertan goizeko 9retatik 10etara, eta\u00a0atera beharreko gaiak bertan emango zaizkizue.<\/p>\n<p>Izen ematearen zenbatekoa 10\u20ackoa izango da (16 urtetik berakoentzat doakoa) eta hamaiketakoa doakoa izango da.<\/p>\n<p>Gainontzeko informazioa atxikita bidaltzen dizuedan PDF-an.<\/p>\n<p>Animatu eta etor zaitezte argakilaritzarekin egun zoragarria igarotzera.<\/p>\n<p style=\"text-align: center;\">&#8212;&#8212;&#8212;&#8212;&#8212;&#8212;&#8212;&#8212;&#8212;&#8212;&#8212;&#8212;&#8212;&#8212;&#8212;&#8212;&#8212;&#8212;&#8212;&#8212;&#8212;&#8212;&#8212;&#8212;&#8212;&#8212;&#8212;&#8212;&#8212;-<\/p>\n<p>Buenos d\u00edas fot\u00f3grafos.<\/p>\n<p>El pr\u00f3ximo <b>29 de abril<\/b>, domingo, se celebrar\u00e1 el XXXVII Rally fotogr\u00e1fico de Zarautz.<\/p>\n<p>Como cada a\u00f1o, la inscripci\u00f3n tendr\u00e1 lugar en la sede de la sociedad fotogr\u00e1fica de Zarautz, en el 2\u00ba piso del n\u00ba16 de la calle Zumalakarregi (Ebro Etxea), el mismo d\u00eda del rally entre las 9-10 de la ma\u00f1ana, y en la inscripci\u00f3n se dar\u00e1n a conocer los temas a fotografiar.<\/p>\n<p>El importe de la inscripci\u00f3n sera de 10\u20ac (gratuito para menores de 16 a\u00f1os) y el hamaiketako est\u00e1 incluido.<\/p>\n<p>El resto de la informaci\u00f3n en el PDF que se adjunta.<\/p>\n<p>Animaos y venid a disfrutar de un gran d\u00eda con la fotogr\u00e1fia.<span class=\"HOEnZb\"><span style=\"color: #888888;\"><br \/>\n<\/span><\/span><\/p>\n<p><a href=\"https:\/\/www.federacionfotovasca.org\/wp-content\/uploads\/2018\/03\/Zarauzko-Rally-2018.pdf\" target=\"_blank\" rel=\"noopener\"><span style=\"color: #ffff99;\">&#8220;Zarauzko Rally 2018&#8221;<\/span><\/a><\/p>\n<div class=\"yj6qo ajU\">\n<div id=\":8h\" class=\"ajR\" tabindex=\"0\" role=\"button\" aria-label=\"Ocultar contenido ampliado\" data-tooltip=\"Ocultar contenido ampliado\"><img decoding=\"async\" class=\"ajT\" src=\"https:\/\/ssl.gstatic.com\/ui\/v1\/icons\/mail\/images\/cleardot.gif\" \/><\/div>\n<\/div>\n<div id=\"m_2011035551513725412Signature\">\n<div><span style=\"font-family: Arial;\">Zarauzko Argazkizale Elkartea<br \/>\n183 Posta Kutxa &#8211;\u00a0Zumalakarregi 16, 2.<br \/>\n20800 &#8211; Zarautz<br \/>\n<a href=\"mailto:zarauzkoargazkizalea@kzgunea.net\" target=\"_blank\" rel=\"noopener\">zarauzkoargazkizalea@kzgunea.<wbr \/>net<\/a><br \/>\nhttp:\/<a href=\"http:\/\/comunidades.kzgunea.net\/argazkizale\" target=\"_blank\" rel=\"noopener\" data-saferedirecturl=\"https:\/\/www.google.com\/url?hl=es&amp;q=http:\/\/comunidades.kzgunea.net\/argazkizale&amp;source=gmail&amp;ust=1521725502023000&amp;usg=AFQjCNGHnFzv8qi0YagI_wTnkg-3R1s4yQ\">comunidades.kzgunea.net\/<wbr \/>argazkizale<\/a><br \/>\n<a href=\"http:\/\/www.flickr.com\/photos\/zarauzkoargazkizaleelkartea\/\" target=\"_blank\" rel=\"noopener\" data-saferedirecturl=\"https:\/\/www.google.com\/url?hl=es&amp;q=http:\/\/www.flickr.com\/photos\/zarauzkoargazkizaleelkartea\/&amp;source=gmail&amp;ust=1521725502023000&amp;usg=AFQjCNHUuKDXDdLvk2Q23aezp8qhq09m0g\">http:\/\/www.flickr.com\/photos\/<wbr \/>zarauzkoargazkizaleelkartea\/<\/a><\/span><\/div>\n<\/div>\n","protected":false},"excerpt":{"rendered":"<p>Egun on argazkizale. Datorren apirilak 29an, igandea, ospatuko dugu Zarauzko XXXVII argazki rallya. Urtero bezala izen ematea Zarauzko argazkizale elkartearen egoitzan izango da, Zumalakarregi kaleko 16.zenbakiko 2. solairuan (Ebro Etxea) egunean bertan goizeko 9retatik 10etara, eta\u00a0atera beharreko gaiak bertan emango &hellip; <a href=\"https:\/\/blog.federacionfotovasca.org\/eu\/zarauzko-xxxvii-argazki-rallya-xxxvii-rally-fotografico-de-zarautz\/\">Continue reading <span class=\"meta-nav\">&rarr;<\/span><\/a><\/p>\n","protected":false},"author":1,"featured_media":0,"comment_status":"open","ping_status":"open","sticky":false,"template":"","format":"standard","meta":{"footnotes":""},"categories":[185],"tags":[58,142],"class_list":["post-14391","post","type-post","status-publish","format-standard","hentry","category-rallye","tag-rally-fotografico","tag-zarautz"],"_links":{"self":[{"href":"https:\/\/blog.federacionfotovasca.org\/eu\/wp-json\/wp\/v2\/posts\/14391","targetHints":{"allow":["GET"]}}],"collection":[{"href":"https:\/\/blog.federacionfotovasca.org\/eu\/wp-json\/wp\/v2\/posts"}],"about":[{"href":"https:\/\/blog.federacionfotovasca.org\/eu\/wp-json\/wp\/v2\/types\/post"}],"author":[{"embeddable":true,"href":"https:\/\/blog.federacionfotovasca.org\/eu\/wp-json\/wp\/v2\/users\/1"}],"replies":[{"embeddable":true,"href":"https:\/\/blog.federacionfotovasca.org\/eu\/wp-json\/wp\/v2\/comments?post=14391"}],"version-history":[{"count":1,"href":"https:\/\/blog.federacionfotovasca.org\/eu\/wp-json\/wp\/v2\/posts\/14391\/revisions"}],"predecessor-version":[{"id":14393,"href":"https:\/\/blog.federacionfotovasca.org\/eu\/wp-json\/wp\/v2\/posts\/14391\/revisions\/14393"}],"wp:attachment":[{"href":"https:\/\/blog.federacionfotovasca.org\/eu\/wp-json\/wp\/v2\/media?parent=14391"}],"wp:term":[{"taxonomy":"category","embeddable":true,"href":"https:\/\/blog.federacionfotovasca.org\/eu\/wp-json\/wp\/v2\/categories?post=14391"},{"taxonomy":"post_tag","embeddable":true,"href":"https:\/\/blog.federacionfotovasca.org\/eu\/wp-json\/wp\/v2\/tags?post=14391"}],"curies":[{"name":"wp","href":"https:\/\/api.w.org\/{rel}","templated":true}]}}