{"id":14436,"date":"2018-04-04T14:36:18","date_gmt":"2018-04-04T12:36:18","guid":{"rendered":"https:\/\/www.federacionfotovasca.org\/?p=14436"},"modified":"2018-04-04T14:34:17","modified_gmt":"2018-04-04T12:34:17","slug":"concurso-tolosa-herria-2018","status":"publish","type":"post","link":"https:\/\/blog.federacionfotovasca.org\/eu\/concurso-tolosa-herria-2018\/","title":{"rendered":"Concurso Tolosa Herria 2018"},"content":{"rendered":"<p><a href=\"https:\/\/targazki.com\/\" target=\"_blank\" rel=\"noopener\"><img loading=\"lazy\" decoding=\"async\" class=\"alignnone size-full wp-image-8306\" src=\"https:\/\/www.federacionfotovasca.org\/wp-content\/uploads\/2015\/03\/Captura-de-pantalla-2015-03-23-a-las-13.34.21.png\" alt=\"\" width=\"482\" height=\"151\" srcset=\"https:\/\/blog.federacionfotovasca.org\/wp-content\/uploads\/2015\/03\/Captura-de-pantalla-2015-03-23-a-las-13.34.21.png 482w, https:\/\/blog.federacionfotovasca.org\/wp-content\/uploads\/2015\/03\/Captura-de-pantalla-2015-03-23-a-las-13.34.21-300x94.png 300w\" sizes=\"auto, (max-width: 482px) 100vw, 482px\" \/><\/a><\/p>\n<p class=\"p1\">Desde\u00a0TARGAZKI\u00a0convocamos el\u00a0<b>Concurso Fotogr\u00e1fico Tolosa Herria<\/b>. El concurso es clasificatorio para el certamen\u00a0Argizaiola\u00a0con n\u00famero 005\/2018.<\/p>\n<p class=\"p1\">Est\u00e1 abierto a todo el p\u00fablico y el tema es libre.<\/p>\n<p class=\"p1\">Adjunto las bases e indico el enlace de nuestra web con la informaci\u00f3n:\u00a0<a href=\"https:\/\/targazki.com\/2018\/03\/24\/tolosa-herria-argazki-lehiaketa-2018\"><span class=\"s1\">https:\/\/targazki.com\/2018\/03\/24\/tolosa-herria-argazki-lehiaketa-2018<\/span><\/a><\/p>\n<p class=\"p1\">Un saludo y muchas gracias,<\/p>\n<p class=\"p1\">Koldo Lopetegi<\/p>\n<p class=\"p3\">tARGAZKI<\/p>\n<p><a href=\"https:\/\/www.federacionfotovasca.org\/wp-content\/uploads\/2018\/04\/tolosa-herria-2018-bases.pdf\" target=\"_blank\" rel=\"noopener\"><span style=\"color: #ccffff;\">&#8220;Tolosa-herria-2018-bases.pdf&#8221;<\/span><\/a><\/p>\n<p><a href=\"https:\/\/www.federacionfotovasca.org\/wp-content\/uploads\/2018\/04\/tolosa-herria-2018-oinarriak.pdf\" target=\"_blank\" rel=\"noopener\"><span style=\"color: #ccffcc;\"> &#8220;Tolosa-herria-2018-oinarriak.pdf&#8221;<\/span><\/a><\/p>\n<p><a href=\"https:\/\/www.federacionfotovasca.org\/wp-content\/uploads\/2018\/04\/tolosa-herria-2018-rules.pdf\" target=\"_blank\" rel=\"noopener\"><span style=\"color: #cc99ff;\"> &#8220;Tolosa-herria-2018-rules.pdf&#8221;<\/span><\/a><\/p>\n","protected":false},"excerpt":{"rendered":"<p>Desde\u00a0TARGAZKI\u00a0convocamos el\u00a0Concurso Fotogr\u00e1fico Tolosa Herria. El concurso es clasificatorio para el certamen\u00a0Argizaiola\u00a0con n\u00famero 005\/2018. Est\u00e1 abierto a todo el p\u00fablico y el tema es libre. Adjunto las bases e indico el enlace de nuestra web con la informaci\u00f3n:\u00a0https:\/\/targazki.com\/2018\/03\/24\/tolosa-herria-argazki-lehiaketa-2018 Un saludo &hellip; <a href=\"https:\/\/blog.federacionfotovasca.org\/eu\/concurso-tolosa-herria-2018\/\">Continue reading <span class=\"meta-nav\">&rarr;<\/span><\/a><\/p>\n","protected":false},"author":1,"featured_media":0,"comment_status":"open","ping_status":"open","sticky":false,"template":"","format":"standard","meta":{"footnotes":""},"categories":[36],"tags":[419,147],"class_list":["post-14436","post","type-post","status-publish","format-standard","hentry","category-concursos","tag-concursos","tag-tolosa"],"_links":{"self":[{"href":"https:\/\/blog.federacionfotovasca.org\/eu\/wp-json\/wp\/v2\/posts\/14436","targetHints":{"allow":["GET"]}}],"collection":[{"href":"https:\/\/blog.federacionfotovasca.org\/eu\/wp-json\/wp\/v2\/posts"}],"about":[{"href":"https:\/\/blog.federacionfotovasca.org\/eu\/wp-json\/wp\/v2\/types\/post"}],"author":[{"embeddable":true,"href":"https:\/\/blog.federacionfotovasca.org\/eu\/wp-json\/wp\/v2\/users\/1"}],"replies":[{"embeddable":true,"href":"https:\/\/blog.federacionfotovasca.org\/eu\/wp-json\/wp\/v2\/comments?post=14436"}],"version-history":[{"count":1,"href":"https:\/\/blog.federacionfotovasca.org\/eu\/wp-json\/wp\/v2\/posts\/14436\/revisions"}],"predecessor-version":[{"id":14445,"href":"https:\/\/blog.federacionfotovasca.org\/eu\/wp-json\/wp\/v2\/posts\/14436\/revisions\/14445"}],"wp:attachment":[{"href":"https:\/\/blog.federacionfotovasca.org\/eu\/wp-json\/wp\/v2\/media?parent=14436"}],"wp:term":[{"taxonomy":"category","embeddable":true,"href":"https:\/\/blog.federacionfotovasca.org\/eu\/wp-json\/wp\/v2\/categories?post=14436"},{"taxonomy":"post_tag","embeddable":true,"href":"https:\/\/blog.federacionfotovasca.org\/eu\/wp-json\/wp\/v2\/tags?post=14436"}],"curies":[{"name":"wp","href":"https:\/\/api.w.org\/{rel}","templated":true}]}}