{"id":14449,"date":"2018-04-08T11:07:16","date_gmt":"2018-04-08T09:07:16","guid":{"rendered":"https:\/\/www.federacionfotovasca.org\/?p=14449"},"modified":"2018-04-08T11:07:16","modified_gmt":"2018-04-08T09:07:16","slug":"recordatorio-concursos-ripollet-visual-accio","status":"publish","type":"post","link":"https:\/\/blog.federacionfotovasca.org\/eu\/recordatorio-concursos-ripollet-visual-accio\/","title":{"rendered":"Recordatorio Concursos Ripollet Visual Acci\u00f3"},"content":{"rendered":"<div class=\"gmail_default\">\n<div class=\"m_8314545621647388555gmail-gE m_8314545621647388555gmail-iv m_8314545621647388555gmail-gt\">\u00a0Buenas tardes compa\u00f1eros y compa\u00f1eras:<a href=\"https:\/\/www.federacionfotovasca.org\/wp-content\/uploads\/2018\/04\/CARTELL-Ripollet-visual-accio-2018.jpg\" target=\"_blank\" rel=\"noopener\"><img loading=\"lazy\" decoding=\"async\" class=\"wp-image-14451 alignright\" src=\"https:\/\/www.federacionfotovasca.org\/wp-content\/uploads\/2018\/04\/CARTELL-Ripollet-visual-accio-2018.jpg\" alt=\"\" width=\"137\" height=\"193\" srcset=\"https:\/\/blog.federacionfotovasca.org\/wp-content\/uploads\/2018\/04\/CARTELL-Ripollet-visual-accio-2018.jpg 1236w, https:\/\/blog.federacionfotovasca.org\/wp-content\/uploads\/2018\/04\/CARTELL-Ripollet-visual-accio-2018-300x424.jpg 300w, https:\/\/blog.federacionfotovasca.org\/wp-content\/uploads\/2018\/04\/CARTELL-Ripollet-visual-accio-2018-620x877.jpg 620w, https:\/\/blog.federacionfotovasca.org\/wp-content\/uploads\/2018\/04\/CARTELL-Ripollet-visual-accio-2018-768x1086.jpg 768w, https:\/\/blog.federacionfotovasca.org\/wp-content\/uploads\/2018\/04\/CARTELL-Ripollet-visual-accio-2018-940x1329.jpg 940w\" sizes=\"auto, (max-width: 137px) 100vw, 137px\" \/><\/a><\/div>\n<div id=\"m_8314545621647388555gmail-:1fv\" class=\"m_8314545621647388555gmail-ii m_8314545621647388555gmail-gt m_8314545621647388555gmail-adO\">\n<div id=\"m_8314545621647388555gmail-:1fu\" class=\"m_8314545621647388555gmail-a3s m_8314545621647388555gmail-aXjCH m_8314545621647388555gmail-m1628b75cafa6f977\">\n<div dir=\"ltr\">\n<div class=\"gmail_default\">\n<div id=\"m_8314545621647388555gmail-m_5968286830763526488gmail-:2xn\" class=\"m_8314545621647388555gmail-m_5968286830763526488gmail-ii m_8314545621647388555gmail-m_5968286830763526488gmail-gt\">\n<div id=\"m_8314545621647388555gmail-m_5968286830763526488gmail-:2zh\" class=\"m_8314545621647388555gmail-m_5968286830763526488gmail-a3s m_8314545621647388555gmail-m_5968286830763526488gmail-aXjCH m_8314545621647388555gmail-m_5968286830763526488gmail-m1622bcb2df240793\">\n<div dir=\"ltr\">\n<div class=\"gmail_default\">\u00a0Os hacemos llegar las bases definitivas de nuestro concurso ?Ripollet Visual Acci\u00f3. Este a\u00f1o llegamos a la segunda edici\u00f3n del mismo y queremos que particip\u00e9is. Se trata de un concurso in\u00e9dito en Espa\u00f1a y que punt\u00faa para la Federaci\u00f3n Catalana de Fotografia y la Confederaci\u00f3n Espa\u00f1ola de Fotograf\u00eda. Es por ello que queremos que vuestras obras\u00a0 participen en este concurso para darle un mayor prestigio y visibilidad vuestros trabajos.<\/div>\n<div class=\"gmail_default\"><\/div>\n<div class=\"gmail_default\">\u00a0?Animaos que a\u00fan ten\u00e9is tiempo!\u00a0Esperamos vuestros trabajos.<\/div>\n<div class=\"gmail_default\">\u00a0Mucha suerte a todos y todas y saludos cordiales!<\/div>\n<\/div>\n<\/div>\n<\/div>\n<\/div>\n<\/div>\n<\/div>\n<\/div>\n<div class=\"yj6qo ajU\">\n<div id=\":dr\" class=\"ajR\" tabindex=\"0\" role=\"button\" aria-label=\"Ocultar contenido ampliado\" data-tooltip=\"Ocultar contenido ampliado\"><img decoding=\"async\" class=\"ajT\" src=\"https:\/\/ssl.gstatic.com\/ui\/v1\/icons\/mail\/images\/cleardot.gif\" \/><\/div>\n<\/div>\n<\/div>\n<div class=\"m_8314545621647388555gmail_signature\" data-smartmail=\"gmail_signature\">\n<div dir=\"ltr\">\n<div dir=\"ltr\">\n<div dir=\"ltr\">\n<div dir=\"ltr\">\n<div><strong><em><span style=\"font-size: small;\">Joan Gorchs Miras<\/span><\/em><\/strong><\/div>\n<div><span style=\"font-size: small;\"><strong><em>President\u00a0<\/em><\/strong><\/span><span style=\"line-height: inherit;\">?e?\u00a0<\/span><strong><em>Acci\u00f3 Fotogr\u00e0fica Ripollet<a href=\"https:\/\/www.federacionfotovasca.org\/wp-content\/uploads\/2018\/04\/BASES-DEFINITIVAS-CASTELLANO-RIPOLLET-VISUAL-ACCIO-2018.jpg\" target=\"_blank\" rel=\"noopener\"><img loading=\"lazy\" decoding=\"async\" class=\"wp-image-14450 alignright\" src=\"https:\/\/www.federacionfotovasca.org\/wp-content\/uploads\/2018\/04\/BASES-DEFINITIVAS-CASTELLANO-RIPOLLET-VISUAL-ACCIO-2018.jpg\" alt=\"\" width=\"203\" height=\"135\" srcset=\"https:\/\/blog.federacionfotovasca.org\/wp-content\/uploads\/2018\/04\/BASES-DEFINITIVAS-CASTELLANO-RIPOLLET-VISUAL-ACCIO-2018.jpg 3543w, https:\/\/blog.federacionfotovasca.org\/wp-content\/uploads\/2018\/04\/BASES-DEFINITIVAS-CASTELLANO-RIPOLLET-VISUAL-ACCIO-2018-300x200.jpg 300w, https:\/\/blog.federacionfotovasca.org\/wp-content\/uploads\/2018\/04\/BASES-DEFINITIVAS-CASTELLANO-RIPOLLET-VISUAL-ACCIO-2018-620x413.jpg 620w, https:\/\/blog.federacionfotovasca.org\/wp-content\/uploads\/2018\/04\/BASES-DEFINITIVAS-CASTELLANO-RIPOLLET-VISUAL-ACCIO-2018-768x512.jpg 768w, https:\/\/blog.federacionfotovasca.org\/wp-content\/uploads\/2018\/04\/BASES-DEFINITIVAS-CASTELLANO-RIPOLLET-VISUAL-ACCIO-2018-940x627.jpg 940w\" sizes=\"auto, (max-width: 203px) 100vw, 203px\" \/><\/a><\/em><\/strong><\/div>\n<div><strong><em>Club\u00a0 ILFIAP<\/em><\/strong><\/div>\n<\/div>\n<\/div>\n<\/div>\n<\/div>\n<\/div>\n<p><a href=\"https:\/\/www.federacionfotovasca.org\/wp-content\/uploads\/2018\/04\/RIPOLLET-VISUAL-ACCIO-2018.docx\" target=\"_blank\" rel=\"noopener\">RIPOLLET VISUAL ACCIO 2018<\/a><\/p>\n","protected":false},"excerpt":{"rendered":"<p>\u00a0Buenas tardes compa\u00f1eros y compa\u00f1eras: \u00a0Os hacemos llegar las bases definitivas de nuestro concurso ?Ripollet Visual Acci\u00f3. Este a\u00f1o llegamos a la segunda edici\u00f3n del mismo y queremos que particip\u00e9is. Se trata de un concurso in\u00e9dito en Espa\u00f1a y que &hellip; <a href=\"https:\/\/blog.federacionfotovasca.org\/eu\/recordatorio-concursos-ripollet-visual-accio\/\">Continue reading <span class=\"meta-nav\">&rarr;<\/span><\/a><\/p>\n","protected":false},"author":1,"featured_media":0,"comment_status":"open","ping_status":"open","sticky":false,"template":"","format":"standard","meta":{"footnotes":""},"categories":[36],"tags":[419,902],"class_list":["post-14449","post","type-post","status-publish","format-standard","hentry","category-concursos","tag-concursos","tag-ripollet-visual-accio"],"_links":{"self":[{"href":"https:\/\/blog.federacionfotovasca.org\/eu\/wp-json\/wp\/v2\/posts\/14449","targetHints":{"allow":["GET"]}}],"collection":[{"href":"https:\/\/blog.federacionfotovasca.org\/eu\/wp-json\/wp\/v2\/posts"}],"about":[{"href":"https:\/\/blog.federacionfotovasca.org\/eu\/wp-json\/wp\/v2\/types\/post"}],"author":[{"embeddable":true,"href":"https:\/\/blog.federacionfotovasca.org\/eu\/wp-json\/wp\/v2\/users\/1"}],"replies":[{"embeddable":true,"href":"https:\/\/blog.federacionfotovasca.org\/eu\/wp-json\/wp\/v2\/comments?post=14449"}],"version-history":[{"count":1,"href":"https:\/\/blog.federacionfotovasca.org\/eu\/wp-json\/wp\/v2\/posts\/14449\/revisions"}],"predecessor-version":[{"id":14453,"href":"https:\/\/blog.federacionfotovasca.org\/eu\/wp-json\/wp\/v2\/posts\/14449\/revisions\/14453"}],"wp:attachment":[{"href":"https:\/\/blog.federacionfotovasca.org\/eu\/wp-json\/wp\/v2\/media?parent=14449"}],"wp:term":[{"taxonomy":"category","embeddable":true,"href":"https:\/\/blog.federacionfotovasca.org\/eu\/wp-json\/wp\/v2\/categories?post=14449"},{"taxonomy":"post_tag","embeddable":true,"href":"https:\/\/blog.federacionfotovasca.org\/eu\/wp-json\/wp\/v2\/tags?post=14449"}],"curies":[{"name":"wp","href":"https:\/\/api.w.org\/{rel}","templated":true}]}}