{"id":14476,"date":"2018-04-27T15:31:57","date_gmt":"2018-04-27T13:31:57","guid":{"rendered":"https:\/\/www.federacionfotovasca.org\/?p=14476"},"modified":"2018-05-16T09:31:17","modified_gmt":"2018-05-16T07:31:17","slug":"congreso-2018-ehate-fafpv","status":"publish","type":"post","link":"https:\/\/blog.federacionfotovasca.org\/eu\/congreso-2018-ehate-fafpv\/","title":{"rendered":"CONGRESO en Pamplona 2018  EHATE \/ FAFPV"},"content":{"rendered":"<p>Queridos amigos,<\/p>\n<div><span style=\"color: #333333;\">\u00a0.<\/span><\/div>\n<div>\n<p class=\"p1\">Ya esta cerca el pr\u00f3ximo congreso de la FAFPV, que se celebrara el pr\u00f3ximo d\u00eda 5 de Mayo en Pamplona.<\/p>\n<\/div>\n<div><span style=\"color: #333333;\">\u00a0.<\/span><\/div>\n<div>\n<p class=\"p1\">Sirvan esta lineas para recordaros a todos la proximidad del cierre de la inscripci\u00f3n para la asistencia a dicho congreso, as\u00ed como de la proximidad del fin del limite para enviar vuestras im\u00e1genes para el intercambio.<\/p>\n<\/div>\n<div><span style=\"color: #333333;\">\u00a0.<\/span><\/div>\n<div>\n<p class=\"p1\">Por lo tanto, si aun est\u00e1is interesados en asistir, os pedimos que realic\u00e9is la inscripci\u00f3n cuanto antes, y sobre todo, que envieis las fotos para que nos de tiempo a imprimirlas antes del congreso.<\/p>\n<\/div>\n<div>\n<div>\n<p><span style=\"color: #333333;\">.\u00a0<\/span><\/p>\n<p class=\"p1\">Aprovechamos este email para enviaros una nueva oferta\/promoci\u00f3n que se ha conseguido con SaalDigital. \u00a0<span style=\"line-height: inherit;\">Animaros y animar a m\u00e1s gente de las asociaciones. Nos juntamos todos en PAMPLONA.<\/span><\/p>\n<\/div>\n<div><span style=\"color: #333333;\">\u00a0.<\/span><\/div>\n<div>\u00a0La inscripci\u00f3n se har\u00e1 directamente con la Asociaci\u00f3n anfitriona, que en esta caso es la Asociaci\u00f3n Fotogr\u00e1fica y Cinematogr\u00e1fica de Navarra (AFCN), a trav\u00e9s de la siguiente direcci\u00f3n de email:<\/div>\n<div><span style=\"color: #333333;\">\u00a0.<\/span><\/div>\n<div><a href=\"mailto:afcn@agrupacionfotonavarra.com\" rel=\"noopener\"><span style=\"color: #ccffff;\">afcn@agrupacionfotonavarra.com<\/span><\/a><wbr \/><\/div>\n<div><span style=\"color: #333333;\">\u00a0.<\/span><\/div>\n<div>\u00a0Nos vemos todos en Pamplona.<\/div>\n<div><span style=\"color: #333333;\">\u00a0.<\/span><\/div>\n<div>\u00a0Saludos,<\/div>\n<div><span style=\"color: #333333;\">.<\/span><\/div>\n<div>Jos\u00e9 Ignacio Rodr\u00edguez<\/div>\n<\/div>\n<div>CARNETS EHATE<\/div>\n<div><a href=\"https:\/\/www.federacionfotovasca.org\/wp-content\/uploads\/2018\/04\/carta-congreso-Pamplona-2018.pdf\" target=\"_blank\" rel=\"noopener\"><span style=\"color: #ff6600;\">Carta congreso Pamplona 2018<\/span><\/a><\/div>\n<div><a href=\"https:\/\/www.federacionfotovasca.org\/wp-content\/uploads\/2018\/04\/carta-congreso-Pamplona-2018-euskera.pdf\" target=\"_blank\" rel=\"noopener\"><span style=\"color: #ccffff;\">Carta congreso Pamplona 2018 euskera<\/span><\/a><\/div>\n","protected":false},"excerpt":{"rendered":"<p>Queridos amigos, \u00a0. Ya esta cerca el pr\u00f3ximo congreso de la FAFPV, que se celebrara el pr\u00f3ximo d\u00eda 5 de Mayo en Pamplona. \u00a0. Sirvan esta lineas para recordaros a todos la proximidad del cierre de la inscripci\u00f3n para la &hellip; <a href=\"https:\/\/blog.federacionfotovasca.org\/eu\/congreso-2018-ehate-fafpv\/\">Continue reading <span class=\"meta-nav\">&rarr;<\/span><\/a><\/p>\n","protected":false},"author":1,"featured_media":0,"comment_status":"open","ping_status":"open","sticky":false,"template":"","format":"standard","meta":{"footnotes":""},"categories":[22],"tags":[417],"class_list":["post-14476","post","type-post","status-publish","format-standard","hentry","category-congreso","tag-congreso"],"_links":{"self":[{"href":"https:\/\/blog.federacionfotovasca.org\/eu\/wp-json\/wp\/v2\/posts\/14476","targetHints":{"allow":["GET"]}}],"collection":[{"href":"https:\/\/blog.federacionfotovasca.org\/eu\/wp-json\/wp\/v2\/posts"}],"about":[{"href":"https:\/\/blog.federacionfotovasca.org\/eu\/wp-json\/wp\/v2\/types\/post"}],"author":[{"embeddable":true,"href":"https:\/\/blog.federacionfotovasca.org\/eu\/wp-json\/wp\/v2\/users\/1"}],"replies":[{"embeddable":true,"href":"https:\/\/blog.federacionfotovasca.org\/eu\/wp-json\/wp\/v2\/comments?post=14476"}],"version-history":[{"count":1,"href":"https:\/\/blog.federacionfotovasca.org\/eu\/wp-json\/wp\/v2\/posts\/14476\/revisions"}],"predecessor-version":[{"id":14588,"href":"https:\/\/blog.federacionfotovasca.org\/eu\/wp-json\/wp\/v2\/posts\/14476\/revisions\/14588"}],"wp:attachment":[{"href":"https:\/\/blog.federacionfotovasca.org\/eu\/wp-json\/wp\/v2\/media?parent=14476"}],"wp:term":[{"taxonomy":"category","embeddable":true,"href":"https:\/\/blog.federacionfotovasca.org\/eu\/wp-json\/wp\/v2\/categories?post=14476"},{"taxonomy":"post_tag","embeddable":true,"href":"https:\/\/blog.federacionfotovasca.org\/eu\/wp-json\/wp\/v2\/tags?post=14476"}],"curies":[{"name":"wp","href":"https:\/\/api.w.org\/{rel}","templated":true}]}}