{"id":14553,"date":"2018-04-23T12:10:43","date_gmt":"2018-04-23T10:10:43","guid":{"rendered":"https:\/\/www.federacionfotovasca.org\/?p=14553"},"modified":"2018-04-23T12:17:07","modified_gmt":"2018-04-23T10:17:07","slug":"actividades-mayo-en-sfa-cambio-de-fecha-docu-pote-the-many-lives-of-william-klein-viernes-20-de-abril","status":"publish","type":"post","link":"https:\/\/blog.federacionfotovasca.org\/eu\/actividades-mayo-en-sfa-cambio-de-fecha-docu-pote-the-many-lives-of-william-klein-viernes-20-de-abril\/","title":{"rendered":"Actividades mayo en SFA \/\/ Cambio de fecha Docu-pote: The many lives of William Klein viernes 20 de abril"},"content":{"rendered":"<div style=\"text-align: center;\"><span style=\"font-size: large;\"><em>Actividades mayo en SFA<\/em><\/span><\/div>\n<div style=\"text-align: center;\"><span style=\"font-size: large;\">\u00a0<\/span><\/div>\n<div>\n<div style=\"text-align: center;\"><span style=\"font-size: small;\"><em>Os recordamos que con motivo del 25 Aniversario, se acord\u00f3\u00a0ofrecer un descuento a los familiares y amigos\/as de los socios\/as (descuento aplicable a 1 persona por asociado)<\/em><\/span><\/div>\n<div style=\"text-align: center;\"><span style=\"font-size: small;\"><em>ofreci\u00e9ndole los cursos de fotograf\u00eda que organicemos a precio de socio\/a.<\/em><\/span><\/div>\n<div style=\"text-align: center;\"><span style=\"font-size: small;\">\u00a0<\/span><\/div>\n<div style=\"text-align: center;\"><span style=\"color: #3d85c6;\"><em>Iniciaci\u00f3n a la iluminaci\u00f3n en estudio con Pelayo Gonz\u00e1lez<\/em><\/span><\/div>\n<div style=\"text-align: center;\"><a href=\"https:\/\/www.federacionfotovasca.org\/wp-content\/uploads\/2018\/04\/PGF-24082017-0555.jpg\" target=\"_blank\" rel=\"noopener\"><img loading=\"lazy\" decoding=\"async\" class=\"wp-image-14554 aligncenter\" src=\"https:\/\/www.federacionfotovasca.org\/wp-content\/uploads\/2018\/04\/PGF-24082017-0555.jpg\" alt=\"\" width=\"373\" height=\"210\" srcset=\"https:\/\/blog.federacionfotovasca.org\/wp-content\/uploads\/2018\/04\/PGF-24082017-0555.jpg 1280w, https:\/\/blog.federacionfotovasca.org\/wp-content\/uploads\/2018\/04\/PGF-24082017-0555-300x169.jpg 300w, https:\/\/blog.federacionfotovasca.org\/wp-content\/uploads\/2018\/04\/PGF-24082017-0555-620x349.jpg 620w, https:\/\/blog.federacionfotovasca.org\/wp-content\/uploads\/2018\/04\/PGF-24082017-0555-768x432.jpg 768w, https:\/\/blog.federacionfotovasca.org\/wp-content\/uploads\/2018\/04\/PGF-24082017-0555-940x529.jpg 940w\" sizes=\"auto, (max-width: 373px) 100vw, 373px\" \/><\/a><\/div>\n<div>\n<p style=\"text-align: center;\">La finalidad de este taller es mostrar a los asistentes los fundamentos\u00a0b\u00e1sicos de la iluminaci\u00f3n en estudio. Se da por supuesto que los asistentes\u00a0ya dominan elementos b\u00e1sicos de la fotograf\u00eda como la relaci\u00f3n entre\u00a0velocidad de obturaci\u00f3n, tiempo de exposici\u00f3n y sensibilidad ISO, as\u00ed como\u00a0el manejo de la c\u00e1mara.<\/p>\n<p style=\"text-align: center;\">Sobre estos conocimientos estructuraremos los contenidos del taller que,\u00a0si bien son aplicables a cualquier tipo de fotograf\u00eda que vayamos a realizar\u00a0en estudio, estar\u00e1n orientados mayoritariamente al retrato. Basaremos\u00a0estos contenidos en el flash como elemento principal de iluminaci\u00f3n e\u00a0iremos viendo como moldear la luz y cambiar sus propiedades a trav\u00e9s de\u00a0modificadores. Estudiaremos c\u00f3mo medir la luz con un fot\u00f3metro y c\u00f3mo\u00a0combinar m\u00e1s de una, utilizando algunos esquemas b\u00e1sicos con 2 y 3\u00a0luces<\/p>\n<p style=\"text-align: center;\"><span style=\"color: #ff6600;\">Duraci\u00f3n y horario: del 15 de mayo al 7 de junio, martes y jueves de 18:30\u00a0a 21:00<\/span><\/p>\n<p style=\"text-align: center;\">Lugar de realizaci\u00f3n: Locales de SFA, C\/ Pedro de Asua 2, 2\u00aa Planta (disponemos de parking gratuito)<\/p>\n<p style=\"text-align: center;\">Precio: 60\u20ac Socios\/ 90\u20ac No socios<\/p>\n<p style=\"text-align: center;\"><a href=\"http:\/\/www.sfalavesa.es\/sfawp\/wp-content\/uploads\/2018\/04\/Iluminaci%C3%B3n-mayo_junio.doc\" target=\"_blank\" rel=\"noopener\" data-saferedirecturl=\"https:\/\/www.google.com\/url?hl=es&amp;q=http:\/\/www.sfalavesa.es\/sfawp\/wp-content\/uploads\/2018\/04\/Iluminaci%C3%B3n-mayo_junio.doc&amp;source=gmail&amp;ust=1524553155819000&amp;usg=AFQjCNHPto-3ytoe4V_CA3sAPDaHd7Z7KA\"><span style=\"color: #0066cc;\">Formulario de inscripci\u00f3n<\/span><\/a><\/p>\n<p style=\"text-align: center;\">Para apuntarte al curso es necesario rellenar el formulario de inscripci\u00f3n y enviarlo junto con el justificante de pago v\u00eda mail, si tienes alguna duda o necesitas m\u00e1s informaci\u00f3n sobre la actividad puedes contactar con nosotros en el tel\u00e9fono 945 24 39 22 o enviarnos un mail a esta direcci\u00f3n: <a href=\"mailto:sociedadfotografica@gmail.com\" target=\"_blank\" rel=\"noopener\">sociedadfotografica@gmail.com<\/a><\/p>\n<p style=\"text-align: center;\">El n\u00famero de alumnos ser\u00e1 de un m\u00e1ximo de\u00a012 personas.<\/p>\n<p style=\"text-align: center;\">\u201cEl taller no se llevar\u00e1 a cabo si no se cubre un m\u00ednimo de plazas\u201d<\/p>\n<p style=\"text-align: center;\">&#8212;&#8212;&#8212;&#8212;&#8212;&#8212;&#8212;&#8212;&#8212;&#8212;<wbr \/>&#8212;&#8212;&#8212;&#8212;&#8212;&#8212;<\/p>\n<p style=\"text-align: center;\"><span style=\"color: #674ea7; font-size: large;\"><em>Curso de fotograf\u00eda, nivel intermedio con Iratxe Goikoetxea<\/em><\/span><\/p>\n<p style=\"text-align: center;\"><a href=\"https:\/\/www.federacionfotovasca.org\/wp-content\/uploads\/2018\/04\/fotografo-profesional-que-se-centra-en-la-fotografia-para-tomar-una-foto_1418-1886.jpg\" target=\"_blank\" rel=\"noopener\"><img loading=\"lazy\" decoding=\"async\" class=\" wp-image-14555 aligncenter\" src=\"https:\/\/www.federacionfotovasca.org\/wp-content\/uploads\/2018\/04\/fotografo-profesional-que-se-centra-en-la-fotografia-para-tomar-una-foto_1418-1886.jpg\" alt=\"\" width=\"396\" height=\"264\" srcset=\"https:\/\/blog.federacionfotovasca.org\/wp-content\/uploads\/2018\/04\/fotografo-profesional-que-se-centra-en-la-fotografia-para-tomar-una-foto_1418-1886.jpg 626w, https:\/\/blog.federacionfotovasca.org\/wp-content\/uploads\/2018\/04\/fotografo-profesional-que-se-centra-en-la-fotografia-para-tomar-una-foto_1418-1886-300x200.jpg 300w, https:\/\/blog.federacionfotovasca.org\/wp-content\/uploads\/2018\/04\/fotografo-profesional-que-se-centra-en-la-fotografia-para-tomar-una-foto_1418-1886-620x413.jpg 620w\" sizes=\"auto, (max-width: 396px) 100vw, 396px\" \/><\/a><\/p>\n<div style=\"text-align: center;\">Este curso est\u00e1 dirigido a personas que tengan un conocimiento b\u00e1sico de la fotograf\u00eda y quieran profundizar m\u00e1s en el tema.<\/div>\n<p style=\"text-align: center;\"><b><i>Temario:<\/i><\/b><i>\u00a0Revisi\u00f3n de los conceptos fotogr\u00e1ficos b\u00e1sicos, Breve historia de la fotograf\u00eda. Revisar el pasado para entender el presente, Profundidad de campo e hiperfocal (Pr\u00e1cticas), Diafragma, velocidad y HDR: Efectos creativos y bracketing (Pr\u00e1cticas), Breve introducci\u00f3n a la fotomedici\u00f3n con fot\u00f3metro. C\u00e1lculo aproximado de la medici\u00f3n con nuestras c\u00e1maras \u00bfC\u00f3mo tenemos que medir y donde? (Pr\u00e1cticas), Iluminaci\u00f3n artificial. Retrato en estudio y c\u00f3mo hacer fotos con una l\u00e1mpara de mesa (Pr\u00e1cticas), Composici\u00f3n. Normas b\u00e1sicas (Pr\u00e1cticas), Diferentes \u00e1reas que toca la fotograf\u00eda. Visionado de documentales sobre la fotograf\u00eda documental, Realizaci\u00f3n de un breve proyecto fotogr\u00e1fico, Visionado y presentaci\u00f3n del proyecto individual en clase.<\/i><\/p>\n<p style=\"text-align: center;\"><b><i>Duraci\u00f3n y horario<\/i><\/b>: S\u00e1bados 12, 19 y 26 de\u00a0mayo\u00a0\u2013 2 de junio, de 9:00 a 14:00<\/p>\n<p style=\"text-align: center;\"><b><i>Material necesario<\/i><\/b>: Se debe traer c\u00e1mara reflex<\/p>\n<p style=\"text-align: center;\"><strong><em>Lugar de realizaci\u00f3n:<\/em><\/strong>\u00a0Locales de SFA, C\/ Pedro de Asua 2, 2\u00aa Planta (disponemos de parking gratuito)<\/p>\n<p style=\"text-align: center;\"><b><i>Precio:<\/i><\/b>\u00a060\u20ac Socios\/ 90\u20ac No socios<\/p>\n<p style=\"text-align: center;\"><a href=\"http:\/\/www.sfalavesa.es\/sfawp\/wp-content\/uploads\/2018\/04\/Nivel-avanzado-mayo_junio.doc\" target=\"_blank\" rel=\"noopener\" data-saferedirecturl=\"https:\/\/www.google.com\/url?hl=es&amp;q=http:\/\/www.sfalavesa.es\/sfawp\/wp-content\/uploads\/2018\/04\/Nivel-avanzado-mayo_junio.doc&amp;source=gmail&amp;ust=1524553155819000&amp;usg=AFQjCNFpJEbt5KVuchNfmaNCwcUPaCSMqw\"><span style=\"color: #0066cc;\">Formulario de inscripci\u00f3n<\/span><\/a><\/p>\n<p style=\"text-align: center;\">El n\u00famero de alumnos ser\u00e1 de un m\u00e1ximo de 15 personas.<\/p>\n<div style=\"text-align: center;\">\u201cEl taller no se llevar\u00e1 a cabo si no se cubre un m\u00ednimo de plazas\u201d<\/div>\n<div style=\"text-align: center;\"><\/div>\n<div style=\"text-align: center;\">&#8212;&#8212;&#8212;&#8212;&#8212;&#8212;&#8212;&#8212;&#8212;&#8212;<wbr \/>&#8212;&#8212;&#8212;&#8212;&#8212;&#8212;<\/div>\n<div style=\"text-align: center;\"><\/div>\n<div style=\"text-align: center;\"><span style=\"color: #6aa84f; font-size: large;\"><em>Taller con Helena Go\u00f1i, De la toma a la exposici\u00f3n: un proceso creativo<\/em><\/span><\/div>\n<div style=\"text-align: center;\">\n<div id=\"attachment_14556\" style=\"width: 413px\"  class=\"wp-caption aligncenter\"><a href=\"https:\/\/www.federacionfotovasca.org\/wp-content\/uploads\/2018\/04\/7_baja.jpg\" target=\"_blank\" rel=\"noopener\"><img loading=\"lazy\" decoding=\"async\" class=\" wp-image-14556\" src=\"https:\/\/www.federacionfotovasca.org\/wp-content\/uploads\/2018\/04\/7_baja.jpg\" alt=\"\" width=\"403\" height=\"297\" srcset=\"https:\/\/blog.federacionfotovasca.org\/wp-content\/uploads\/2018\/04\/7_baja.jpg 1220w, https:\/\/blog.federacionfotovasca.org\/wp-content\/uploads\/2018\/04\/7_baja-300x221.jpg 300w, https:\/\/blog.federacionfotovasca.org\/wp-content\/uploads\/2018\/04\/7_baja-620x457.jpg 620w, https:\/\/blog.federacionfotovasca.org\/wp-content\/uploads\/2018\/04\/7_baja-768x567.jpg 768w, https:\/\/blog.federacionfotovasca.org\/wp-content\/uploads\/2018\/04\/7_baja-940x693.jpg 940w\" sizes=\"auto, (max-width: 403px) 100vw, 403px\" \/><\/a><p class=\"wp-caption-text\"><span style=\"color: #ffffff;\">Helena Go\u00f1i_ 008<\/span><\/p><\/div>\n<p><span style=\"color: #ffffff; font-size: small;\">En este taller seguiremos el desarrollo de un proyecto desde su idea germinal hasta el momento de proyectarlo al exterior y mostrarlo ante un p\u00fablico en diferentes formatos. Trataremos diferentes metodolog\u00edas a la hora de desarrollar un proyecto y la importancia de que cada un@ encuentre la manera de trabajar que se ajusta m\u00e1s a su personalidad e intereses. Hablaremos de las dudas que surgen en el camino y sobre c\u00f3mo comunicar mejor nuestras ideas. Seg\u00fan el tipo de obra que estemos desarrollando (multimedia, fotograf\u00eda documental, intimista\u2026), aprenderemos a identificar los diferentes espacios en los que podemos dar difusi\u00f3n a nuestros proyectos: publicaci\u00f3n, exposici\u00f3n, audiovisual, p\u00e1gina web\u2026<\/span><\/p>\n<p><span style=\"color: #ffffff; font-size: small;\">El taller est\u00e1 dirigido tanto a aficionados como a profesionales de la fotograf\u00eda. Los asistentes deber\u00e1n aportar una serie de fotograf\u00edas, aunque \u00e9stas no conformen un proyecto cerrado o concreto (idealmente 15-20 fotograf\u00edas en soporte digital y\/o copias con las que trabajar en clase).\u00a0<\/span><\/p>\n<p><span style=\"color: #ffffff; font-size: small;\">Duraci\u00f3n y horario: s\u00e1bado 19 de marzo de 10:00 a 14:00 y de 16:00 a 20:00<\/span><\/p>\n<p><span style=\"color: #ffffff; font-size: small;\">Lugar de realizaci\u00f3n: Locales de SFA, C\/ Pedro de Asua 2, 2\u00aa Planta (disponemos de parking gratuito)<\/span><\/p>\n<p><span style=\"color: #ffffff; font-size: small;\">Precio: 10\u20ac Socios\/ 60\u20ac No socios (inscripci\u00f3n a partir del 7 de mayo)<\/span><\/p>\n<p><span style=\"color: #000000; font-size: small;\"><a href=\"http:\/\/www.sfalavesa.es\/sfawp\/wp-content\/uploads\/2018\/04\/Taller-Helena-Go%C3%B1i.doc\" target=\"_blank\" rel=\"noopener\" data-saferedirecturl=\"https:\/\/www.google.com\/url?hl=es&amp;q=http:\/\/www.sfalavesa.es\/sfawp\/wp-content\/uploads\/2018\/04\/Taller-Helena-Go%C3%B1i.doc&amp;source=gmail&amp;ust=1524553155819000&amp;usg=AFQjCNHWZfWCZb2q29oCZ4EXlXzujOHZyA\"><span style=\"color: #0066cc;\">Formulario de inscripci\u00f3n<\/span><\/a><\/span><\/p>\n<p><span style=\"color: #ffffff; font-size: small;\">Para apuntarte al curso es necesario rellenar el formulario de inscripci\u00f3n y enviarlo junto con el justificante de pago v\u00eda mail, si tienes alguna duda o necesitas m\u00e1s informaci\u00f3n sobre la actividad puedes contactar con nosotros en el tel\u00e9fono 945 24 39 22 o enviarnos un mail a esta direcci\u00f3n: <span style=\"color: #ffff00;\"><a href=\"mailto:sociedadfotografica@gmail.com\" target=\"_blank\" rel=\"noopener\">sociedadfotografica@gmail.com<\/a><\/span><\/span><\/p>\n<p><span style=\"color: #ffffff; font-size: small;\">El n\u00famero de alumnos ser\u00e1 de un m\u00e1ximo de\u00a010 personas.<\/span><\/p>\n<p><span style=\"color: #ffffff; font-size: small;\">\u201cEl taller no se llevar\u00e1 a cabo si no se cubre un m\u00ednimo de plazas\u201d<\/span><\/p>\n<div><span style=\"color: #000000; font-size: small;\">&#8212;&#8212;&#8212;&#8212;&#8212;&#8212;&#8212;&#8212;&#8212;&#8212;<wbr \/>&#8212;&#8212;&#8212;&#8212;&#8212;&#8212;<\/span><span style=\"line-height: inherit;\">\u00a0<\/span><\/div>\n<div>\n<div><span style=\"color: #000000; font-size: small;\">\u00a0<\/span><\/div>\n<div><i><b><span style=\"font-size: large;\"><span class=\"m_1966998428656695572gmail-m_4547489261293030416gmail-m_-273617361945465231gmail-m_502986815690605274gmail-m_7646772153197136910gmail-il\"><span class=\"m_1966998428656695572gmail-m_4547489261293030416gmail-il\">Docu<\/span><\/span>&#8211;<span class=\"m_1966998428656695572gmail-m_4547489261293030416gmail-m_-273617361945465231gmail-m_502986815690605274gmail-m_7646772153197136910gmail-il\"><span class=\"m_1966998428656695572gmail-m_4547489261293030416gmail-il\">pote<\/span>: The many lives of William Klein<\/span><\/span><\/b><\/i><\/div>\n<div><span class=\"m_1966998428656695572gmail-m_4547489261293030416gmail-m_-273617361945465231gmail-m_502986815690605274gmail-m_7646772153197136910gmail-il\">(Debido a la cercan\u00eda del puente de San Prudencio, cambiamos la fecha del docu de este mes)<\/span><\/div>\n<div>\n<div><\/div>\n<div>\u00a0La actividad tendr\u00e1 lugar el viernes <span class=\"m_1966998428656695572gmail-m_4547489261293030416gmail-il\">20<\/span> de\u00a0<span class=\"m_1966998428656695572gmail-m_4547489261293030416gmail-il\">abril<\/span><span class=\"m_1966998428656695572gmail-m_4547489261293030416gmail-m_-273617361945465231gmail-m_502986815690605274gmail-m_7646772153197136910gmail-m_2458746953132605050gmail-m_6547024017469460841gmail-m_1570986197230816093gmail-m_-1201363978104158032gmail-m_4289511201467675705m_-947362203317974083gmail-m_2988550295967385574gmail-m_-2868022649266535584gmail-m_-1313044338137234637gmail-m_-8894960849190737669gmail-m_5252016758899329882gmail-il\">\u00a0<\/span>en los jardines de la sociedad a partir de las 19:30, recuerda reservar tu plaza a trav\u00e9s del mail:<br \/>\n<a href=\"mailto:sociedadfotografica@gmail.com\" target=\"_blank\" rel=\"noopener\">sociedadfotografica@gmail.com<\/a>Como no todo va a ser aprender, despu\u00e9s del &#8220;<span class=\"m_1966998428656695572gmail-m_4547489261293030416gmail-m_-273617361945465231gmail-m_502986815690605274gmail-m_7646772153197136910gmail-m_2458746953132605050gmail-m_6547024017469460841gmail-m_1570986197230816093gmail-m_-1201363978104158032gmail-m_4289511201467675705m_-947362203317974083gmail-m_2988550295967385574gmail-m_-2868022649266535584gmail-m_-1313044338137234637gmail-m_-8894960849190737669gmail-m_5252016758899329882gmail-il\"><span class=\"m_1966998428656695572gmail-m_4547489261293030416gmail-m_-273617361945465231gmail-m_502986815690605274gmail-m_7646772153197136910gmail-il\"><span class=\"m_1966998428656695572gmail-m_4547489261293030416gmail-il\">docu<\/span><\/span><\/span>&#8221;<br \/>\ntomaremos un\u00a0<span class=\"m_1966998428656695572gmail-m_4547489261293030416gmail-m_-273617361945465231gmail-m_502986815690605274gmail-m_7646772153197136910gmail-m_2458746953132605050gmail-m_6547024017469460841gmail-m_1570986197230816093gmail-m_-1201363978104158032gmail-m_4289511201467675705m_-947362203317974083gmail-m_2988550295967385574gmail-m_-2868022649266535584gmail-m_-1313044338137234637gmail-m_-8894960849190737669gmail-m_5252016758899329882gmail-il\"><span class=\"m_1966998428656695572gmail-m_4547489261293030416gmail-m_-273617361945465231gmail-m_502986815690605274gmail-m_7646772153197136910gmail-il\"><span class=\"m_1966998428656695572gmail-m_4547489261293030416gmail-il\">pote<\/span><\/span><\/span>&#8221; para<br \/>\ncompartir opiniones!<\/p>\n<\/div>\n<div>Te esperamos!<\/div>\n<div><a href=\"https:\/\/www.federacionfotovasca.org\/wp-content\/uploads\/2018\/04\/WILLIAM-KLEIN_baja.jpg\" target=\"_blank\" rel=\"noopener\"><img loading=\"lazy\" decoding=\"async\" class=\"alignnone wp-image-14557\" src=\"https:\/\/www.federacionfotovasca.org\/wp-content\/uploads\/2018\/04\/WILLIAM-KLEIN_baja.jpg\" alt=\"\" width=\"292\" height=\"349\" srcset=\"https:\/\/blog.federacionfotovasca.org\/wp-content\/uploads\/2018\/04\/WILLIAM-KLEIN_baja.jpg 900w, https:\/\/blog.federacionfotovasca.org\/wp-content\/uploads\/2018\/04\/WILLIAM-KLEIN_baja-300x358.jpg 300w, https:\/\/blog.federacionfotovasca.org\/wp-content\/uploads\/2018\/04\/WILLIAM-KLEIN_baja-620x741.jpg 620w, https:\/\/blog.federacionfotovasca.org\/wp-content\/uploads\/2018\/04\/WILLIAM-KLEIN_baja-768x917.jpg 768w\" sizes=\"auto, (max-width: 292px) 100vw, 292px\" \/><\/a><\/div>\n<div style=\"text-align: left;\">\n<p><a href=\"http:\/\/www.sfalavesa.es\/\" target=\"_blank\" rel=\"noopener\"><img loading=\"lazy\" decoding=\"async\" class=\"size-full wp-image-13933 alignleft\" src=\"https:\/\/www.federacionfotovasca.org\/wp-content\/uploads\/2017\/11\/sfa.jpg\" alt=\"\" width=\"220\" height=\"88\" \/><\/a><\/p>\n<p style=\"text-align: right;\"><span style=\"color: #3366ff;\">Oficina:\u00a0Lunes, martes y jueves\u00a0de 17:00h a 20:00h<\/span><\/p>\n<div style=\"text-align: right;\"><span style=\"color: #3366ff;\">\u00a0\u00a0\u00a0\u00a0\u00a0\u00a0\u00a0\u00a0\u00a0\u00a0\u00a0\u00a0\u00a0Mi\u00e9rcoles y viernes de 9:00 a 12:00<\/span><\/div>\n<div style=\"text-align: right;\"><span style=\"color: #3366ff;\">Telef:<a href=\"tel:945%2024%2039%2022\" target=\"_blank\" rel=\"noopener\"> 945243922<\/a><\/span><\/div>\n<div style=\"text-align: right;\"><span style=\"color: #3366ff;\"><b><a href=\"http:\/\/www.sfalavesa.es\/\" target=\"_blank\" rel=\"noopener\">www.sfalavesa.es<\/a><\/b><\/span><\/div>\n<div style=\"text-align: right;\"><span style=\"color: #3366ff;\"><a href=\"mailto:sociedadfotografica@gmail.com\" target=\"_blank\" rel=\"noopener\"><b>sociedadfotografica@gmail.com<\/b><\/a><\/span><\/div>\n<p>&nbsp;<\/p>\n<\/div>\n<\/div>\n<\/div>\n<\/div>\n<\/div>\n<\/div>\n","protected":false},"excerpt":{"rendered":"<p>Actividades mayo en SFA \u00a0 Os recordamos que con motivo del 25 Aniversario, se acord\u00f3\u00a0ofrecer un descuento a los familiares y amigos\/as de los socios\/as (descuento aplicable a 1 persona por asociado) ofreci\u00e9ndole los cursos de fotograf\u00eda que organicemos a &hellip; <a href=\"https:\/\/blog.federacionfotovasca.org\/eu\/actividades-mayo-en-sfa-cambio-de-fecha-docu-pote-the-many-lives-of-william-klein-viernes-20-de-abril\/\">Continue reading <span class=\"meta-nav\">&rarr;<\/span><\/a><\/p>\n","protected":false},"author":1,"featured_media":0,"comment_status":"open","ping_status":"open","sticky":false,"template":"","format":"standard","meta":{"footnotes":""},"categories":[59],"tags":[424,35,912],"class_list":["post-14553","post","type-post","status-publish","format-standard","hentry","category-tecnica","tag-fotografs","tag-vitoria","tag-william-klein"],"_links":{"self":[{"href":"https:\/\/blog.federacionfotovasca.org\/eu\/wp-json\/wp\/v2\/posts\/14553","targetHints":{"allow":["GET"]}}],"collection":[{"href":"https:\/\/blog.federacionfotovasca.org\/eu\/wp-json\/wp\/v2\/posts"}],"about":[{"href":"https:\/\/blog.federacionfotovasca.org\/eu\/wp-json\/wp\/v2\/types\/post"}],"author":[{"embeddable":true,"href":"https:\/\/blog.federacionfotovasca.org\/eu\/wp-json\/wp\/v2\/users\/1"}],"replies":[{"embeddable":true,"href":"https:\/\/blog.federacionfotovasca.org\/eu\/wp-json\/wp\/v2\/comments?post=14553"}],"version-history":[{"count":1,"href":"https:\/\/blog.federacionfotovasca.org\/eu\/wp-json\/wp\/v2\/posts\/14553\/revisions"}],"predecessor-version":[{"id":14565,"href":"https:\/\/blog.federacionfotovasca.org\/eu\/wp-json\/wp\/v2\/posts\/14553\/revisions\/14565"}],"wp:attachment":[{"href":"https:\/\/blog.federacionfotovasca.org\/eu\/wp-json\/wp\/v2\/media?parent=14553"}],"wp:term":[{"taxonomy":"category","embeddable":true,"href":"https:\/\/blog.federacionfotovasca.org\/eu\/wp-json\/wp\/v2\/categories?post=14553"},{"taxonomy":"post_tag","embeddable":true,"href":"https:\/\/blog.federacionfotovasca.org\/eu\/wp-json\/wp\/v2\/tags?post=14553"}],"curies":[{"name":"wp","href":"https:\/\/api.w.org\/{rel}","templated":true}]}}