{"id":14562,"date":"2018-04-23T12:16:13","date_gmt":"2018-04-23T10:16:13","guid":{"rendered":"https:\/\/www.federacionfotovasca.org\/?p=14562"},"modified":"2018-04-23T12:16:13","modified_gmt":"2018-04-23T10:16:13","slug":"nueva-junta-directiva-de-afi","status":"publish","type":"post","link":"https:\/\/blog.federacionfotovasca.org\/eu\/nueva-junta-directiva-de-afi\/","title":{"rendered":"Nueva Junta Directiva de AFI"},"content":{"rendered":"<p><a href=\"http:\/\/www.afi-iae.com\/\" target=\"_blank\" rel=\"noopener\"><img loading=\"lazy\" decoding=\"async\" class=\"alignnone size-full wp-image-13318\" src=\"https:\/\/www.federacionfotovasca.org\/wp-content\/uploads\/2017\/08\/AFI.jpg\" alt=\"\" width=\"724\" height=\"90\" srcset=\"https:\/\/blog.federacionfotovasca.org\/wp-content\/uploads\/2017\/08\/AFI.jpg 724w, https:\/\/blog.federacionfotovasca.org\/wp-content\/uploads\/2017\/08\/AFI-300x37.jpg 300w, https:\/\/blog.federacionfotovasca.org\/wp-content\/uploads\/2017\/08\/AFI-620x77.jpg 620w, https:\/\/blog.federacionfotovasca.org\/wp-content\/uploads\/2017\/08\/AFI-720x90.jpg 720w\" sizes=\"auto, (max-width: 724px) 100vw, 724px\" \/><\/a><\/p>\n<p>Buenos d\u00edas:<\/p>\n<div>Adjuntamos archivo con la composici\u00f3n de la nueva Junta Directiva de la Asociaci\u00f3n Fotogr\u00e1fica Irunesa (AFI-IAE).<\/div>\n<div><\/div>\n<div>Un saludo,<\/div>\n<div><\/div>\n<div>AFI-IAE<\/div>\n<div><span style=\"color: #ffff99;\"><a href=\"https:\/\/www.federacionfotovasca.org\/wp-content\/uploads\/2018\/04\/Junta-Directiva-AFI-2018.pdf\" target=\"_blank\" rel=\"noopener\">&#8220;Junta Directiva AFI 2018&#8221;<\/a><\/span><\/div>\n","protected":false},"excerpt":{"rendered":"<p>Buenos d\u00edas: Adjuntamos archivo con la composici\u00f3n de la nueva Junta Directiva de la Asociaci\u00f3n Fotogr\u00e1fica Irunesa (AFI-IAE). Un saludo, AFI-IAE &#8220;Junta Directiva AFI 2018&#8221;<\/p>\n","protected":false},"author":1,"featured_media":0,"comment_status":"open","ping_status":"open","sticky":false,"template":"","format":"standard","meta":{"footnotes":""},"categories":[15],"tags":[38,913],"class_list":["post-14562","post","type-post","status-publish","format-standard","hentry","category-general","tag-irun","tag-junta-directiva"],"_links":{"self":[{"href":"https:\/\/blog.federacionfotovasca.org\/eu\/wp-json\/wp\/v2\/posts\/14562","targetHints":{"allow":["GET"]}}],"collection":[{"href":"https:\/\/blog.federacionfotovasca.org\/eu\/wp-json\/wp\/v2\/posts"}],"about":[{"href":"https:\/\/blog.federacionfotovasca.org\/eu\/wp-json\/wp\/v2\/types\/post"}],"author":[{"embeddable":true,"href":"https:\/\/blog.federacionfotovasca.org\/eu\/wp-json\/wp\/v2\/users\/1"}],"replies":[{"embeddable":true,"href":"https:\/\/blog.federacionfotovasca.org\/eu\/wp-json\/wp\/v2\/comments?post=14562"}],"version-history":[{"count":1,"href":"https:\/\/blog.federacionfotovasca.org\/eu\/wp-json\/wp\/v2\/posts\/14562\/revisions"}],"predecessor-version":[{"id":14564,"href":"https:\/\/blog.federacionfotovasca.org\/eu\/wp-json\/wp\/v2\/posts\/14562\/revisions\/14564"}],"wp:attachment":[{"href":"https:\/\/blog.federacionfotovasca.org\/eu\/wp-json\/wp\/v2\/media?parent=14562"}],"wp:term":[{"taxonomy":"category","embeddable":true,"href":"https:\/\/blog.federacionfotovasca.org\/eu\/wp-json\/wp\/v2\/categories?post=14562"},{"taxonomy":"post_tag","embeddable":true,"href":"https:\/\/blog.federacionfotovasca.org\/eu\/wp-json\/wp\/v2\/tags?post=14562"}],"curies":[{"name":"wp","href":"https:\/\/api.w.org\/{rel}","templated":true}]}}