{"id":14748,"date":"2018-06-25T09:33:16","date_gmt":"2018-06-25T07:33:16","guid":{"rendered":"https:\/\/www.federacionfotovasca.org\/?p=14748"},"modified":"2018-06-26T08:27:40","modified_gmt":"2018-06-26T06:27:40","slug":"afi-xxxii-concurso-fotografico-popular-de-san-marcial","status":"publish","type":"post","link":"https:\/\/blog.federacionfotovasca.org\/eu\/afi-xxxii-concurso-fotografico-popular-de-san-marcial\/","title":{"rendered":"AFI &#8211; XXXII Concurso Fotogr\u00e1fico Popular de San Marcial"},"content":{"rendered":"<p><a href=\"http:\/\/afi-iae.com\/\" target=\"_blank\" rel=\"noopener\"><img loading=\"lazy\" decoding=\"async\" class=\"alignnone size-full wp-image-8231\" src=\"https:\/\/www.federacionfotovasca.org\/wp-content\/uploads\/2015\/03\/Irun.png\" alt=\"\" width=\"714\" height=\"93\" srcset=\"https:\/\/blog.federacionfotovasca.org\/wp-content\/uploads\/2015\/03\/Irun.png 714w, https:\/\/blog.federacionfotovasca.org\/wp-content\/uploads\/2015\/03\/Irun-300x39.png 300w, https:\/\/blog.federacionfotovasca.org\/wp-content\/uploads\/2015\/03\/Irun-620x81.png 620w\" sizes=\"auto, (max-width: 714px) 100vw, 714px\" \/><\/a><\/p>\n<p><strong><u>XXXII CONCURSO FOTOGR\u00c1FICO POPULAR DE SAN MARCIAL<\/u><\/strong><\/p>\n<p><strong><span style=\"color: #ccffcc;\">Juan Ignacio Lejarza<\/span>, en el tema Ir\u00fan, y <span style=\"color: #ffff99;\">Joel Iglesias<\/span>, en el Libre, han sido los ganadores del XXXII Concurso Fotogr\u00e1fico Popular, organizado por la AFI con motivo de las fiestas de San Marcial 2018.<\/strong><\/p>\n<p>El resto de los galardonados han sido, en el tema Ir\u00fan, I\u00f1igo Alzugaray y Mariaje Balda, en segundo y tercer lugar, respectivamente; por su parte, los otros dos premios en el tema Libre han correspondido a Yolanda Dom\u00ednguez (segundo) y Marina S\u00e1nchez (tercero). Todos ellos han recibido sus correspondientes trofeos as\u00ed como\u00a0regalos en material fotogr\u00e1fico.<\/p>\n<p>El acto de entrega de premios se ha celebrado el 22 de junio en el local de AFI y ha estado presidido por la concejala de Cultura, Juncal Eizaguirre, en representaci\u00f3n del Ayuntamiento de Ir\u00fan que patrocina el Concurso.<\/p>\n<p>La selecci\u00f3n de las obras ganadoras se ha realizado por un jurado mixto: por un lado, ha votado el p\u00fablico asistente a la inauguraci\u00f3n de la exposici\u00f3n el pasado 18 de junio y, por otro, un jurado t\u00e9cnico formado por los fot\u00f3grafos, Eva Pascual, Floren Portu, y Fernando Vergara.<\/p>\n<p>Al concurso se han presentado un total de 53 fotograf\u00edas (21 en el tema Irun y 32 en el Libre) pertenecientes a 18 autores.<\/p>\n<p>Archivos adjuntos:<a href=\"https:\/\/www.federacionfotovasca.org\/wp-content\/uploads\/2018\/06\/5051j_AFI.jpg\" target=\"_blank\" rel=\"noopener\"><img loading=\"lazy\" decoding=\"async\" class=\"wp-image-14749 alignright\" src=\"https:\/\/www.federacionfotovasca.org\/wp-content\/uploads\/2018\/06\/5051j_AFI.jpg\" alt=\"\" width=\"270\" height=\"180\" srcset=\"https:\/\/blog.federacionfotovasca.org\/wp-content\/uploads\/2018\/06\/5051j_AFI.jpg 3875w, https:\/\/blog.federacionfotovasca.org\/wp-content\/uploads\/2018\/06\/5051j_AFI-300x200.jpg 300w, https:\/\/blog.federacionfotovasca.org\/wp-content\/uploads\/2018\/06\/5051j_AFI-620x413.jpg 620w, https:\/\/blog.federacionfotovasca.org\/wp-content\/uploads\/2018\/06\/5051j_AFI-768x512.jpg 768w, https:\/\/blog.federacionfotovasca.org\/wp-content\/uploads\/2018\/06\/5051j_AFI-940x626.jpg 940w\" sizes=\"auto, (max-width: 270px) 100vw, 270px\" \/><\/a><\/p>\n<p>&#8211;\u00a0\u00a0\u00a0\u00a0\u00a0 Fotograf\u00eda con los ganadores junto a la concejala de Cultura, Juncal Eizaguirre, el presidente de AFI, Gerardo Garc\u00eda y la vicepresidenta, Bego\u00f1a Darceles<\/p>\n<p>&#8211;\u00a0\u00a0\u00a0\u00a0\u00a0 Acta del Concurso<\/p>\n<p>Un saludo,<\/p>\n<p>AFI-IAE<\/p>\n<p><a href=\"http:\/\/www.afi-iae.com\/\" target=\"_blank\" rel=\"noopener\" data-saferedirecturl=\"https:\/\/www.google.com\/url?hl=es&amp;q=http:\/\/www.afi-iae.com&amp;source=gmail&amp;ust=1529995792059000&amp;usg=AFQjCNG1tNFn2OEgzDCvZFDa5sXcuoXoTg\">www.afi-iae.com<\/a><\/p>\n<p><a href=\"https:\/\/www.federacionfotovasca.org\/wp-content\/uploads\/2018\/06\/Acta-XXXII-CONCURSO-FOTOGRAFICO-POPULAR-DE-IRUN.pdf\" target=\"_blank\" rel=\"noopener\">&#8220;Acta XXXII CONCURSO FOTOGRAFICO POPULAR DE IRUN&#8221;<\/a><\/p>\n","protected":false},"excerpt":{"rendered":"<p>XXXII CONCURSO FOTOGR\u00c1FICO POPULAR DE SAN MARCIAL Juan Ignacio Lejarza, en el tema Ir\u00fan, y Joel Iglesias, en el Libre, han sido los ganadores del XXXII Concurso Fotogr\u00e1fico Popular, organizado por la AFI con motivo de las fiestas de San &hellip; <a href=\"https:\/\/blog.federacionfotovasca.org\/eu\/afi-xxxii-concurso-fotografico-popular-de-san-marcial\/\">Continue reading <span class=\"meta-nav\">&rarr;<\/span><\/a><\/p>\n","protected":false},"author":1,"featured_media":0,"comment_status":"open","ping_status":"open","sticky":false,"template":"","format":"standard","meta":{"footnotes":""},"categories":[185],"tags":[38,58],"class_list":["post-14748","post","type-post","status-publish","format-standard","hentry","category-rallye","tag-irun","tag-rally-fotografico"],"_links":{"self":[{"href":"https:\/\/blog.federacionfotovasca.org\/eu\/wp-json\/wp\/v2\/posts\/14748","targetHints":{"allow":["GET"]}}],"collection":[{"href":"https:\/\/blog.federacionfotovasca.org\/eu\/wp-json\/wp\/v2\/posts"}],"about":[{"href":"https:\/\/blog.federacionfotovasca.org\/eu\/wp-json\/wp\/v2\/types\/post"}],"author":[{"embeddable":true,"href":"https:\/\/blog.federacionfotovasca.org\/eu\/wp-json\/wp\/v2\/users\/1"}],"replies":[{"embeddable":true,"href":"https:\/\/blog.federacionfotovasca.org\/eu\/wp-json\/wp\/v2\/comments?post=14748"}],"version-history":[{"count":1,"href":"https:\/\/blog.federacionfotovasca.org\/eu\/wp-json\/wp\/v2\/posts\/14748\/revisions"}],"predecessor-version":[{"id":14771,"href":"https:\/\/blog.federacionfotovasca.org\/eu\/wp-json\/wp\/v2\/posts\/14748\/revisions\/14771"}],"wp:attachment":[{"href":"https:\/\/blog.federacionfotovasca.org\/eu\/wp-json\/wp\/v2\/media?parent=14748"}],"wp:term":[{"taxonomy":"category","embeddable":true,"href":"https:\/\/blog.federacionfotovasca.org\/eu\/wp-json\/wp\/v2\/categories?post=14748"},{"taxonomy":"post_tag","embeddable":true,"href":"https:\/\/blog.federacionfotovasca.org\/eu\/wp-json\/wp\/v2\/tags?post=14748"}],"curies":[{"name":"wp","href":"https:\/\/api.w.org\/{rel}","templated":true}]}}