{"id":14774,"date":"2018-06-27T10:00:57","date_gmt":"2018-06-27T08:00:57","guid":{"rendered":"https:\/\/www.federacionfotovasca.org\/?p=14774"},"modified":"2018-06-27T10:00:57","modified_gmt":"2018-06-27T08:00:57","slug":"invitacion-a-la-presentacion-del-numero-40-de-la-revista-contraluz","status":"publish","type":"post","link":"https:\/\/blog.federacionfotovasca.org\/eu\/invitacion-a-la-presentacion-del-numero-40-de-la-revista-contraluz\/","title":{"rendered":"Invitaci\u00f3n a la presentaci\u00f3n del n\u00famero 40 de la revista CONTRALUZ"},"content":{"rendered":"<p style=\"text-align: right;\"><a href=\"http:\/\/www.agrupacionfotonavarra.com\/\" target=\"_blank\" rel=\"noopener\"><img loading=\"lazy\" decoding=\"async\" class=\"size-full wp-image-5745 alignleft\" src=\"https:\/\/www.federacionfotovasca.org\/wp-content\/uploads\/2014\/04\/AFCN.png\" alt=\"\" width=\"300\" height=\"77\" \/><\/a>Agrupaci\u00f3n Fotogr\u00e1fica y Cinematogr\u00e1fica de Navarra<br \/>\nC\/R\u00edo Urrobi N\u00ba3 Bajo<br \/>\n<a href=\"mailto:afcn@agrupacionfotonavarra.com\" target=\"_blank\" rel=\"noopener\">afcn@agrupacionfotonavarra.com<\/a><\/p>\n<p>&nbsp;<\/p>\n<p>LUGAR: Sal\u00f3n de Actos del Palacio del Condestable (<a href=\"https:\/\/maps.google.com\/?q=C\/+Mayor+2.+Pamplona&amp;entry=gmail&amp;source=g\">C\/ Mayor 2. Pamplona<\/a>)<a href=\"https:\/\/www.federacionfotovasca.org\/wp-content\/uploads\/2018\/06\/Contraluz.jpg\" target=\"_blank\" rel=\"noopener\"><img loading=\"lazy\" decoding=\"async\" class=\"wp-image-14775 alignright\" src=\"https:\/\/www.federacionfotovasca.org\/wp-content\/uploads\/2018\/06\/Contraluz.jpg\" alt=\"\" width=\"389\" height=\"259\" srcset=\"https:\/\/blog.federacionfotovasca.org\/wp-content\/uploads\/2018\/06\/Contraluz.jpg 1288w, https:\/\/blog.federacionfotovasca.org\/wp-content\/uploads\/2018\/06\/Contraluz-300x200.jpg 300w, https:\/\/blog.federacionfotovasca.org\/wp-content\/uploads\/2018\/06\/Contraluz-620x413.jpg 620w, https:\/\/blog.federacionfotovasca.org\/wp-content\/uploads\/2018\/06\/Contraluz-768x511.jpg 768w, https:\/\/blog.federacionfotovasca.org\/wp-content\/uploads\/2018\/06\/Contraluz-940x625.jpg 940w\" sizes=\"auto, (max-width: 389px) 100vw, 389px\" \/><\/a><\/p>\n<p>D\u00cdA: Viernes 29 de junio<\/p>\n<p>HORA: 19:30<\/p>\n<p>&nbsp;<\/p>\n<div><span style=\"font-family: 'helvetica neue', helvetica, arial, verdana, sans-serif;\">La <\/span><strong>Agrupaci\u00f3n Fotogr\u00e1fica y Cinematogr\u00e1fica de Navarra<\/strong><span style=\"font-family: 'helvetica neue', helvetica, arial, verdana, sans-serif;\"> se complace en invitarle a la presentaci\u00f3n del n\u00famero 40 de la revista\u00a0<\/span><strong>CONTRALUZ<\/strong><span style=\"font-family: 'helvetica neue', helvetica, arial, verdana, sans-serif;\">.<\/span><\/p>\n<p><span style=\"font-family: 'helvetica neue', helvetica, arial, verdana, sans-serif;\">El pr\u00f3ximo viernes, d\u00eda 29 de Junio, en el sal\u00f3n de actos del Palacio de Condestable, a las 19.30 tendr\u00e1 \u00a0lugar la presentaci\u00f3n del n\u00famero 40 de la revista CONTRALUZ que edita la Agrupaci\u00f3n Fotogr\u00e1fica y Cinematogr\u00e1fica de Navarra.<\/p>\n<p>En este n\u00famero monogr\u00e1fico trataremos el cambio de paradigma anal\u00f3gico-digital en el proceso fotogr\u00e1fico, que supuso una rotura a la hora de entender el acto fotogr\u00e1fico en todas sus dimensiones. \u00a0No queremos hacer en este n\u00famero de Contraluz un homenaje a la fotograf\u00eda anal\u00f3gica ya que ello supondr\u00eda considerarla como un modelo obsoleto, trasnochado. \u00a0Reivindicaremos por tanto la vigencia en el presente de esta aproximaci\u00f3n al medio, digamos m\u00e1gica, donde la interpretaci\u00f3n est\u00e1 diferida en el futuro.<\/p>\n<p>Hemos encargado un art\u00edculo a Valent\u00edn Sama: \u00d3ptico, fot\u00f3grafo profesional, y docente. Experto en historia de los materiales fotogr\u00e1ficos.<\/p>\n<p>Para este n\u00famero, tenemos un portafolios colectivo a tres autores de la Agrupaci\u00f3n Fotogr\u00e1fica de Navarra, realizados en anal\u00f3gico. \u00a0Jos\u00e9 Javier Huarte nos hablar\u00e1 desde la semi\u00f3tica de la modificaci\u00f3n del estatuto del \u00edndice en el signo.<\/span>\n<\/div>\n<div><span style=\"font-family: 'helvetica neue', helvetica, arial, verdana, sans-serif;\">En la secci\u00f3n fija \u201cel mar de la memoria\u201d tenemos, de mano de Blas Campos, \u00a0a Duane Michals. Un narrador de historias cortas en las que las fotos conviven con textos que tratan de ampliar los l\u00edmites de la imagen.\u00a0<\/span>\n<\/div>\n<div><span style=\"font-family: 'helvetica neue', helvetica, arial, verdana, sans-serif;\">En la secci\u00f3n de cine tenemos a Jos\u00e9 Antonio Sistiaga. Sistiaga cre\u00f3 la que se considera una de las primeras pel\u00edculas de todos los tiempos pintada directamente sobre celuloide y sin acompa\u00f1amiento sonoro: ERE ERERA BALEIBU IZIK SUBUA ARUAREN.\u00a0<\/span>\n<\/div>\n<div><span style=\"font-family: 'helvetica neue', helvetica, arial, verdana, sans-serif;\">Y por \u00faltimo entrevistamos a Arturo Barcenilla Tirapu, autor del libro &#8220;TRUFFAUT \/ PARIS: EL PARIS DE LAS PELICULAS DE FRAN\u00c7OIS TRUFFAUT&#8221;. \u00a0Un proyecto que consiste en localizar en Par\u00eds las huellas de los lugares en los que rod\u00f3 Fran\u00e7ois Truffaut.<br \/>\nEl c\u00f3mite directivo de la revista est\u00e1 formado por Jos\u00e9 Antonio Perez, Irati Aizpurua, Blas Campos, Ferm\u00edn Mart\u00ednez y Javier Huarte.<\/span><\/div>\n<div>\n<table>\n<tbody>\n<tr>\n<td class=\"m_1930335800547820435defaultText\" colspan=\"2\">\n<div>\n<div><strong>CONTACTO<\/strong><br \/>\nAgrupaci\u00f3n Fotogr\u00e1fica y Cinematogr\u00e1fica de Navarra<br \/>\nC\/R\u00edo Urrobi N\u00ba3 Bajo \u00a0&#8211; \u00a0Tfno: 948 247 433<br \/>\n<a href=\"mailto:afcn@agrupacionfotonavarra.com\" target=\"_blank\" rel=\"noopener\">afcn@agrupacionfotonavarra.com<\/a><br \/>\n<a href=\"http:\/\/www.agrupacionfotonavarra.com\/\" target=\"_blank\" rel=\"noopener\" data-saferedirecturl=\"https:\/\/www.google.com\/url?hl=es&amp;q=http:\/\/www.agrupacionfotonavarra.com&amp;source=gmail&amp;ust=1530172090718000&amp;usg=AFQjCNGvc7-QsTE37SRw9VFyZpnhObuTUg\">http:\/\/www.<wbr \/>agrupacionfotonavarra.com<\/a>\n<\/div>\n<\/div>\n<\/td>\n<\/tr>\n<tr>\n<td colspan=\"2\">\n<hr \/>\n<\/td>\n<\/tr>\n<tr>\n<td colspan=\"2\">\n<div><a href=\"https:\/\/agrupacionfotonavarra.us14.list-manage.com\/track\/click?u=9eb358af1bc6b33494a08cb2b&amp;id=787fb49627&amp;e=aa526f3647\" target=\"_blank\" rel=\"noopener\" data-saferedirecturl=\"https:\/\/www.google.com\/url?hl=es&amp;q=https:\/\/agrupacionfotonavarra.us14.list-manage.com\/track\/click?u%3D9eb358af1bc6b33494a08cb2b%26id%3D787fb49627%26e%3Daa526f3647&amp;source=gmail&amp;ust=1530172090718000&amp;usg=AFQjCNHXy3k3woQ9K4eZ1J3K8JrZ-EnpCw\">La agrupaci\u00f3n<\/a> | <a href=\"https:\/\/agrupacionfotonavarra.us14.list-manage.com\/track\/click?u=9eb358af1bc6b33494a08cb2b&amp;id=19c6a55774&amp;e=aa526f3647\" target=\"_blank\" rel=\"noopener\" data-saferedirecturl=\"https:\/\/www.google.com\/url?hl=es&amp;q=https:\/\/agrupacionfotonavarra.us14.list-manage.com\/track\/click?u%3D9eb358af1bc6b33494a08cb2b%26id%3D19c6a55774%26e%3Daa526f3647&amp;source=gmail&amp;ust=1530172090718000&amp;usg=AFQjCNElmryVeuOXtt1u6ksPMEcnMq7_7g\">Noticias<\/a> | <a href=\"https:\/\/agrupacionfotonavarra.us14.list-manage.com\/track\/click?u=9eb358af1bc6b33494a08cb2b&amp;id=615b8cee0a&amp;e=aa526f3647\" target=\"_blank\" rel=\"noopener\" data-saferedirecturl=\"https:\/\/www.google.com\/url?hl=es&amp;q=https:\/\/agrupacionfotonavarra.us14.list-manage.com\/track\/click?u%3D9eb358af1bc6b33494a08cb2b%26id%3D615b8cee0a%26e%3Daa526f3647&amp;source=gmail&amp;ust=1530172090718000&amp;usg=AFQjCNGWlYRR9Q_H9fgAVYzbht40uBz8VQ\">Actividades<\/a> | <a href=\"https:\/\/agrupacionfotonavarra.us14.list-manage.com\/track\/click?u=9eb358af1bc6b33494a08cb2b&amp;id=d0d15debb0&amp;e=aa526f3647\" target=\"_blank\" rel=\"noopener\" data-saferedirecturl=\"https:\/\/www.google.com\/url?hl=es&amp;q=https:\/\/agrupacionfotonavarra.us14.list-manage.com\/track\/click?u%3D9eb358af1bc6b33494a08cb2b%26id%3Dd0d15debb0%26e%3Daa526f3647&amp;source=gmail&amp;ust=1530172090718000&amp;usg=AFQjCNFKu_2LLDEwlpNRmr1SX2B5ZazWuQ\">Contacto<\/a><br \/>\n<a href=\"https:\/\/agrupacionfotonavarra.us14.list-manage.com\/track\/click?u=9eb358af1bc6b33494a08cb2b&amp;id=3498297731&amp;e=aa526f3647\" target=\"_blank\" rel=\"noopener\" data-saferedirecturl=\"https:\/\/www.google.com\/url?hl=es&amp;q=https:\/\/agrupacionfotonavarra.us14.list-manage.com\/track\/click?u%3D9eb358af1bc6b33494a08cb2b%26id%3D3498297731%26e%3Daa526f3647&amp;source=gmail&amp;ust=1530172090718000&amp;usg=AFQjCNH11jzaNeBbnYvYhF1FgkWWqgMCuQ\">Cursos<\/a> | <a href=\"https:\/\/agrupacionfotonavarra.us14.list-manage.com\/track\/click?u=9eb358af1bc6b33494a08cb2b&amp;id=03931f6d87&amp;e=aa526f3647\" target=\"_blank\" rel=\"noopener\" data-saferedirecturl=\"https:\/\/www.google.com\/url?hl=es&amp;q=https:\/\/agrupacionfotonavarra.us14.list-manage.com\/track\/click?u%3D9eb358af1bc6b33494a08cb2b%26id%3D03931f6d87%26e%3Daa526f3647&amp;source=gmail&amp;ust=1530172090718000&amp;usg=AFQjCNECbv573GNYSnl518YAGp48LAL4lA\">Revista ContraLuz<\/a> | <a href=\"https:\/\/agrupacionfotonavarra.us14.list-manage.com\/track\/click?u=9eb358af1bc6b33494a08cb2b&amp;id=6b6562266c&amp;e=aa526f3647\" target=\"_blank\" rel=\"noopener\" data-saferedirecturl=\"https:\/\/www.google.com\/url?hl=es&amp;q=https:\/\/agrupacionfotonavarra.us14.list-manage.com\/track\/click?u%3D9eb358af1bc6b33494a08cb2b%26id%3D6b6562266c%26e%3Daa526f3647&amp;source=gmail&amp;ust=1530172090718000&amp;usg=AFQjCNFY306EwuJbAfAledaBIo5wGFXmZw\">Galer\u00eda ContraLuz<\/a> | <a href=\"https:\/\/agrupacionfotonavarra.us14.list-manage.com\/track\/click?u=9eb358af1bc6b33494a08cb2b&amp;id=737c62c044&amp;e=aa526f3647\" target=\"_blank\" rel=\"noopener\" data-saferedirecturl=\"https:\/\/www.google.com\/url?hl=es&amp;q=https:\/\/agrupacionfotonavarra.us14.list-manage.com\/track\/click?u%3D9eb358af1bc6b33494a08cb2b%26id%3D737c62c044%26e%3Daa526f3647&amp;source=gmail&amp;ust=1530172090718000&amp;usg=AFQjCNFcjZ55mFA5gHX1rjjhuIHVwlCkag\">\u00c1rea OperaPrima<\/a> | <a href=\"https:\/\/agrupacionfotonavarra.us14.list-manage.com\/track\/click?u=9eb358af1bc6b33494a08cb2b&amp;id=d101889752&amp;e=aa526f3647\" target=\"_blank\" rel=\"noopener\" data-saferedirecturl=\"https:\/\/www.google.com\/url?hl=es&amp;q=https:\/\/agrupacionfotonavarra.us14.list-manage.com\/track\/click?u%3D9eb358af1bc6b33494a08cb2b%26id%3Dd101889752%26e%3Daa526f3647&amp;source=gmail&amp;ust=1530172090718000&amp;usg=AFQjCNHmPuJxTp_frNqwx3zxpAKTETCN1w\">Biblioteca<\/a><\/div>\n<\/td>\n<\/tr>\n<tr>\n<td colspan=\"2\">\n<hr \/>\n<\/td>\n<\/tr>\n<tr>\n<td colspan=\"2\">\n<table>\n<tbody>\n<tr>\n<td>AFCN C\/R\u00edo Urrobi N\u00ba3 Bajo<\/td>\n<td>Tfno: 948 247 433<\/td>\n<td><a href=\"mailto:afcn@agrupacionfotonavarra.com\" target=\"_blank\" rel=\"noopener\">afcn@agrupacionfotonavarra.com<\/a><br \/>\n<a href=\"https:\/\/agrupacionfotonavarra.us14.list-manage.com\/track\/click?u=9eb358af1bc6b33494a08cb2b&amp;id=51e5cd1718&amp;e=aa526f3647\" target=\"_blank\" rel=\"noopener\" data-saferedirecturl=\"https:\/\/www.google.com\/url?hl=es&amp;q=https:\/\/agrupacionfotonavarra.us14.list-manage.com\/track\/click?u%3D9eb358af1bc6b33494a08cb2b%26id%3D51e5cd1718%26e%3Daa526f3647&amp;source=gmail&amp;ust=1530172090718000&amp;usg=AFQjCNH-BPbuoju4cCv6dgXDtZBjb2kiQQ\">http:\/\/agrupacionfotonavarra.<wbr \/>com<\/a><br \/>\n<a href=\"https:\/\/agrupacionfotonavarra.us14.list-manage.com\/track\/click?u=9eb358af1bc6b33494a08cb2b&amp;id=9876339355&amp;e=aa526f3647\" target=\"_blank\" rel=\"noopener\" data-saferedirecturl=\"https:\/\/www.google.com\/url?hl=es&amp;q=https:\/\/agrupacionfotonavarra.us14.list-manage.com\/track\/click?u%3D9eb358af1bc6b33494a08cb2b%26id%3D9876339355%26e%3Daa526f3647&amp;source=gmail&amp;ust=1530172090718000&amp;usg=AFQjCNEAHOuoiWFvgpMHPbYj0LD_7WeXvA\">facebook<\/a><br \/>\n<a href=\"https:\/\/agrupacionfotonavarra.us14.list-manage.com\/track\/click?u=9eb358af1bc6b33494a08cb2b&amp;id=d607a5163f&amp;e=aa526f3647\" target=\"_blank\" rel=\"noopener\" data-saferedirecturl=\"https:\/\/www.google.com\/url?hl=es&amp;q=https:\/\/agrupacionfotonavarra.us14.list-manage.com\/track\/click?u%3D9eb358af1bc6b33494a08cb2b%26id%3Dd607a5163f%26e%3Daa526f3647&amp;source=gmail&amp;ust=1530172090718000&amp;usg=AFQjCNFGA6HsvHRoAxfZ7v9oXOOlash1oA\">twitter<\/a><\/td>\n<\/tr>\n<\/tbody>\n<\/table>\n<\/td>\n<\/tr>\n<\/tbody>\n<\/table>\n<\/div>\n","protected":false},"excerpt":{"rendered":"<p>Agrupaci\u00f3n Fotogr\u00e1fica y Cinematogr\u00e1fica de Navarra C\/R\u00edo Urrobi N\u00ba3 Bajo afcn@agrupacionfotonavarra.com &nbsp; LUGAR: Sal\u00f3n de Actos del Palacio del Condestable (C\/ Mayor 2. Pamplona) D\u00cdA: Viernes 29 de junio HORA: 19:30 &nbsp; La Agrupaci\u00f3n Fotogr\u00e1fica y Cinematogr\u00e1fica de Navarra se &hellip; <a href=\"https:\/\/blog.federacionfotovasca.org\/eu\/invitacion-a-la-presentacion-del-numero-40-de-la-revista-contraluz\/\">Continue reading <span class=\"meta-nav\">&rarr;<\/span><\/a><\/p>\n","protected":false},"author":1,"featured_media":0,"comment_status":"open","ping_status":"open","sticky":false,"template":"","format":"standard","meta":{"footnotes":""},"categories":[15],"tags":[310,66],"class_list":["post-14774","post","type-post","status-publish","format-standard","hentry","category-general","tag-contraluz","tag-navarra"],"_links":{"self":[{"href":"https:\/\/blog.federacionfotovasca.org\/eu\/wp-json\/wp\/v2\/posts\/14774","targetHints":{"allow":["GET"]}}],"collection":[{"href":"https:\/\/blog.federacionfotovasca.org\/eu\/wp-json\/wp\/v2\/posts"}],"about":[{"href":"https:\/\/blog.federacionfotovasca.org\/eu\/wp-json\/wp\/v2\/types\/post"}],"author":[{"embeddable":true,"href":"https:\/\/blog.federacionfotovasca.org\/eu\/wp-json\/wp\/v2\/users\/1"}],"replies":[{"embeddable":true,"href":"https:\/\/blog.federacionfotovasca.org\/eu\/wp-json\/wp\/v2\/comments?post=14774"}],"version-history":[{"count":1,"href":"https:\/\/blog.federacionfotovasca.org\/eu\/wp-json\/wp\/v2\/posts\/14774\/revisions"}],"predecessor-version":[{"id":14776,"href":"https:\/\/blog.federacionfotovasca.org\/eu\/wp-json\/wp\/v2\/posts\/14774\/revisions\/14776"}],"wp:attachment":[{"href":"https:\/\/blog.federacionfotovasca.org\/eu\/wp-json\/wp\/v2\/media?parent=14774"}],"wp:term":[{"taxonomy":"category","embeddable":true,"href":"https:\/\/blog.federacionfotovasca.org\/eu\/wp-json\/wp\/v2\/categories?post=14774"},{"taxonomy":"post_tag","embeddable":true,"href":"https:\/\/blog.federacionfotovasca.org\/eu\/wp-json\/wp\/v2\/tags?post=14774"}],"curies":[{"name":"wp","href":"https:\/\/api.w.org\/{rel}","templated":true}]}}