{"id":14823,"date":"2018-07-03T22:57:50","date_gmt":"2018-07-03T20:57:50","guid":{"rendered":"https:\/\/www.federacionfotovasca.org\/?p=14823"},"modified":"2018-07-03T22:57:50","modified_gmt":"2018-07-03T20:57:50","slug":"photomuseum-zarautz-aldibaterako-erakusketa-berria-nueva-exposicion-temporal-2","status":"publish","type":"post","link":"https:\/\/blog.federacionfotovasca.org\/eu\/photomuseum-zarautz-aldibaterako-erakusketa-berria-nueva-exposicion-temporal-2\/","title":{"rendered":"PHOTOMUSEUM ZARAUTZ Aldibaterako erakusketa berria \/ Nueva exposici\u00f3n temporal"},"content":{"rendered":"<p>&nbsp;<\/p>\n<p><em>Lagun agurgarriok: \u00a0<a href=\"https:\/\/www.federacionfotovasca.org\/wp-content\/uploads\/2015\/03\/Photomuseum.png\" target=\"_blank\" rel=\"noopener\"><img loading=\"lazy\" decoding=\"async\" class=\"wp-image-8246 alignright\" src=\"https:\/\/www.federacionfotovasca.org\/wp-content\/uploads\/2015\/03\/Photomuseum.png\" alt=\"\" width=\"212\" height=\"188\" srcset=\"https:\/\/blog.federacionfotovasca.org\/wp-content\/uploads\/2015\/03\/Photomuseum.png 447w, https:\/\/blog.federacionfotovasca.org\/wp-content\/uploads\/2015\/03\/Photomuseum-300x266.png 300w\" sizes=\"auto, (max-width: 212px) 100vw, 212px\" \/><\/a><\/em><\/p>\n<p><em>Korreoari erantsita doa Sandra Gross argazkilari katalanaren \u201cFamiliak\u201d izeneko erakusketaren inguruko informazioa. Gaur egungo familia eredu berriak azaltzen dizkigu, zer esanik ez, izaera dokumentala duela mostra honek.<\/em><\/p>\n<p><em>Gaurtik\u00a0 abuztuak 19ra bitarte izango da zabalik.<\/em><\/p>\n<p><em>Interesgarria izango duzuelakoan eta zuen arreta eskertuz, jaso ezazue gure agurrik beroena.<\/em><\/p>\n<p>* * ** * ** * ** * ** * ** * ** * ** * ** * ** * ** * ** * ** * ** * ** * ** * ** * ** * ** * *<\/p>\n<p>Estimados amigos:<\/p>\n<p>Adjuntamos informaci\u00f3n sobre la exposici\u00f3n temporal \u201c<em>Familias\u201d<\/em> de la fot\u00f3grafa Sandra Gross. La muestra destaca por su car\u00e1cter documental y en ella encontraremos los nuevos modelos de familias que han surgido \u00faltimamente.<\/p>\n<p>La exposici\u00f3n permanecer\u00e1 abierta hasta el 19 de agosto.<\/p>\n<p>Agradeciendo sus atenciones, reciban un cordial saludo.<\/p>\n<p>PHOTOMUSEUM. Argazki &amp; Zinema Museoa<\/p>\n<p>251 posta kutxa \u00a0&#8211; \u00a0San Inazio kalea,\u00a0 11 \u00a0&#8211; \u00a0E-20800\u00a0 ZARAUTZ<\/p>\n<p>Tel. 943 13 09 06 \u00a0 \u00a0 \u00a0 \u00a0 Fax. 943 83 18 23<\/p>\n<p>E-mail: <a href=\"mailto:photomuseum@photomuseum.name\">photomuseum@photomuseum.name<\/a><\/p>\n<p>Web: <a href=\"http:\/\/www.photomuseum.name\/\" data-saferedirecturl=\"https:\/\/www.google.com\/url?hl=es&amp;q=http:\/\/www.photomuseum.name&amp;source=gmail&amp;ust=1530733870003000&amp;usg=AFQjCNGnpBMqaH0GZOQp6kb3ClcggFWyWg\">www.photomuseum.name<\/a><\/p>\n<p><a href=\"https:\/\/www.federacionfotovasca.org\/wp-content\/uploads\/2018\/07\/TRIPTICO-sandra-gross.pdf\" target=\"_blank\" rel=\"noopener\">&#8220;TRIPTICO sandra gross&#8221;<\/a><\/p>\n","protected":false},"excerpt":{"rendered":"<p>&nbsp; Lagun agurgarriok: \u00a0 Korreoari erantsita doa Sandra Gross argazkilari katalanaren \u201cFamiliak\u201d izeneko erakusketaren inguruko informazioa. Gaur egungo familia eredu berriak azaltzen dizkigu, zer esanik ez, izaera dokumentala duela mostra honek. Gaurtik\u00a0 abuztuak 19ra bitarte izango da zabalik. Interesgarria izango &hellip; <a href=\"https:\/\/blog.federacionfotovasca.org\/eu\/photomuseum-zarautz-aldibaterako-erakusketa-berria-nueva-exposicion-temporal-2\/\">Continue reading <span class=\"meta-nav\">&rarr;<\/span><\/a><\/p>\n","protected":false},"author":1,"featured_media":0,"comment_status":"open","ping_status":"open","sticky":false,"template":"","format":"standard","meta":{"footnotes":""},"categories":[725],"tags":[233,937],"class_list":["post-14823","post","type-post","status-publish","format-standard","hentry","category-photomuseum","tag-photomuseum","tag-sandra-gross"],"_links":{"self":[{"href":"https:\/\/blog.federacionfotovasca.org\/eu\/wp-json\/wp\/v2\/posts\/14823","targetHints":{"allow":["GET"]}}],"collection":[{"href":"https:\/\/blog.federacionfotovasca.org\/eu\/wp-json\/wp\/v2\/posts"}],"about":[{"href":"https:\/\/blog.federacionfotovasca.org\/eu\/wp-json\/wp\/v2\/types\/post"}],"author":[{"embeddable":true,"href":"https:\/\/blog.federacionfotovasca.org\/eu\/wp-json\/wp\/v2\/users\/1"}],"replies":[{"embeddable":true,"href":"https:\/\/blog.federacionfotovasca.org\/eu\/wp-json\/wp\/v2\/comments?post=14823"}],"version-history":[{"count":1,"href":"https:\/\/blog.federacionfotovasca.org\/eu\/wp-json\/wp\/v2\/posts\/14823\/revisions"}],"predecessor-version":[{"id":14825,"href":"https:\/\/blog.federacionfotovasca.org\/eu\/wp-json\/wp\/v2\/posts\/14823\/revisions\/14825"}],"wp:attachment":[{"href":"https:\/\/blog.federacionfotovasca.org\/eu\/wp-json\/wp\/v2\/media?parent=14823"}],"wp:term":[{"taxonomy":"category","embeddable":true,"href":"https:\/\/blog.federacionfotovasca.org\/eu\/wp-json\/wp\/v2\/categories?post=14823"},{"taxonomy":"post_tag","embeddable":true,"href":"https:\/\/blog.federacionfotovasca.org\/eu\/wp-json\/wp\/v2\/tags?post=14823"}],"curies":[{"name":"wp","href":"https:\/\/api.w.org\/{rel}","templated":true}]}}