{"id":14946,"date":"2018-09-03T22:42:44","date_gmt":"2018-09-03T20:42:44","guid":{"rendered":"https:\/\/www.federacionfotovasca.org\/?p=14946"},"modified":"2018-09-03T22:42:44","modified_gmt":"2018-09-03T20:42:44","slug":"xxix-concurso-fotografico-ciudad-de-irun-2018","status":"publish","type":"post","link":"https:\/\/blog.federacionfotovasca.org\/eu\/xxix-concurso-fotografico-ciudad-de-irun-2018\/","title":{"rendered":"XXIX Concurso Fotogr\u00e1fico \u201cCIUDAD DE IR\u00daN\u201d, 2018"},"content":{"rendered":"<p><a href=\"http:\/\/www.afi-iae.com\" target=\"_blank\" rel=\"noopener\"><img loading=\"lazy\" decoding=\"async\" class=\"alignnone size-full wp-image-13318\" src=\"https:\/\/www.federacionfotovasca.org\/wp-content\/uploads\/2017\/08\/AFI.jpg\" alt=\"\" width=\"724\" height=\"90\" srcset=\"https:\/\/blog.federacionfotovasca.org\/wp-content\/uploads\/2017\/08\/AFI.jpg 724w, https:\/\/blog.federacionfotovasca.org\/wp-content\/uploads\/2017\/08\/AFI-300x37.jpg 300w, https:\/\/blog.federacionfotovasca.org\/wp-content\/uploads\/2017\/08\/AFI-620x77.jpg 620w, https:\/\/blog.federacionfotovasca.org\/wp-content\/uploads\/2017\/08\/AFI-720x90.jpg 720w\" sizes=\"auto, (max-width: 724px) 100vw, 724px\" \/><\/a><\/p>\n<p>La Asociaci\u00f3n Fotogr\u00e1fica Irunesa (AFI-IAE) convoca la 29\u00ba edici\u00f3n\u00a0del concurso fotogr\u00e1fico de \u00e1mbito nacional &#8220;Ciudad de Ir\u00fan&#8221;,\u00a0con dos temas: A) Libre y B) Ir\u00fan.<\/p>\n<p>MODALIDAD:<br \/>\nFotograf\u00edas en papel fotogr\u00e1fico, blanco y negro o color\u00a0indistintamente, admiti\u00e9ndose cualquier t\u00e9cnica.<\/p>\n<p>OBRAS Y PRESENTACI\u00d3N:<br \/>\nCada concursante podr\u00e1 presentar hasta un m\u00e1ximo de 3 fotograf\u00edas por \u00a0tema, no premiadas con anterioridad en este concurso. El tama\u00f1o de las<br \/>\nmismas es libre, si bien, cada una deber\u00e1 ir montada en paspartout o \u00a0cartulina r\u00edgida de medidas 40&#215;50 cm, y un grosor m\u00e1ximo de 2 mm. As\u00ed<br \/>\nmismo, cada autor deber\u00e1 enviar las fotos presentadas a concurso en \u00a0formato JPG, con tama\u00f1o de 2000 pixeles el lado mayor, al e-mail:<br \/>\n<a href=\"mailto:ciudadirun@afi-iae.com\" target=\"_blank\" rel=\"noopener\">ciudadirun@afi-iae.com<\/a> indicando los datos del autor.<\/p>\n<p>Todas las im\u00e1genes \u00a0deber\u00e1n haber sido fotografiadas totalmente por el autor participante, y \u00a0no podr\u00e1n incorporar elementos de otros autores.<\/p>\n<p>PLAZO DE ADMISI\u00d3N:<br \/>\nHasta el d\u00eda 15 de octubre de 2018.<\/p>\n<p>Remitimos las bases completas en el pdf adjunto y tambi\u00e9n las pod\u00e9is\u00a0consultar en nuestra p\u00e1gina web\u00a0 <a href=\"http:\/\/www.afi-iae.com\/\" target=\"_blank\" rel=\"noreferrer noopener\" data-saferedirecturl=\"https:\/\/www.google.com\/url?q=http:\/\/www.afi-iae.com&amp;source=gmail&amp;ust=1536092436082000&amp;usg=AFQjCNFFD1eek-GMdkULFMFJHaLTcIHyoQ\">http:\/\/www.afi-iae.com<\/a><\/p>\n<p>Rogamos la difusi\u00f3n de las mismas y esperamos os anim\u00e9is a participar.<\/p>\n<p>Recibid un cordial saludo<\/p>\n<p>&#8212;<br \/>\nIRUNGO ARGAZKI ELKARTEA (IAE)<br \/>\nASOCIACION FOTOGRAFICA IRUNESA (AFI)<\/p>\n<p>Izaga kalea 7, behea \u00a0&#8211; \u00a0Posta kutxatila: 212 \u00a020304 &#8211; IRUN (Gipuzkoa) \u00a0Telf: 943 62 17 61<\/p>\n<p>Web: <a href=\"http:\/\/www.afi-iae.com\/\" target=\"_blank\" rel=\"noreferrer noopener\" data-saferedirecturl=\"https:\/\/www.google.com\/url?q=http:\/\/www.afi-iae.com&amp;source=gmail&amp;ust=1536092436082000&amp;usg=AFQjCNFFD1eek-GMdkULFMFJHaLTcIHyoQ\">http:\/\/www.afi-iae.com<\/a><br \/>\n<a href=\"https:\/\/twitter.com\/AFI_IAE\" target=\"_blank\" rel=\"noreferrer noopener\" data-saferedirecturl=\"https:\/\/www.google.com\/url?q=https:\/\/twitter.com\/AFI_IAE&amp;source=gmail&amp;ust=1536092436082000&amp;usg=AFQjCNFjycfAxKJl_lt4xYdswpQqyi7F9A\">https:\/\/twitter.com\/AFI_IAE<\/a><br \/>\nemail: <a href=\"mailto:info@afi-iae.com\" target=\"_blank\" rel=\"noopener\">info@afi-iae.com<\/a><\/p>\n","protected":false},"excerpt":{"rendered":"<p>La Asociaci\u00f3n Fotogr\u00e1fica Irunesa (AFI-IAE) convoca la 29\u00ba edici\u00f3n\u00a0del concurso fotogr\u00e1fico de \u00e1mbito nacional &#8220;Ciudad de Ir\u00fan&#8221;,\u00a0con dos temas: A) Libre y B) Ir\u00fan. MODALIDAD: Fotograf\u00edas en papel fotogr\u00e1fico, blanco y negro o color\u00a0indistintamente, admiti\u00e9ndose cualquier t\u00e9cnica. OBRAS Y PRESENTACI\u00d3N: &hellip; <a href=\"https:\/\/blog.federacionfotovasca.org\/eu\/xxix-concurso-fotografico-ciudad-de-irun-2018\/\">Continue reading <span class=\"meta-nav\">&rarr;<\/span><\/a><\/p>\n","protected":false},"author":1,"featured_media":0,"comment_status":"open","ping_status":"open","sticky":false,"template":"","format":"standard","meta":{"footnotes":""},"categories":[36],"tags":[419,38],"class_list":["post-14946","post","type-post","status-publish","format-standard","hentry","category-concursos","tag-concursos","tag-irun"],"_links":{"self":[{"href":"https:\/\/blog.federacionfotovasca.org\/eu\/wp-json\/wp\/v2\/posts\/14946","targetHints":{"allow":["GET"]}}],"collection":[{"href":"https:\/\/blog.federacionfotovasca.org\/eu\/wp-json\/wp\/v2\/posts"}],"about":[{"href":"https:\/\/blog.federacionfotovasca.org\/eu\/wp-json\/wp\/v2\/types\/post"}],"author":[{"embeddable":true,"href":"https:\/\/blog.federacionfotovasca.org\/eu\/wp-json\/wp\/v2\/users\/1"}],"replies":[{"embeddable":true,"href":"https:\/\/blog.federacionfotovasca.org\/eu\/wp-json\/wp\/v2\/comments?post=14946"}],"version-history":[{"count":1,"href":"https:\/\/blog.federacionfotovasca.org\/eu\/wp-json\/wp\/v2\/posts\/14946\/revisions"}],"predecessor-version":[{"id":14947,"href":"https:\/\/blog.federacionfotovasca.org\/eu\/wp-json\/wp\/v2\/posts\/14946\/revisions\/14947"}],"wp:attachment":[{"href":"https:\/\/blog.federacionfotovasca.org\/eu\/wp-json\/wp\/v2\/media?parent=14946"}],"wp:term":[{"taxonomy":"category","embeddable":true,"href":"https:\/\/blog.federacionfotovasca.org\/eu\/wp-json\/wp\/v2\/categories?post=14946"},{"taxonomy":"post_tag","embeddable":true,"href":"https:\/\/blog.federacionfotovasca.org\/eu\/wp-json\/wp\/v2\/tags?post=14946"}],"curies":[{"name":"wp","href":"https:\/\/api.w.org\/{rel}","templated":true}]}}