{"id":14955,"date":"2018-09-05T10:07:30","date_gmt":"2018-09-05T08:07:30","guid":{"rendered":"https:\/\/www.federacionfotovasca.org\/?p=14955"},"modified":"2018-09-05T10:07:30","modified_gmt":"2018-09-05T08:07:30","slug":"3o-concurso-fotografico-de-gernika-lumo-trofeo-photoka","status":"publish","type":"post","link":"https:\/\/blog.federacionfotovasca.org\/eu\/3o-concurso-fotografico-de-gernika-lumo-trofeo-photoka\/","title":{"rendered":"3\u00ba Concurso fotogr\u00e1fico de Gernika-Lumo TROFEO \u201cPHOTOKA\u201d"},"content":{"rendered":"<p><a href=\"https:\/\/photoka.eus\/\" target=\"_blank\" rel=\"noopener\"><img loading=\"lazy\" decoding=\"async\" class=\"alignnone  wp-image-14867\" src=\"https:\/\/www.federacionfotovasca.org\/wp-content\/uploads\/2018\/07\/PHOTOKA-EUS_1000X418.png\" alt=\"\" width=\"356\" height=\"149\" srcset=\"https:\/\/blog.federacionfotovasca.org\/wp-content\/uploads\/2018\/07\/PHOTOKA-EUS_1000X418.png 1000w, https:\/\/blog.federacionfotovasca.org\/wp-content\/uploads\/2018\/07\/PHOTOKA-EUS_1000X418-300x125.png 300w, https:\/\/blog.federacionfotovasca.org\/wp-content\/uploads\/2018\/07\/PHOTOKA-EUS_1000X418-620x259.png 620w, https:\/\/blog.federacionfotovasca.org\/wp-content\/uploads\/2018\/07\/PHOTOKA-EUS_1000X418-768x321.png 768w, https:\/\/blog.federacionfotovasca.org\/wp-content\/uploads\/2018\/07\/PHOTOKA-EUS_1000X418-940x393.png 940w\" sizes=\"auto, (max-width: 356px) 100vw, 356px\" \/><\/a><\/p>\n<table cellspacing=\"0\" cellpadding=\"0\">\n<tbody>\n<tr>\n<td class=\"td1\" valign=\"middle\">\n<p class=\"p1\"><b>3\u00ba CONCURSO FOTOGR\u00c1FICO DE GERNIKA-LUMO TROFEO \u201cPHOTOKA\u201d<\/b><\/p>\n<p class=\"p1\">Valedero para la clasificaci\u00f3n al concurso Argizaiola (n\u00ba patrocinio 011\/2018).<\/p>\n<p class=\"p1\">Categor\u00edas: Habr\u00e1 dos categor\u00edas: una de \u201cTema libre\u201d y otra con el tema \u201cTesoros de Urdaibai\u201d. Fotograf\u00eda mon\u00f3croma o color, n\u00famero m\u00e1ximo de obras por concursante ser\u00e1 de tres<\/p>\n<p class=\"p1\">Inscripci\u00f3n: Cada fot\u00f3grafo participante deber\u00e1 abonar una \u00fanica cuota de participaci\u00f3n de 10 \u20ac<\/p>\n<p class=\"p1\">Im\u00e1genes en formato JPG m\u00e1ximo 1920 pixeles de largo si el formato es horizontal, y 1080 pixeles de altura si el formato es vertical, a 72 dpi. Ning\u00fan archivo puede superar 1Mb<br \/>\nTambi\u00e9n se solicita el mismo archivo en alta resoluci\u00f3n para cat\u00e1logo y exposici\u00f3n.<\/p>\n<p class=\"p1\">Trofeo y 1000 \u20ac en premios<\/p>\n<p class=\"p2\"><span class=\"s1\">Bases e inscripci\u00f3n :\u00a0<a href=\"https:\/\/photoka.eus\/iii-trofeo-photoka-saria-2018-participa\/\"><span class=\"s2\">https:\/\/photoka.eus\/iii-trofeo-photoka-saria-2018-participa\/<\/span><\/a><\/span><\/p>\n<p class=\"p1\"><b>\u00daltimo d\u00eda admisi\u00f3n obras 9 de setiembre 2018<\/b><\/p>\n<\/td>\n<\/tr>\n<\/tbody>\n<\/table>\n","protected":false},"excerpt":{"rendered":"<p>3\u00ba CONCURSO FOTOGR\u00c1FICO DE GERNIKA-LUMO TROFEO \u201cPHOTOKA\u201d Valedero para la clasificaci\u00f3n al concurso Argizaiola (n\u00ba patrocinio 011\/2018). Categor\u00edas: Habr\u00e1 dos categor\u00edas: una de \u201cTema libre\u201d y otra con el tema \u201cTesoros de Urdaibai\u201d. Fotograf\u00eda mon\u00f3croma o color, n\u00famero m\u00e1ximo de &hellip; <a href=\"https:\/\/blog.federacionfotovasca.org\/eu\/3o-concurso-fotografico-de-gernika-lumo-trofeo-photoka\/\">Continue reading <span class=\"meta-nav\">&rarr;<\/span><\/a><\/p>\n","protected":false},"author":1,"featured_media":0,"comment_status":"open","ping_status":"open","sticky":false,"template":"","format":"standard","meta":{"footnotes":""},"categories":[36],"tags":[419,557],"class_list":["post-14955","post","type-post","status-publish","format-standard","hentry","category-concursos","tag-concursos","tag-gernika"],"_links":{"self":[{"href":"https:\/\/blog.federacionfotovasca.org\/eu\/wp-json\/wp\/v2\/posts\/14955","targetHints":{"allow":["GET"]}}],"collection":[{"href":"https:\/\/blog.federacionfotovasca.org\/eu\/wp-json\/wp\/v2\/posts"}],"about":[{"href":"https:\/\/blog.federacionfotovasca.org\/eu\/wp-json\/wp\/v2\/types\/post"}],"author":[{"embeddable":true,"href":"https:\/\/blog.federacionfotovasca.org\/eu\/wp-json\/wp\/v2\/users\/1"}],"replies":[{"embeddable":true,"href":"https:\/\/blog.federacionfotovasca.org\/eu\/wp-json\/wp\/v2\/comments?post=14955"}],"version-history":[{"count":1,"href":"https:\/\/blog.federacionfotovasca.org\/eu\/wp-json\/wp\/v2\/posts\/14955\/revisions"}],"predecessor-version":[{"id":14956,"href":"https:\/\/blog.federacionfotovasca.org\/eu\/wp-json\/wp\/v2\/posts\/14955\/revisions\/14956"}],"wp:attachment":[{"href":"https:\/\/blog.federacionfotovasca.org\/eu\/wp-json\/wp\/v2\/media?parent=14955"}],"wp:term":[{"taxonomy":"category","embeddable":true,"href":"https:\/\/blog.federacionfotovasca.org\/eu\/wp-json\/wp\/v2\/categories?post=14955"},{"taxonomy":"post_tag","embeddable":true,"href":"https:\/\/blog.federacionfotovasca.org\/eu\/wp-json\/wp\/v2\/tags?post=14955"}],"curies":[{"name":"wp","href":"https:\/\/api.w.org\/{rel}","templated":true}]}}