{"id":151,"date":"2006-08-12T19:53:40","date_gmt":"2006-08-12T19:53:40","guid":{"rendered":""},"modified":"2008-01-09T15:43:17","modified_gmt":"2008-01-09T15:43:17","slug":"lo-digital-un-problema-que-hace-dudar-de-lo-que-se-ve","status":"publish","type":"post","link":"https:\/\/blog.federacionfotovasca.org\/eu\/lo-digital-un-problema-que-hace-dudar-de-lo-que-se-ve\/","title":{"rendered":"Lo digital, un problema que hace dudar de lo que se ve"},"content":{"rendered":"<p><strong>En los \u00faltimos a\u00f1os, lo digital ha producido grandes cambios en el mundo de la fotograf\u00eda<\/strong><\/p>\n<p align=\"justify\">Alejandro Sosa Su\u00e1rez es uno de los directores del taller de fotograf\u00eda digital que se imparte durante esta semana en La R\u00e1bida. Un taller en el que los alumnos trabajan al mismo tiempo que reciben lecciones de c\u00f3mo tratar las im\u00e1genes digitales, uno de los objetivos que destac\u00f3 Sosa.De esta forma, el curso se dirige para personas que no conocen el tratamiento de las im\u00e1genes digitales, &#8220;para que vean que no todo es tan dif\u00edcil&#8221;.<\/p>\n<p>Repasando el problema de tratar con lo digital, Alejandro Sosa critic\u00f3 el tratamiento de im\u00e1genes que hacen algunos profesionales de algunas revistas, no en cambio de las personas que compran c\u00e1maras digitales.<\/p>\n<p>Asimismo, el fot\u00f3grafo destac\u00f3 la alta revoluci\u00f3n que han tenido la aparici\u00f3n de c\u00e1maras digitales. Antes, coment\u00f3 el profesor, &#8220;la t\u00e9cnica era de uno mismo, pero desde que apareci\u00f3 la fotograf\u00eda digital ha permitido que la parte creativa del ser humano aflore sin los condicionamientos t\u00e9cnicos&#8221;.<\/p>\n<p>Por \u00faltimo, Sosa indic\u00f3 que desde que Hickman populariz\u00f3 la fotograf\u00eda, &#8220;se ha dado un gran salto hasta lo digital&#8221;. Y es en la actualidad, prosigue, &#8220;cuando nos damos cuenta de la realidad, y los fot\u00f3grafos se asustan, pues ahora dudan todos&#8221;. La realidad empieza a asustar, concluy\u00f3 el profesor.<\/p>\n<p><!--more--><\/p>\n","protected":false},"excerpt":{"rendered":"<p>En los \u00faltimos a\u00f1os, lo digital ha producido grandes cambios en el mundo de la fotograf\u00eda Alejandro Sosa Su\u00e1rez es uno de los directores del taller de fotograf\u00eda digital que se imparte durante esta semana en La R\u00e1bida. Un taller &hellip; <a href=\"https:\/\/blog.federacionfotovasca.org\/eu\/lo-digital-un-problema-que-hace-dudar-de-lo-que-se-ve\/\">Continue reading <span class=\"meta-nav\">&rarr;<\/span><\/a><\/p>\n","protected":false},"author":1,"featured_media":0,"comment_status":"open","ping_status":"open","sticky":false,"template":"","format":"standard","meta":{"footnotes":""},"categories":[39],"tags":[421],"class_list":["post-151","post","type-post","status-publish","format-standard","hentry","category-cursos","tag-cursos"],"_links":{"self":[{"href":"https:\/\/blog.federacionfotovasca.org\/eu\/wp-json\/wp\/v2\/posts\/151","targetHints":{"allow":["GET"]}}],"collection":[{"href":"https:\/\/blog.federacionfotovasca.org\/eu\/wp-json\/wp\/v2\/posts"}],"about":[{"href":"https:\/\/blog.federacionfotovasca.org\/eu\/wp-json\/wp\/v2\/types\/post"}],"author":[{"embeddable":true,"href":"https:\/\/blog.federacionfotovasca.org\/eu\/wp-json\/wp\/v2\/users\/1"}],"replies":[{"embeddable":true,"href":"https:\/\/blog.federacionfotovasca.org\/eu\/wp-json\/wp\/v2\/comments?post=151"}],"version-history":[{"count":0,"href":"https:\/\/blog.federacionfotovasca.org\/eu\/wp-json\/wp\/v2\/posts\/151\/revisions"}],"wp:attachment":[{"href":"https:\/\/blog.federacionfotovasca.org\/eu\/wp-json\/wp\/v2\/media?parent=151"}],"wp:term":[{"taxonomy":"category","embeddable":true,"href":"https:\/\/blog.federacionfotovasca.org\/eu\/wp-json\/wp\/v2\/categories?post=151"},{"taxonomy":"post_tag","embeddable":true,"href":"https:\/\/blog.federacionfotovasca.org\/eu\/wp-json\/wp\/v2\/tags?post=151"}],"curies":[{"name":"wp","href":"https:\/\/api.w.org\/{rel}","templated":true}]}}