{"id":15160,"date":"2018-09-30T14:14:16","date_gmt":"2018-09-30T12:14:16","guid":{"rendered":"https:\/\/www.federacionfotovasca.org\/?p=15160"},"modified":"2018-09-30T14:14:16","modified_gmt":"2018-09-30T12:14:16","slug":"photomuseum-zarautz-erakusketa-berria-nueva-expo-temporal","status":"publish","type":"post","link":"https:\/\/blog.federacionfotovasca.org\/eu\/photomuseum-zarautz-erakusketa-berria-nueva-expo-temporal\/","title":{"rendered":"PHOTOMUSEUM ZARAUTZ Erakusketa berria \/ Nueva expo temporal"},"content":{"rendered":"<p><em>Lagun agurgarriok:<a href=\"https:\/\/www.federacionfotovasca.org\/wp-content\/uploads\/2015\/03\/Photomuseum.png\"><img loading=\"lazy\" decoding=\"async\" class=\"wp-image-8246 alignright\" src=\"https:\/\/www.federacionfotovasca.org\/wp-content\/uploads\/2015\/03\/Photomuseum.png\" alt=\"\" width=\"186\" height=\"165\" srcset=\"https:\/\/blog.federacionfotovasca.org\/wp-content\/uploads\/2015\/03\/Photomuseum.png 447w, https:\/\/blog.federacionfotovasca.org\/wp-content\/uploads\/2015\/03\/Photomuseum-300x266.png 300w\" sizes=\"auto, (max-width: 186px) 100vw, 186px\" \/><\/a><\/em><\/p>\n<p><em>Urriak 2an aldi baterako erakusketa berria zabalduko dugu izenburu honekin: \u201cFrancisco El\u00f3segui Limousin. Erretratuak eta Gipuzkoako paisaiak 1936 \u2013 1957\u201d.<\/em><\/p>\n<p><em>Erakusketa honek Francisco Eloseguiren lanak jasotzen ditu. Lanbidez herriko botikaria izanik, bere aisialdiko denboraren zati handia bere ingurune hurbilari irudiak ateratzeari eskaini zion. Gaur egun, bere funtsa Tolosako Udal-artxiboan gordetzen da.\u00a0<\/em><\/p>\n<p><em>Argazkilariaren bi alderdi erakutsi nahi izan ditugu:<\/em><\/p>\n<ul>\n<li><em>Alde batetik, bere irudien alderdi artistikoa: erretratuez, paisaiez eta natura-hilez osatua dago. Horietan konposizioa eta argia nabarmentzen dira.<\/em><\/li>\n<li><em>Eta bestetik, jaio ziren testuingurua mantenduz bere funts fotografikoaren alde dokumental baliotsua gaur egunera ekarri nahi izan dugu: 1930-1954 (g.g.b.)\u00a0 urte bitartean bere ibilaldietan\u00a0 atera zituen Gipuzkoako herri eta paisaiak, bere artxibo pertsonalean sortu eta gorde zituen moduan.<\/em><\/li>\n<\/ul>\n<p><em>Halaber, Elisa Querejetak, erakusketaren komisarioak urriaren 5ean 18:00etan hitzaldia eskainiko digu izen buru berarekin.<\/em><\/p>\n<p><em>Interesgarria izango duzuelakoan eta zuen arreta eskertuz, jaso ezazue gure agurrik beroena.<\/em><\/p>\n<p>* * *<\/p>\n<p>Estimados amigos:<\/p>\n<p>El martes, 2 de octubre, se inaugurar\u00e1 una nueva exposici\u00f3n temporal bajo el t\u00edtulo<em> \u201cFrancisco El\u00f3segui Limousin. Retratos y paisajes de Gipuzkoa 1936-1957\u201d<\/em><\/p>\n<p>Esta muestra recoge obras de tolosarra Francisco El\u00f3segui, que siendo farmac\u00e9utico de profesi\u00f3n de dicha localidad, dedic\u00f3 gran parte de su tiempo libre a sacar im\u00e1genes de su entorno m\u00e1s personal y cercano, y cuyo fondo se encuentra en la actualidad en el archivo municipal de Tolosa.<\/p>\n<p>En ella hemos querido mostrar dos facetas del fot\u00f3grafo:<\/p>\n<ul>\n<li>Por un lado, la vertiente art\u00edstica de sus im\u00e1genes, compuesta por retratos, paisajes y bodegones, en los que destaca la composici\u00f3n y la luz.<\/li>\n<li>Y por otro, y conservando el contexto en el que nacieron, hemos querido traer hasta la actualidad la valiosa e interesante parte documental de su fondo fotogr\u00e1fico: pueblos y paisajes guipuzcoanos que el fot\u00f3grafo recorri\u00f3 en sus excursiones en el periodo hist\u00f3rico 1930 \u2013 1954 aprox., tal y como fue concebida y tratada en su archivo personal.<\/li>\n<\/ul>\n<p>As\u00ed mismo, os informamos que viernes 5 de octubre a las 18:00h., la comisaria de la exposici\u00f3n Elisa Querejeta, impartir\u00e1 una conferencia con el mismo t\u00edtulo.<\/p>\n<p>Agradeciendo su atenci\u00f3n, reciban un cordial saludo.<\/p>\n<p>PHOTOMUSEUM. Argazki &amp; Zinema Museoa \u00a0&#8211; \u00a0251 posta kutxa \u00a0&#8211; \u00a0San Inazio kalea,\u00a0 11 \u00a0&#8211; \u00a0E-20800\u00a0 ZARAUTZ &#8211;\u00a0Tel. 943 13 09 06\u00a0 Fax. 943 83 18 23<\/p>\n<p>E-mail: <a href=\"mailto:photomuseum@photomuseum.name\">photomuseum@photomuseum.name<\/a><\/p>\n<p>Web: <a href=\"http:\/\/www.photomuseum.name\/\" data-saferedirecturl=\"https:\/\/www.google.com\/url?q=http:\/\/www.photomuseum.name&amp;source=gmail&amp;ust=1538392474195000&amp;usg=AFQjCNG51GRinsrsoPBwLGZf1aGURpcaig\">www.photomuseum.name<\/a><\/p>\n<p><a href=\"https:\/\/www.federacionfotovasca.org\/wp-content\/uploads\/2018\/09\/AULA-GELA-ELISA-QUEREJETA-W.pdf\" target=\"_blank\" rel=\"noopener\">&#8220;AULA-GELA ELISA QUEREJETA W&#8221;<\/a><\/p>\n<p><a href=\"https:\/\/www.federacionfotovasca.org\/wp-content\/uploads\/2018\/09\/EXPO.-FCO.-ELOSEGUI-Triptico.pdf\" target=\"_blank\" rel=\"noopener\">&#8220;EXPO. FCO. ELOSEGUI Triptico&#8221;<\/a><\/p>\n","protected":false},"excerpt":{"rendered":"<p>Lagun agurgarriok: Urriak 2an aldi baterako erakusketa berria zabalduko dugu izenburu honekin: \u201cFrancisco El\u00f3segui Limousin. Erretratuak eta Gipuzkoako paisaiak 1936 \u2013 1957\u201d. Erakusketa honek Francisco Eloseguiren lanak jasotzen ditu. Lanbidez herriko botikaria izanik, bere aisialdiko denboraren zati handia bere ingurune &hellip; <a href=\"https:\/\/blog.federacionfotovasca.org\/eu\/photomuseum-zarautz-erakusketa-berria-nueva-expo-temporal\/\">Continue reading <span class=\"meta-nav\">&rarr;<\/span><\/a><\/p>\n","protected":false},"author":1,"featured_media":0,"comment_status":"open","ping_status":"open","sticky":false,"template":"","format":"standard","meta":{"footnotes":""},"categories":[26,725],"tags":[4,967,233,142],"class_list":["post-15160","post","type-post","status-publish","format-standard","hentry","category-expocisiones","category-photomuseum","tag-exposiciones","tag-francisco-elosegui-limousin","tag-photomuseum","tag-zarautz"],"_links":{"self":[{"href":"https:\/\/blog.federacionfotovasca.org\/eu\/wp-json\/wp\/v2\/posts\/15160","targetHints":{"allow":["GET"]}}],"collection":[{"href":"https:\/\/blog.federacionfotovasca.org\/eu\/wp-json\/wp\/v2\/posts"}],"about":[{"href":"https:\/\/blog.federacionfotovasca.org\/eu\/wp-json\/wp\/v2\/types\/post"}],"author":[{"embeddable":true,"href":"https:\/\/blog.federacionfotovasca.org\/eu\/wp-json\/wp\/v2\/users\/1"}],"replies":[{"embeddable":true,"href":"https:\/\/blog.federacionfotovasca.org\/eu\/wp-json\/wp\/v2\/comments?post=15160"}],"version-history":[{"count":1,"href":"https:\/\/blog.federacionfotovasca.org\/eu\/wp-json\/wp\/v2\/posts\/15160\/revisions"}],"predecessor-version":[{"id":15163,"href":"https:\/\/blog.federacionfotovasca.org\/eu\/wp-json\/wp\/v2\/posts\/15160\/revisions\/15163"}],"wp:attachment":[{"href":"https:\/\/blog.federacionfotovasca.org\/eu\/wp-json\/wp\/v2\/media?parent=15160"}],"wp:term":[{"taxonomy":"category","embeddable":true,"href":"https:\/\/blog.federacionfotovasca.org\/eu\/wp-json\/wp\/v2\/categories?post=15160"},{"taxonomy":"post_tag","embeddable":true,"href":"https:\/\/blog.federacionfotovasca.org\/eu\/wp-json\/wp\/v2\/tags?post=15160"}],"curies":[{"name":"wp","href":"https:\/\/api.w.org\/{rel}","templated":true}]}}