{"id":15429,"date":"2018-11-21T09:04:07","date_gmt":"2018-11-21T08:04:07","guid":{"rendered":"https:\/\/www.federacionfotovasca.org\/?p=15429"},"modified":"2018-11-23T10:28:52","modified_gmt":"2018-11-23T09:28:52","slug":"15429-2","status":"publish","type":"post","link":"https:\/\/blog.federacionfotovasca.org\/eu\/15429-2\/","title":{"rendered":""},"content":{"rendered":"<p>Desde el Programa de Educaci\u00f3n Ambiental del Gobierno Vasco <span lang=\"ES\">AZTERTU<\/span>, queremos invitaros a participar en el <strong>CONCURSO AZTERKOSTA<\/strong>, y hacer as\u00ed una reflexi\u00f3n art\u00edstica sobre &#8220;nuestra costa&#8221;.<\/p>\n<p>Hay dos modalidades,\u00a0<strong>FOTOGRAF\u00cdA\u00a0<\/strong>y\u00a0<strong>DIBU<wbr \/>JO<\/strong>.<a href=\"https:\/\/www.federacionfotovasca.org\/wp-content\/uploads\/2018\/11\/Azterkoa.jpg\" target=\"_blank\" rel=\"noopener\"><img loading=\"lazy\" decoding=\"async\" class=\"wp-image-15430 alignright\" src=\"https:\/\/www.federacionfotovasca.org\/wp-content\/uploads\/2018\/11\/Azterkoa.jpg\" alt=\"\" width=\"298\" height=\"211\" srcset=\"https:\/\/blog.federacionfotovasca.org\/wp-content\/uploads\/2018\/11\/Azterkoa.jpg 800w, https:\/\/blog.federacionfotovasca.org\/wp-content\/uploads\/2018\/11\/Azterkoa-300x212.jpg 300w, https:\/\/blog.federacionfotovasca.org\/wp-content\/uploads\/2018\/11\/Azterkoa-620x439.jpg 620w, https:\/\/blog.federacionfotovasca.org\/wp-content\/uploads\/2018\/11\/Azterkoa-768x543.jpg 768w\" sizes=\"auto, (max-width: 298px) 100vw, 298px\" \/><\/a><\/p>\n<p>Dentro de cada modalidad, tres categor\u00edas:<\/p>\n<p>1. Categor\u00eda: 0-10 a\u00f1os<\/p>\n<p>2. Categor\u00eda: 11-15 a\u00f1os<\/p>\n<p>3. Categor\u00eda: ?16 a\u00f1os<\/p>\n<p>Todas las categor\u00edas ser\u00e1n premiadas, y la participaci\u00f3n es abierta a cualquier persona y colectivo: centros escolares \u00a0(alumnado y profesorado), asociaciones, grupos de tiempo libre, particulares, etc.<\/p>\n<p>Tened en cuenta que necesitamos los\u00a0<strong>datos de cada\u00a0participante<\/strong>. Consulta las\u00a0<strong><a href=\"http:\/\/www.euskadi.eus\/contenidos\/informacion\/azterkosta_anual\/es_def\/adjuntos\/BASES_CONCURSO.pdf\" target=\"_blank\" rel=\"noopener\" data-saferedirecturl=\"https:\/\/www.google.com\/url?q=http:\/\/www.euskadi.eus\/contenidos\/informacion\/azterkosta_anual\/es_def\/adjuntos\/BASES_CONCURSO.pdf&amp;source=gmail&amp;ust=1542871460422000&amp;usg=AFQjCNH7d0T3M6U880xNC3g-f263OaNfXA\">BASES DEL CONCURSO<\/a><\/strong>.<\/p>\n<p><strong>\u00bfD\u00d3NDE PRESENTAR M\u00cd OBRA?<\/strong><br \/>\nEn el caso de los dibujos entrega en mano o por correo postal. Si es por carta pondremos la referencia (<em>Ref: Aztertu o Azterkosta<\/em>):<\/p>\n<ul>\n<li>Ingurugela Bilbao: Ondarroa 2. 48004 BILBAO<\/li>\n<li>Ingurugela Vitoria-Gasteiz: Baiona 56-58. 01010 VITORIA-GASTEIZ<\/li>\n<li>Ingurugela Donostia-San Sebasti\u00e1n: Basotxiki 5. 20015 \u00a0DONOSTIA-SAN SEBASTI\u00c1N<\/li>\n<li>Ingurugela Legazpi: Brinkola auzoa z\/g. 20220 LEGAZPI<\/li>\n<li>Eibarko Berritzegunea: J.A.Iturrioz Kalea 5, 20600 EIBAR.<\/li>\n<\/ul>\n<p>Las fotograf\u00eda pueden ser enviadas on-line:<\/p>\n<p>Enviar por correo electr\u00f3nico a la direcci\u00f3n\u00a0<a href=\"mailto:aztertu@euskadi.eus\" target=\"_blank\" rel=\"noopener\">aztertu@euskadi.eus<\/a>.<\/p>\n<p><strong>FECHA L\u00cdMITE PARA PRESENTAR LAS OBRAS: \u00a0\u00a0<\/strong>14 de\u00a0DICIEMBRE (incluido).<\/p>\n<p><em>*Si el sello de env\u00edo entra dentro de fechas no hay ning\u00fan problema.<\/em><\/p>\n<p>Para m\u00e1s informaci\u00f3n\u00a0ponte\u00a0en contacto con AZTERTU.\u00a0Un saludo,<\/p>\n<p><em><strong>Equipo Coordinador del PROGRAMA AZTERTU<\/strong><\/em><\/p>\n<p><a href=\"https:\/\/www.federacionfotovasca.org\/wp-content\/uploads\/2018\/11\/Azterkoa-kartela.pdf\" target=\"_blank\" rel=\"noopener\">&#8220;Azterkoa kartela&#8221;<\/a><\/p>\n","protected":false},"excerpt":{"rendered":"<p>Desde el Programa de Educaci\u00f3n Ambiental del Gobierno Vasco AZTERTU, queremos invitaros a participar en el CONCURSO AZTERKOSTA, y hacer as\u00ed una reflexi\u00f3n art\u00edstica sobre &#8220;nuestra costa&#8221;. Hay dos modalidades,\u00a0FOTOGRAF\u00cdA\u00a0y\u00a0DIBUJO. Dentro de cada modalidad, tres categor\u00edas: 1. Categor\u00eda: 0-10 a\u00f1os &hellip; <a href=\"https:\/\/blog.federacionfotovasca.org\/eu\/15429-2\/\">Continue reading <span class=\"meta-nav\">&rarr;<\/span><\/a><\/p>\n","protected":false},"author":1,"featured_media":0,"comment_status":"open","ping_status":"open","sticky":false,"template":"","format":"standard","meta":{"footnotes":""},"categories":[15],"tags":[],"class_list":["post-15429","post","type-post","status-publish","format-standard","hentry","category-general"],"_links":{"self":[{"href":"https:\/\/blog.federacionfotovasca.org\/eu\/wp-json\/wp\/v2\/posts\/15429","targetHints":{"allow":["GET"]}}],"collection":[{"href":"https:\/\/blog.federacionfotovasca.org\/eu\/wp-json\/wp\/v2\/posts"}],"about":[{"href":"https:\/\/blog.federacionfotovasca.org\/eu\/wp-json\/wp\/v2\/types\/post"}],"author":[{"embeddable":true,"href":"https:\/\/blog.federacionfotovasca.org\/eu\/wp-json\/wp\/v2\/users\/1"}],"replies":[{"embeddable":true,"href":"https:\/\/blog.federacionfotovasca.org\/eu\/wp-json\/wp\/v2\/comments?post=15429"}],"version-history":[{"count":1,"href":"https:\/\/blog.federacionfotovasca.org\/eu\/wp-json\/wp\/v2\/posts\/15429\/revisions"}],"predecessor-version":[{"id":15454,"href":"https:\/\/blog.federacionfotovasca.org\/eu\/wp-json\/wp\/v2\/posts\/15429\/revisions\/15454"}],"wp:attachment":[{"href":"https:\/\/blog.federacionfotovasca.org\/eu\/wp-json\/wp\/v2\/media?parent=15429"}],"wp:term":[{"taxonomy":"category","embeddable":true,"href":"https:\/\/blog.federacionfotovasca.org\/eu\/wp-json\/wp\/v2\/categories?post=15429"},{"taxonomy":"post_tag","embeddable":true,"href":"https:\/\/blog.federacionfotovasca.org\/eu\/wp-json\/wp\/v2\/tags?post=15429"}],"curies":[{"name":"wp","href":"https:\/\/api.w.org\/{rel}","templated":true}]}}