{"id":15433,"date":"2018-11-23T09:25:43","date_gmt":"2018-11-23T08:25:43","guid":{"rendered":"https:\/\/www.federacionfotovasca.org\/?p=15433"},"modified":"2018-11-23T09:27:00","modified_gmt":"2018-11-23T08:27:00","slug":"afi-np-resultados-del-29o-concurso-fotografico-ciudad-de-irun","status":"publish","type":"post","link":"https:\/\/blog.federacionfotovasca.org\/eu\/afi-np-resultados-del-29o-concurso-fotografico-ciudad-de-irun\/","title":{"rendered":"AFI &#8211; NP Resultados del 29\u00ba Concurso Fotogr\u00e1fico &#8220;Ciudad de Irun"},"content":{"rendered":"<p><a href=\"http:\/\/www.afi-iae.com\" target=\"_blank\" rel=\"noopener\"><img loading=\"lazy\" decoding=\"async\" class=\"alignnone size-full wp-image-13318\" src=\"https:\/\/www.federacionfotovasca.org\/wp-content\/uploads\/2017\/08\/AFI.jpg\" alt=\"\" width=\"724\" height=\"90\" srcset=\"https:\/\/blog.federacionfotovasca.org\/wp-content\/uploads\/2017\/08\/AFI.jpg 724w, https:\/\/blog.federacionfotovasca.org\/wp-content\/uploads\/2017\/08\/AFI-300x37.jpg 300w, https:\/\/blog.federacionfotovasca.org\/wp-content\/uploads\/2017\/08\/AFI-620x77.jpg 620w, https:\/\/blog.federacionfotovasca.org\/wp-content\/uploads\/2017\/08\/AFI-720x90.jpg 720w\" sizes=\"auto, (max-width: 724px) 100vw, 724px\" \/><\/a><\/p>\n<div>Adjuntamos archivo con nota de prensa de los resultados del 29\u00ba Concurso Fotogr\u00e1fico &#8220;Ciudad de Irun&#8221;.<\/div>\n<div><\/div>\n<div>Adjuntamos tambi\u00e9n dos fotograf\u00edas:<\/div>\n<div>&#8211; Tr\u00edptico con la colecci\u00f3n ganadora<\/div>\n<div>&#8211; Foto de los premiados<\/div>\n<div><\/div>\n<div>Un cordial saludo,<\/div>\n<div>AFI &#8211; IAE<\/div>\n<div><a href=\"http:\/\/www.afi-iae.com\/\" target=\"_blank\" rel=\"noopener\" data-saferedirecturl=\"https:\/\/www.google.com\/url?q=http:\/\/www.afi-iae.com&amp;source=gmail&amp;ust=1543042920196000&amp;usg=AFQjCNEc8r_3Qwhl3AShZ7GlA40Sbws1PA\">www.afi-iae.com<\/a><\/div>\n<div><\/div>\n<div><a href=\"https:\/\/www.federacionfotovasca.org\/wp-content\/uploads\/2018\/11\/NP-Resultados-29Ciudad-Irun-2018.doc\">Nota de Prensa Resultados 29 Ciudad Irun-2018<\/a><\/div>\n<div><span style=\"color: #333333;\">.<\/span><\/div>\n<div><a href=\"https:\/\/www.federacionfotovasca.org\/wp-content\/uploads\/2018\/11\/Ganadores-CDI2018_AFI.jpg\" target=\"_blank\" rel=\"noopener\"><img loading=\"lazy\" decoding=\"async\" class=\"alignnone wp-image-15435\" src=\"https:\/\/www.federacionfotovasca.org\/wp-content\/uploads\/2018\/11\/Ganadores-CDI2018_AFI.jpg\" alt=\"\" width=\"233\" height=\"155\" srcset=\"https:\/\/blog.federacionfotovasca.org\/wp-content\/uploads\/2018\/11\/Ganadores-CDI2018_AFI.jpg 3354w, https:\/\/blog.federacionfotovasca.org\/wp-content\/uploads\/2018\/11\/Ganadores-CDI2018_AFI-300x200.jpg 300w, https:\/\/blog.federacionfotovasca.org\/wp-content\/uploads\/2018\/11\/Ganadores-CDI2018_AFI-620x413.jpg 620w, https:\/\/blog.federacionfotovasca.org\/wp-content\/uploads\/2018\/11\/Ganadores-CDI2018_AFI-768x512.jpg 768w, https:\/\/blog.federacionfotovasca.org\/wp-content\/uploads\/2018\/11\/Ganadores-CDI2018_AFI-940x627.jpg 940w\" sizes=\"auto, (max-width: 233px) 100vw, 233px\" \/><\/a>\u00a0<a href=\"https:\/\/www.federacionfotovasca.org\/wp-content\/uploads\/2018\/11\/CDI-2018-Triptico-Coleccion-Ganadora.jpg\" target=\"_blank\" rel=\"noopener\"><img loading=\"lazy\" decoding=\"async\" class=\"alignnone wp-image-15434\" src=\"https:\/\/www.federacionfotovasca.org\/wp-content\/uploads\/2018\/11\/CDI-2018-Triptico-Coleccion-Ganadora.jpg\" alt=\"\" width=\"659\" height=\"154\" srcset=\"https:\/\/blog.federacionfotovasca.org\/wp-content\/uploads\/2018\/11\/CDI-2018-Triptico-Coleccion-Ganadora.jpg 6196w, https:\/\/blog.federacionfotovasca.org\/wp-content\/uploads\/2018\/11\/CDI-2018-Triptico-Coleccion-Ganadora-300x70.jpg 300w, https:\/\/blog.federacionfotovasca.org\/wp-content\/uploads\/2018\/11\/CDI-2018-Triptico-Coleccion-Ganadora-620x145.jpg 620w, https:\/\/blog.federacionfotovasca.org\/wp-content\/uploads\/2018\/11\/CDI-2018-Triptico-Coleccion-Ganadora-768x180.jpg 768w, https:\/\/blog.federacionfotovasca.org\/wp-content\/uploads\/2018\/11\/CDI-2018-Triptico-Coleccion-Ganadora-940x220.jpg 940w\" sizes=\"auto, (max-width: 659px) 100vw, 659px\" \/><\/a><\/div>\n","protected":false},"excerpt":{"rendered":"<p>Adjuntamos archivo con nota de prensa de los resultados del 29\u00ba Concurso Fotogr\u00e1fico &#8220;Ciudad de Irun&#8221;. Adjuntamos tambi\u00e9n dos fotograf\u00edas: &#8211; Tr\u00edptico con la colecci\u00f3n ganadora &#8211; Foto de los premiados Un cordial saludo, AFI &#8211; IAE www.afi-iae.com Nota de &hellip; <a href=\"https:\/\/blog.federacionfotovasca.org\/eu\/afi-np-resultados-del-29o-concurso-fotografico-ciudad-de-irun\/\">Continue reading <span class=\"meta-nav\">&rarr;<\/span><\/a><\/p>\n","protected":false},"author":1,"featured_media":0,"comment_status":"open","ping_status":"open","sticky":false,"template":"","format":"standard","meta":{"footnotes":""},"categories":[36],"tags":[419,38],"class_list":["post-15433","post","type-post","status-publish","format-standard","hentry","category-concursos","tag-concursos","tag-irun"],"_links":{"self":[{"href":"https:\/\/blog.federacionfotovasca.org\/eu\/wp-json\/wp\/v2\/posts\/15433","targetHints":{"allow":["GET"]}}],"collection":[{"href":"https:\/\/blog.federacionfotovasca.org\/eu\/wp-json\/wp\/v2\/posts"}],"about":[{"href":"https:\/\/blog.federacionfotovasca.org\/eu\/wp-json\/wp\/v2\/types\/post"}],"author":[{"embeddable":true,"href":"https:\/\/blog.federacionfotovasca.org\/eu\/wp-json\/wp\/v2\/users\/1"}],"replies":[{"embeddable":true,"href":"https:\/\/blog.federacionfotovasca.org\/eu\/wp-json\/wp\/v2\/comments?post=15433"}],"version-history":[{"count":1,"href":"https:\/\/blog.federacionfotovasca.org\/eu\/wp-json\/wp\/v2\/posts\/15433\/revisions"}],"predecessor-version":[{"id":15438,"href":"https:\/\/blog.federacionfotovasca.org\/eu\/wp-json\/wp\/v2\/posts\/15433\/revisions\/15438"}],"wp:attachment":[{"href":"https:\/\/blog.federacionfotovasca.org\/eu\/wp-json\/wp\/v2\/media?parent=15433"}],"wp:term":[{"taxonomy":"category","embeddable":true,"href":"https:\/\/blog.federacionfotovasca.org\/eu\/wp-json\/wp\/v2\/categories?post=15433"},{"taxonomy":"post_tag","embeddable":true,"href":"https:\/\/blog.federacionfotovasca.org\/eu\/wp-json\/wp\/v2\/tags?post=15433"}],"curies":[{"name":"wp","href":"https:\/\/api.w.org\/{rel}","templated":true}]}}