{"id":15514,"date":"2018-12-08T15:51:31","date_gmt":"2018-12-08T14:51:31","guid":{"rendered":"https:\/\/www.federacionfotovasca.org\/?p=15514"},"modified":"2018-12-09T15:15:24","modified_gmt":"2018-12-09T14:15:24","slug":"exposiciones-proyecto-tt-premio-nacional-cef-y-argizaiola","status":"publish","type":"post","link":"https:\/\/blog.federacionfotovasca.org\/eu\/exposiciones-proyecto-tt-premio-nacional-cef-y-argizaiola\/","title":{"rendered":"Exposiciones proyecto T+T, premio nacional CEF y Argizaiola"},"content":{"rendered":"<p><a href=\"https:\/\/targazki.com\/\" target=\"_blank\" rel=\"noopener\"><img loading=\"lazy\" decoding=\"async\" class=\"alignnone size-full wp-image-10579\" src=\"https:\/\/www.federacionfotovasca.org\/wp-content\/uploads\/2016\/04\/Targazki.jpg\" alt=\"\" width=\"611\" height=\"154\" srcset=\"https:\/\/blog.federacionfotovasca.org\/wp-content\/uploads\/2016\/04\/Targazki.jpg 611w, https:\/\/blog.federacionfotovasca.org\/wp-content\/uploads\/2016\/04\/Targazki-300x76.jpg 300w\" sizes=\"auto, (max-width: 611px) 100vw, 611px\" \/><\/a>\u00a0<a href=\"https:\/\/www.federacionfotovasca.org\/wp-content\/uploads\/2018\/12\/Tolosa-expo.png\"><img loading=\"lazy\" decoding=\"async\" class=\" wp-image-15515 alignright\" src=\"https:\/\/www.federacionfotovasca.org\/wp-content\/uploads\/2018\/12\/Tolosa-expo.png\" alt=\"\" width=\"257\" height=\"281\" \/><\/a><\/p>\n<p class=\"p1\">Abenduan <b>zenbait argazki erakusketa izango ditugu<\/b> Tolosako <b>Aranburu Jauregian<\/b>.<\/p>\n<p class=\"p1\">Alde batetik <b>Tolosako Targazki eta Tafallako La Higera elkarteek burutu dugun elkarreko proiektua, T+T<\/b> izenekoa.<br \/>\nBi herriak lotzen dituzten zenbait gauza herri bakoitzeko argazkilarien ikuspuntutik. <b>Abenduaren 15ean eguerdiko hamabietan irekiko da erakusketa, gonbidaduta zaudete denok ekitaldira.<\/b><\/p>\n<p class=\"p1\">Bigarren, <b>Argazkilaritza Konfederazioko (CEF) 2018ko Argazkilaririk Onenari Sari Nazionalaren erakusketa<\/b>. Aurtek Targazkiko kide batek, Asier Garagarza, irabazitakoa.<\/p>\n<p class=\"p1\">Azkenik, Euskal Herriko Argazki Taldeko Elkartearen <b>Argizaiola sariaren erakusketa izango dugu<\/b>.<\/p>\n<p class=\"p1\"><b>Abenduaren 15-etik aurrera, aukera ezin hobea argazkigintzaz gozatzeko Tolosan.<\/b><\/p>\n<p class=\"p1\">Informazio gehiago:<b>\u00a0<\/b><a href=\"http:\/\/targazki.com\/\"><span class=\"s1\"><b>http:\/\/targazki.com<\/b><\/span><\/a><\/p>\n<p class=\"p1\"><b>&#8212;-<\/b><\/p>\n<p class=\"p1\">A lo largo de diciembre <b>tendremos varias exposiciones fotogr\u00e1ficas<\/b> abiertas <b>en el Palacio Aranburu<\/b> de Tolosa.<\/p>\n<p class=\"p1\">Por una parte, el proyecto <b>T+T<\/b> realizado conjuntamente entre las asociaciones <b>Targazki de Tolosa y La Higuera de Tafalla<\/b>.<\/p>\n<p class=\"p1\">Diversos elementos que unen los dos pueblos , desde el punto de vista de los fotografos de cada localidad.<b> El 15 de diciembre a las 12 del mediod\u00eda\u00a0 se abrir\u00e1 la exposici\u00f3n, est\u00e1is\u00a0todos invitados al acto de inauguraci\u00f3n.<\/b><\/p>\n<p class=\"p1\">En segundo lugar, la exposici\u00f3n del <b>Premio Nacional al Mejor Fotografo 2018, otorgado por la Confederaci\u00f3n Fotogr\u00e1fica (CEF)<\/b>. Este a\u00f1o el ganador ha sido un miembro de Targazki, Asier Garagarza.<\/p>\n<p class=\"p1\">Por \u00faltimo, tendremos la <b>exposici\u00f3n del premio Argizaiola<\/b> de la Federaci\u00f3n de Asociaciones Fotogr\u00e1ficas de Euskal Herria.<\/p>\n<p class=\"p1\"><b>A partir del 15 de diciembre, una oportunidad inmejorable de disfrutar de la fotograf\u00eda en Tolosa.<\/b><\/p>\n<p class=\"p1\">Para m\u00e1s informaci\u00f3n: <a href=\"http:\/\/targazki.com\/\"><span class=\"s1\"><b>http:\/\/targazki.com<\/b><\/span><\/a><\/p>\n","protected":false},"excerpt":{"rendered":"<p>\u00a0 Abenduan zenbait argazki erakusketa izango ditugu Tolosako Aranburu Jauregian. Alde batetik Tolosako Targazki eta Tafallako La Higera elkarteek burutu dugun elkarreko proiektua, T+T izenekoa. Bi herriak lotzen dituzten zenbait gauza herri bakoitzeko argazkilarien ikuspuntutik. Abenduaren 15ean eguerdiko hamabietan irekiko &hellip; <a href=\"https:\/\/blog.federacionfotovasca.org\/eu\/exposiciones-proyecto-tt-premio-nacional-cef-y-argizaiola\/\">Continue reading <span class=\"meta-nav\">&rarr;<\/span><\/a><\/p>\n","protected":false},"author":1,"featured_media":0,"comment_status":"open","ping_status":"open","sticky":false,"template":"","format":"standard","meta":{"footnotes":""},"categories":[26],"tags":[4,147],"class_list":["post-15514","post","type-post","status-publish","format-standard","hentry","category-expocisiones","tag-exposiciones","tag-tolosa"],"_links":{"self":[{"href":"https:\/\/blog.federacionfotovasca.org\/eu\/wp-json\/wp\/v2\/posts\/15514","targetHints":{"allow":["GET"]}}],"collection":[{"href":"https:\/\/blog.federacionfotovasca.org\/eu\/wp-json\/wp\/v2\/posts"}],"about":[{"href":"https:\/\/blog.federacionfotovasca.org\/eu\/wp-json\/wp\/v2\/types\/post"}],"author":[{"embeddable":true,"href":"https:\/\/blog.federacionfotovasca.org\/eu\/wp-json\/wp\/v2\/users\/1"}],"replies":[{"embeddable":true,"href":"https:\/\/blog.federacionfotovasca.org\/eu\/wp-json\/wp\/v2\/comments?post=15514"}],"version-history":[{"count":1,"href":"https:\/\/blog.federacionfotovasca.org\/eu\/wp-json\/wp\/v2\/posts\/15514\/revisions"}],"predecessor-version":[{"id":15542,"href":"https:\/\/blog.federacionfotovasca.org\/eu\/wp-json\/wp\/v2\/posts\/15514\/revisions\/15542"}],"wp:attachment":[{"href":"https:\/\/blog.federacionfotovasca.org\/eu\/wp-json\/wp\/v2\/media?parent=15514"}],"wp:term":[{"taxonomy":"category","embeddable":true,"href":"https:\/\/blog.federacionfotovasca.org\/eu\/wp-json\/wp\/v2\/categories?post=15514"},{"taxonomy":"post_tag","embeddable":true,"href":"https:\/\/blog.federacionfotovasca.org\/eu\/wp-json\/wp\/v2\/tags?post=15514"}],"curies":[{"name":"wp","href":"https:\/\/api.w.org\/{rel}","templated":true}]}}