{"id":15525,"date":"2018-12-09T14:58:02","date_gmt":"2018-12-09T13:58:02","guid":{"rendered":"https:\/\/www.federacionfotovasca.org\/?p=15525"},"modified":"2018-12-09T14:58:02","modified_gmt":"2018-12-09T13:58:02","slug":"santa-lutzi-argazki-rallya-argazki-elkartea-urretxu-zumarraga","status":"publish","type":"post","link":"https:\/\/blog.federacionfotovasca.org\/eu\/santa-lutzi-argazki-rallya-argazki-elkartea-urretxu-zumarraga\/","title":{"rendered":"Santa Lutzi argazki rallya &#8211; Argazki Elkartea Urretxu-Zumarraga"},"content":{"rendered":"<p><a href=\"http:\/\/argazkielkartea.blogspot.com\/\" target=\"_blank\" rel=\"noopener\"><img loading=\"lazy\" decoding=\"async\" class=\"alignnone size-full wp-image-15529\" src=\"https:\/\/www.federacionfotovasca.org\/wp-content\/uploads\/2018\/12\/Argazki-Elkartea-Urretxu-Zumarraga.jpg\" alt=\"\" width=\"813\" height=\"121\" srcset=\"https:\/\/blog.federacionfotovasca.org\/wp-content\/uploads\/2018\/12\/Argazki-Elkartea-Urretxu-Zumarraga.jpg 813w, https:\/\/blog.federacionfotovasca.org\/wp-content\/uploads\/2018\/12\/Argazki-Elkartea-Urretxu-Zumarraga-300x45.jpg 300w, https:\/\/blog.federacionfotovasca.org\/wp-content\/uploads\/2018\/12\/Argazki-Elkartea-Urretxu-Zumarraga-620x92.jpg 620w, https:\/\/blog.federacionfotovasca.org\/wp-content\/uploads\/2018\/12\/Argazki-Elkartea-Urretxu-Zumarraga-768x114.jpg 768w\" sizes=\"auto, (max-width: 813px) 100vw, 813px\" \/><\/a><\/p>\n<p>Arratsalde on,<\/p>\n<p>Honekin batera bidaltzen dizkizuegu Zumarraga-Urretxuko Santa Lutzi feriako argazki rallyko oinarriak eta egitaraua.<\/p>\n<p>Adjuntamos bases para el rally de Santa Luc\u00eda a celebrar el d\u00eda 13 de diciembre en Zumarraga-Urretxu y la programaci\u00f3n.<\/p>\n<p><span class=\"HOEnZb adL\"><span style=\"color: #888888;\">&#8212;<br \/>\n<\/span><\/span><\/p>\n<div class=\"m_3829039918683695893gmail_signature\" dir=\"ltr\" data-smartmail=\"gmail_signature\">Salud y Saludos\u00a0 de los miembros de Argazki Elkartea de Urretxu y Zumarraga<\/div>\n<p><a href=\"https:\/\/www.federacionfotovasca.org\/wp-content\/uploads\/2018\/12\/2018-STA_LUCIA-cas-1.doc\">2018 STA_LUCIA cas (1)<\/a><\/p>\n<p><a href=\"https:\/\/www.federacionfotovasca.org\/wp-content\/uploads\/2018\/12\/2018-sta_lutzi_rallya-eus-1.doc\">2018 sta_lutzi_rallya eus (1)<\/a><\/p>\n<p><a href=\"https:\/\/www.federacionfotovasca.org\/wp-content\/uploads\/2018\/12\/santalutzi_egitaraua_v2.pdf\" target=\"_blank\" rel=\"noopener\">Santalutzi_egitaraua_v2.pdf<\/a><\/p>\n","protected":false},"excerpt":{"rendered":"<p>Arratsalde on, Honekin batera bidaltzen dizkizuegu Zumarraga-Urretxuko Santa Lutzi feriako argazki rallyko oinarriak eta egitaraua. Adjuntamos bases para el rally de Santa Luc\u00eda a celebrar el d\u00eda 13 de diciembre en Zumarraga-Urretxu y la programaci\u00f3n. &#8212; Salud y Saludos\u00a0 de &hellip; <a href=\"https:\/\/blog.federacionfotovasca.org\/eu\/santa-lutzi-argazki-rallya-argazki-elkartea-urretxu-zumarraga\/\">Continue reading <span class=\"meta-nav\">&rarr;<\/span><\/a><\/p>\n","protected":false},"author":1,"featured_media":0,"comment_status":"open","ping_status":"open","sticky":false,"template":"","format":"standard","meta":{"footnotes":""},"categories":[185],"tags":[58,986,985],"class_list":["post-15525","post","type-post","status-publish","format-standard","hentry","category-rallye","tag-rally-fotografico","tag-sta-lucia","tag-zumarraga"],"_links":{"self":[{"href":"https:\/\/blog.federacionfotovasca.org\/eu\/wp-json\/wp\/v2\/posts\/15525","targetHints":{"allow":["GET"]}}],"collection":[{"href":"https:\/\/blog.federacionfotovasca.org\/eu\/wp-json\/wp\/v2\/posts"}],"about":[{"href":"https:\/\/blog.federacionfotovasca.org\/eu\/wp-json\/wp\/v2\/types\/post"}],"author":[{"embeddable":true,"href":"https:\/\/blog.federacionfotovasca.org\/eu\/wp-json\/wp\/v2\/users\/1"}],"replies":[{"embeddable":true,"href":"https:\/\/blog.federacionfotovasca.org\/eu\/wp-json\/wp\/v2\/comments?post=15525"}],"version-history":[{"count":1,"href":"https:\/\/blog.federacionfotovasca.org\/eu\/wp-json\/wp\/v2\/posts\/15525\/revisions"}],"predecessor-version":[{"id":15530,"href":"https:\/\/blog.federacionfotovasca.org\/eu\/wp-json\/wp\/v2\/posts\/15525\/revisions\/15530"}],"wp:attachment":[{"href":"https:\/\/blog.federacionfotovasca.org\/eu\/wp-json\/wp\/v2\/media?parent=15525"}],"wp:term":[{"taxonomy":"category","embeddable":true,"href":"https:\/\/blog.federacionfotovasca.org\/eu\/wp-json\/wp\/v2\/categories?post=15525"},{"taxonomy":"post_tag","embeddable":true,"href":"https:\/\/blog.federacionfotovasca.org\/eu\/wp-json\/wp\/v2\/tags?post=15525"}],"curies":[{"name":"wp","href":"https:\/\/api.w.org\/{rel}","templated":true}]}}