{"id":15620,"date":"2018-12-27T17:15:36","date_gmt":"2018-12-27T16:15:36","guid":{"rendered":"https:\/\/www.federacionfotovasca.org\/?p=15620"},"modified":"2018-12-27T17:15:36","modified_gmt":"2018-12-27T16:15:36","slug":"taller-de-procesado-ortzadar","status":"publish","type":"post","link":"https:\/\/blog.federacionfotovasca.org\/eu\/taller-de-procesado-ortzadar\/","title":{"rendered":"Taller de Procesado &#8211; Ortzadar"},"content":{"rendered":"<p><a href=\"https:\/\/ortzadarordizia.blogspot.com\/\" target=\"_blank\" rel=\"noopener\"><img loading=\"lazy\" decoding=\"async\" class=\"alignnone size-full wp-image-6583\" src=\"https:\/\/www.federacionfotovasca.org\/wp-content\/uploads\/2014\/08\/Ortzadar.png\" alt=\"\" width=\"1024\" height=\"104\" srcset=\"https:\/\/blog.federacionfotovasca.org\/wp-content\/uploads\/2014\/08\/Ortzadar.png 1024w, https:\/\/blog.federacionfotovasca.org\/wp-content\/uploads\/2014\/08\/Ortzadar-300x30.png 300w, https:\/\/blog.federacionfotovasca.org\/wp-content\/uploads\/2014\/08\/Ortzadar-620x63.png 620w, https:\/\/blog.federacionfotovasca.org\/wp-content\/uploads\/2014\/08\/Ortzadar-768x78.png 768w, https:\/\/blog.federacionfotovasca.org\/wp-content\/uploads\/2014\/08\/Ortzadar-940x95.png 940w\" sizes=\"auto, (max-width: 1024px) 100vw, 1024px\" \/><\/a><\/p>\n<div class=\"gmail_default\">En la asociaci\u00f3n fotogr\u00e1fica Ortzadar Ordizia, estamos planificando las diferentes actividades a realizar durante el a\u00f1o que viene.\u00a0La primera actividad a realizar, ser\u00e1 un taller de procesado y Aplicaci\u00f3n practica de la teor\u00eda del color.<\/div>\n<div>\n<div class=\"m_5490032089242303738gmail_signature\" dir=\"ltr\">\n<div dir=\"ltr\">\n<div dir=\"ltr\">\n<div dir=\"ltr\">\n<div dir=\"ltr\">\n<div dir=\"ltr\">\n<div dir=\"ltr\">\n<div>\n<div class=\"gmail_default\">Os mandamos el cartel con toda la informaci\u00f3n para dicho taller, y agradecer\u00edamos la m\u00e1xima difusi\u00f3n entre vuestros asociados.<\/div>\n<div><span style=\"color: #333333;\">.<\/span><\/div>\n<div><a href=\"https:\/\/www.federacionfotovasca.org\/wp-content\/uploads\/2018\/12\/Talleres-de-Procesado-2019_Otzadar-Ordizia.jpg\" target=\"_blank\" rel=\"noopener\"><img loading=\"lazy\" decoding=\"async\" class=\"alignnone  wp-image-15621\" src=\"https:\/\/www.federacionfotovasca.org\/wp-content\/uploads\/2018\/12\/Talleres-de-Procesado-2019_Otzadar-Ordizia.jpg\" alt=\"\" width=\"899\" height=\"554\" srcset=\"https:\/\/blog.federacionfotovasca.org\/wp-content\/uploads\/2018\/12\/Talleres-de-Procesado-2019_Otzadar-Ordizia.jpg 4362w, https:\/\/blog.federacionfotovasca.org\/wp-content\/uploads\/2018\/12\/Talleres-de-Procesado-2019_Otzadar-Ordizia-300x185.jpg 300w, https:\/\/blog.federacionfotovasca.org\/wp-content\/uploads\/2018\/12\/Talleres-de-Procesado-2019_Otzadar-Ordizia-620x382.jpg 620w, https:\/\/blog.federacionfotovasca.org\/wp-content\/uploads\/2018\/12\/Talleres-de-Procesado-2019_Otzadar-Ordizia-768x473.jpg 768w, https:\/\/blog.federacionfotovasca.org\/wp-content\/uploads\/2018\/12\/Talleres-de-Procesado-2019_Otzadar-Ordizia-940x579.jpg 940w\" sizes=\"auto, (max-width: 899px) 100vw, 899px\" \/><\/a><\/div>\n<div><span style=\"color: #333333;\">.<\/span><\/div>\n<div>\n<div>\n<div class=\"gmail_default\">Formalizando la reserva antes del pr\u00f3ximo 6 de Enero de 2019, consigue un\u00a0AHORRO DE 35 EUROS\u00a0sobre el precio final del taller.<\/div>\n<div class=\"gmail_default\"><\/div>\n<div class=\"gmail_default\"><span style=\"font-family: verdana, sans-serif;\"><a href=\"https:\/\/photoexperience4u.com\/talleres-de-procesado\/\" target=\"_blank\" rel=\"noopener\" data-saferedirecturl=\"https:\/\/www.google.com\/url?q=https:\/\/photoexperience4u.com\/talleres-de-procesado\/&amp;source=gmail&amp;ust=1546012754522000&amp;usg=AFQjCNG9FQnKDCmMIolBWTVfEl7GWaZ2Ew\">https:\/\/photoexperience4u.com\/<wbr \/>talleres-de-procesado\/<\/a><\/span><\/div>\n<\/div>\n<div>\u00c1ngel Fern\u00e1ndez<\/div>\n<div><a href=\"https:\/\/500px.com\/sakatxa\" target=\"_blank\" rel=\"noopener\" data-saferedirecturl=\"https:\/\/www.google.com\/url?q=https:\/\/500px.com\/sakatxa&amp;source=gmail&amp;ust=1546012754522000&amp;usg=AFQjCNETXyS58d61q7vIvS5Lyq_eBGb8HQ\">https:\/\/500px.com\/sakatxa<\/a><\/div>\n<\/div>\n<\/div>\n<\/div>\n<\/div>\n<\/div>\n<\/div>\n<\/div>\n<\/div>\n<\/div>\n<\/div>\n","protected":false},"excerpt":{"rendered":"<p>En la asociaci\u00f3n fotogr\u00e1fica Ortzadar Ordizia, estamos planificando las diferentes actividades a realizar durante el a\u00f1o que viene.\u00a0La primera actividad a realizar, ser\u00e1 un taller de procesado y Aplicaci\u00f3n practica de la teor\u00eda del color. Os mandamos el cartel con &hellip; <a href=\"https:\/\/blog.federacionfotovasca.org\/eu\/taller-de-procesado-ortzadar\/\">Continue reading <span class=\"meta-nav\">&rarr;<\/span><\/a><\/p>\n","protected":false},"author":1,"featured_media":0,"comment_status":"open","ping_status":"open","sticky":false,"template":"","format":"standard","meta":{"footnotes":""},"categories":[59],"tags":[992,139,29],"class_list":["post-15620","post","type-post","status-publish","format-standard","hentry","category-tecnica","tag-angel-fernandez","tag-ordizia","tag-taller"],"_links":{"self":[{"href":"https:\/\/blog.federacionfotovasca.org\/eu\/wp-json\/wp\/v2\/posts\/15620","targetHints":{"allow":["GET"]}}],"collection":[{"href":"https:\/\/blog.federacionfotovasca.org\/eu\/wp-json\/wp\/v2\/posts"}],"about":[{"href":"https:\/\/blog.federacionfotovasca.org\/eu\/wp-json\/wp\/v2\/types\/post"}],"author":[{"embeddable":true,"href":"https:\/\/blog.federacionfotovasca.org\/eu\/wp-json\/wp\/v2\/users\/1"}],"replies":[{"embeddable":true,"href":"https:\/\/blog.federacionfotovasca.org\/eu\/wp-json\/wp\/v2\/comments?post=15620"}],"version-history":[{"count":1,"href":"https:\/\/blog.federacionfotovasca.org\/eu\/wp-json\/wp\/v2\/posts\/15620\/revisions"}],"predecessor-version":[{"id":15622,"href":"https:\/\/blog.federacionfotovasca.org\/eu\/wp-json\/wp\/v2\/posts\/15620\/revisions\/15622"}],"wp:attachment":[{"href":"https:\/\/blog.federacionfotovasca.org\/eu\/wp-json\/wp\/v2\/media?parent=15620"}],"wp:term":[{"taxonomy":"category","embeddable":true,"href":"https:\/\/blog.federacionfotovasca.org\/eu\/wp-json\/wp\/v2\/categories?post=15620"},{"taxonomy":"post_tag","embeddable":true,"href":"https:\/\/blog.federacionfotovasca.org\/eu\/wp-json\/wp\/v2\/tags?post=15620"}],"curies":[{"name":"wp","href":"https:\/\/api.w.org\/{rel}","templated":true}]}}