{"id":15629,"date":"2018-12-27T17:34:40","date_gmt":"2018-12-27T16:34:40","guid":{"rendered":"https:\/\/www.federacionfotovasca.org\/?p=15629"},"modified":"2018-12-27T17:34:40","modified_gmt":"2018-12-27T16:34:40","slug":"xi-concurso-fotografico-de-derio-entrega-de-premios-2","status":"publish","type":"post","link":"https:\/\/blog.federacionfotovasca.org\/eu\/xi-concurso-fotografico-de-derio-entrega-de-premios-2\/","title":{"rendered":"XI Concurso fotogr\u00e1fico de Derio -entrega de premios"},"content":{"rendered":"<p><a href=\"https:\/\/ortzadarordizia.blogspot.com\/\" target=\"_blank\" rel=\"noopener\"><img loading=\"lazy\" decoding=\"async\" class=\"alignnone size-full wp-image-13122\" src=\"https:\/\/www.federacionfotovasca.org\/wp-content\/uploads\/2017\/06\/DAT.png\" alt=\"\" width=\"216\" height=\"142\" \/><\/a><\/p>\n<p>Este s\u00e1bado 15 de Diciembre, a las 12:00 en Kultur Birika (Derio) tenemos la entrega de premios del XI Concurso fotogr\u00e1fico de Derio.<br \/>\nEntregaremos los premios, proyectaremos una pel\u00edcula con todas las fotograf\u00edas presentadas, inauguraremos la exposici\u00f3n y tendremos un lunch para pasar un rato agradable charlando sobre nuestra afici\u00f3n a la fotograf\u00eda y las fotos presentadas.<br \/>\nEst\u00e1is todos invitados.<br \/>\nOs esperamos.<\/p>\n<p><a class=\"m_7952964258130716661moz-txt-link-freetext\" href=\"https:\/\/www.facebook.com\/search\/posts\/?q=DAT%20Foto%20Derio&amp;epa=SERP_TAB\" target=\"_blank\" rel=\"noopener\" data-saferedirecturl=\"https:\/\/www.google.com\/url?q=https:\/\/www.facebook.com\/search\/posts\/?q%3DDAT%2520Foto%2520Derio%26epa%3DSERP_TAB&amp;source=gmail&amp;ust=1546011862251000&amp;usg=AFQjCNEs2jTGY4W7ImdWFXNVjF0Wb4uKUA\">https:\/\/www.facebook.com\/<wbr \/>search\/posts\/?q=DAT%20Foto%<wbr \/>20Derio&amp;epa=SERP_TAB<\/a><\/p>\n<p><iframe loading=\"lazy\" title=\"XI Concurso fotogr\u00e1fico Derio\" width=\"640\" height=\"480\" src=\"https:\/\/www.youtube.com\/embed\/wIN5MNFVziw?feature=oembed\" frameborder=\"0\" allow=\"accelerometer; autoplay; clipboard-write; encrypted-media; gyroscope; picture-in-picture; web-share\" referrerpolicy=\"strict-origin-when-cross-origin\" allowfullscreen><\/iframe><\/p>\n<p>Derioko Argazki Taldea<\/p>\n","protected":false},"excerpt":{"rendered":"<p>Este s\u00e1bado 15 de Diciembre, a las 12:00 en Kultur Birika (Derio) tenemos la entrega de premios del XI Concurso fotogr\u00e1fico de Derio. Entregaremos los premios, proyectaremos una pel\u00edcula con todas las fotograf\u00edas presentadas, inauguraremos la exposici\u00f3n y tendremos un &hellip; <a href=\"https:\/\/blog.federacionfotovasca.org\/eu\/xi-concurso-fotografico-de-derio-entrega-de-premios-2\/\">Continue reading <span class=\"meta-nav\">&rarr;<\/span><\/a><\/p>\n","protected":false},"author":1,"featured_media":0,"comment_status":"open","ping_status":"open","sticky":false,"template":"","format":"standard","meta":{"footnotes":""},"categories":[36],"tags":[419,141],"class_list":["post-15629","post","type-post","status-publish","format-standard","hentry","category-concursos","tag-concursos","tag-derio"],"_links":{"self":[{"href":"https:\/\/blog.federacionfotovasca.org\/eu\/wp-json\/wp\/v2\/posts\/15629","targetHints":{"allow":["GET"]}}],"collection":[{"href":"https:\/\/blog.federacionfotovasca.org\/eu\/wp-json\/wp\/v2\/posts"}],"about":[{"href":"https:\/\/blog.federacionfotovasca.org\/eu\/wp-json\/wp\/v2\/types\/post"}],"author":[{"embeddable":true,"href":"https:\/\/blog.federacionfotovasca.org\/eu\/wp-json\/wp\/v2\/users\/1"}],"replies":[{"embeddable":true,"href":"https:\/\/blog.federacionfotovasca.org\/eu\/wp-json\/wp\/v2\/comments?post=15629"}],"version-history":[{"count":1,"href":"https:\/\/blog.federacionfotovasca.org\/eu\/wp-json\/wp\/v2\/posts\/15629\/revisions"}],"predecessor-version":[{"id":15630,"href":"https:\/\/blog.federacionfotovasca.org\/eu\/wp-json\/wp\/v2\/posts\/15629\/revisions\/15630"}],"wp:attachment":[{"href":"https:\/\/blog.federacionfotovasca.org\/eu\/wp-json\/wp\/v2\/media?parent=15629"}],"wp:term":[{"taxonomy":"category","embeddable":true,"href":"https:\/\/blog.federacionfotovasca.org\/eu\/wp-json\/wp\/v2\/categories?post=15629"},{"taxonomy":"post_tag","embeddable":true,"href":"https:\/\/blog.federacionfotovasca.org\/eu\/wp-json\/wp\/v2\/tags?post=15629"}],"curies":[{"name":"wp","href":"https:\/\/api.w.org\/{rel}","templated":true}]}}