{"id":15662,"date":"2019-01-12T14:17:45","date_gmt":"2019-01-12T13:17:45","guid":{"rendered":"https:\/\/www.federacionfotovasca.org\/?p=15662"},"modified":"2019-01-12T14:17:45","modified_gmt":"2019-01-12T13:17:45","slug":"20190111-cef-nota-informativa-salones-internacionales-bajo-patrocinio-fiap","status":"publish","type":"post","link":"https:\/\/blog.federacionfotovasca.org\/eu\/20190111-cef-nota-informativa-salones-internacionales-bajo-patrocinio-fiap\/","title":{"rendered":"20190111 CEF &#8211; Nota Informativa Salones Internacionales bajo Patrocinio FIAP"},"content":{"rendered":"<p>Respecto a los \u00faltimos cambios que se han producido en el Reglamento de Patrocinio de Concursos FIAP 018\/2017 ES, os hacemos llegar varias consideraciones importantes que deb\u00e9is tener en cuenta.<\/p>\n<ul>\n<li>Siempre debe haber un miembro del jurado que tenga una distinci\u00f3n FIAP.<\/li>\n<li>No se puede establecer un jurado de admisi\u00f3n. Solo habr\u00e1 el jurado calificador, que es el que se ha notificado en la solicitud.<\/li>\n<li>El n\u00famero m\u00e1ximo de aceptaciones que se pueden conceder, es del 25% de las obras presentadas por cada una de las secciones. No pudiendo pasar este porcentaje de una secci\u00f3n a otra.<\/li>\n<li>No se admiten premios a los que no tengan acceso todos los participantes como pueden ser los premios sociales.<\/li>\n<li>M\u00e1ximo 30 d\u00edas despu\u00e9s del veredicto, se subir\u00e1 a la plataforma MyFIAP, el Excel con las aceptaciones y premios del veredicto, y os recordamos que este Excel en blanco para rellenar se descarga desde la misma plataforma, en el apartado My contest\/salon file.<\/li>\n<li>Tambi\u00e9n se subir\u00e1 el acta, en ese mismo plazo.<\/li>\n<li>Nos recuerdan que se ha de responder los correos que se nos env\u00edan por esta plataforma, seg\u00fan informan que no se est\u00e1n respondiendo en la mayor\u00eda de los casos.<\/li>\n<li>Una vez que se publica el catalogo, tambi\u00e9n se debe subir a la plataforma MyFIAP, seg\u00fan la fecha de publicaci\u00f3n que hemos puesto en la solicitud del concurso.<\/li>\n<\/ul>\n<p>El catalogo debe cumplir unos requisitos especificados en el reglamento 018\/2017 ES<\/p>\n<p>Es muy recomendable que hag\u00e1is una lectura exhaustiva del reglamento, que ten\u00e9is en el apartado Patrocinios del libro de la FIAP<\/p>\n<p><a href=\"http:\/\/online.flipbuilder.com\/tklq\/bvvd\/mobile\/index.html#p=58\" data-saferedirecturl=\"https:\/\/www.google.com\/url?q=http:\/\/online.flipbuilder.com\/tklq\/bvvd\/mobile\/index.html%23p%3D58&amp;source=gmail&amp;ust=1547379796344000&amp;usg=AFQjCNEiM-eRN48l3VBHrdu3Ehb6-xxaKQ\">http:\/\/online.flipbuilder.com\/tklq\/bvvd\/mobile\/index.html#p=58<\/a><\/p>\n<p>El incumplimiento de estos puntos, puede ser motivo de que no se conceda patrocinio FIAP en la siguiente edici\u00f3n que se solicite.<\/p>\n<p>Si ten\u00e9is alguna duda, quedo a vuestra disposici\u00f3n.<\/p>\n<p>Saludos,<\/p>\n<p><a href=\"https:\/\/www.federacionfotovasca.org\/wp-content\/uploads\/2019\/01\/CEF-Laura-Prego.jpg\"><img loading=\"lazy\" decoding=\"async\" class=\"alignnone size-full wp-image-15663\" src=\"https:\/\/www.federacionfotovasca.org\/wp-content\/uploads\/2019\/01\/CEF-Laura-Prego.jpg\" alt=\"\" width=\"589\" height=\"113\" srcset=\"https:\/\/blog.federacionfotovasca.org\/wp-content\/uploads\/2019\/01\/CEF-Laura-Prego.jpg 589w, https:\/\/blog.federacionfotovasca.org\/wp-content\/uploads\/2019\/01\/CEF-Laura-Prego-300x58.jpg 300w\" sizes=\"auto, (max-width: 589px) 100vw, 589px\" \/><\/a><\/p>\n","protected":false},"excerpt":{"rendered":"<p>Respecto a los \u00faltimos cambios que se han producido en el Reglamento de Patrocinio de Concursos FIAP 018\/2017 ES, os hacemos llegar varias consideraciones importantes que deb\u00e9is tener en cuenta. Siempre debe haber un miembro del jurado que tenga una &hellip; <a href=\"https:\/\/blog.federacionfotovasca.org\/eu\/20190111-cef-nota-informativa-salones-internacionales-bajo-patrocinio-fiap\/\">Continue reading <span class=\"meta-nav\">&rarr;<\/span><\/a><\/p>\n","protected":false},"author":1,"featured_media":16335,"comment_status":"open","ping_status":"open","sticky":false,"template":"","format":"standard","meta":{"footnotes":""},"categories":[9,322],"tags":[10,80],"class_list":["post-15662","post","type-post","status-publish","format-standard","has-post-thumbnail","hentry","category-federacion","category-fiap","tag-cef","tag-fiap"],"_links":{"self":[{"href":"https:\/\/blog.federacionfotovasca.org\/eu\/wp-json\/wp\/v2\/posts\/15662","targetHints":{"allow":["GET"]}}],"collection":[{"href":"https:\/\/blog.federacionfotovasca.org\/eu\/wp-json\/wp\/v2\/posts"}],"about":[{"href":"https:\/\/blog.federacionfotovasca.org\/eu\/wp-json\/wp\/v2\/types\/post"}],"author":[{"embeddable":true,"href":"https:\/\/blog.federacionfotovasca.org\/eu\/wp-json\/wp\/v2\/users\/1"}],"replies":[{"embeddable":true,"href":"https:\/\/blog.federacionfotovasca.org\/eu\/wp-json\/wp\/v2\/comments?post=15662"}],"version-history":[{"count":1,"href":"https:\/\/blog.federacionfotovasca.org\/eu\/wp-json\/wp\/v2\/posts\/15662\/revisions"}],"predecessor-version":[{"id":15664,"href":"https:\/\/blog.federacionfotovasca.org\/eu\/wp-json\/wp\/v2\/posts\/15662\/revisions\/15664"}],"wp:featuredmedia":[{"embeddable":true,"href":"https:\/\/blog.federacionfotovasca.org\/eu\/wp-json\/wp\/v2\/media\/16335"}],"wp:attachment":[{"href":"https:\/\/blog.federacionfotovasca.org\/eu\/wp-json\/wp\/v2\/media?parent=15662"}],"wp:term":[{"taxonomy":"category","embeddable":true,"href":"https:\/\/blog.federacionfotovasca.org\/eu\/wp-json\/wp\/v2\/categories?post=15662"},{"taxonomy":"post_tag","embeddable":true,"href":"https:\/\/blog.federacionfotovasca.org\/eu\/wp-json\/wp\/v2\/tags?post=15662"}],"curies":[{"name":"wp","href":"https:\/\/api.w.org\/{rel}","templated":true}]}}