{"id":15814,"date":"2019-02-16T23:38:47","date_gmt":"2019-02-16T22:38:47","guid":{"rendered":"https:\/\/www.federacionfotovasca.org\/?p=15814"},"modified":"2019-04-29T18:55:48","modified_gmt":"2019-04-29T16:55:48","slug":"afi-exposicion-trofeo-argizaiola-en-sala-laboral-kutxa-de-irun-4","status":"publish","type":"post","link":"https:\/\/blog.federacionfotovasca.org\/eu\/afi-exposicion-trofeo-argizaiola-en-sala-laboral-kutxa-de-irun-4\/","title":{"rendered":"AFI: Exposici\u00f3n Trofeo Argizaiola en sala Laboral Kutxa de Irun"},"content":{"rendered":"<p><a href=\"http:\/\/afi-iae.com\/\" target=\"_blank\" rel=\"noopener noreferrer\"><img loading=\"lazy\" decoding=\"async\" class=\"alignnone size-full wp-image-13318\" src=\"https:\/\/www.federacionfotovasca.org\/wp-content\/uploads\/2017\/08\/AFI.jpg\" alt=\"\" width=\"724\" height=\"90\" srcset=\"https:\/\/blog.federacionfotovasca.org\/wp-content\/uploads\/2017\/08\/AFI.jpg 724w, https:\/\/blog.federacionfotovasca.org\/wp-content\/uploads\/2017\/08\/AFI-300x37.jpg 300w, https:\/\/blog.federacionfotovasca.org\/wp-content\/uploads\/2017\/08\/AFI-620x77.jpg 620w, https:\/\/blog.federacionfotovasca.org\/wp-content\/uploads\/2017\/08\/AFI-720x90.jpg 720w\" sizes=\"auto, (max-width: 724px) 100vw, 724px\" \/><\/a><\/p>\n<p><strong>La AFI inaugura el mi\u00e9rcoles 13 de febrero, a las 19h30, en la sala de Laboral Kutxa de Ir\u00fan, una exposici\u00f3n fotogr\u00e1fica con las im\u00e1genes premiadas y seleccionadas en la edici\u00f3n 2018 del prestigioso Concurso \u201cTrofeo Argizaiola\u201d.<a href=\"https:\/\/www.federacionfotovasca.org\/wp-content\/uploads\/2019\/02\/AFI-argizaiola2019.jpg\" target=\"_blank\" rel=\"noopener noreferrer\"><img loading=\"lazy\" decoding=\"async\" class=\"wp-image-15816 alignright\" src=\"https:\/\/www.federacionfotovasca.org\/wp-content\/uploads\/2019\/02\/AFI-argizaiola2019.jpg\" alt=\"\" width=\"228\" height=\"322\" srcset=\"https:\/\/blog.federacionfotovasca.org\/wp-content\/uploads\/2019\/02\/AFI-argizaiola2019.jpg 3504w, https:\/\/blog.federacionfotovasca.org\/wp-content\/uploads\/2019\/02\/AFI-argizaiola2019-300x424.jpg 300w, https:\/\/blog.federacionfotovasca.org\/wp-content\/uploads\/2019\/02\/AFI-argizaiola2019-620x877.jpg 620w, https:\/\/blog.federacionfotovasca.org\/wp-content\/uploads\/2019\/02\/AFI-argizaiola2019-768x1086.jpg 768w, https:\/\/blog.federacionfotovasca.org\/wp-content\/uploads\/2019\/02\/AFI-argizaiola2019-940x1330.jpg 940w\" sizes=\"auto, (max-width: 228px) 100vw, 228px\" \/><\/a><\/strong><\/p>\n<p>Este Certamen lo&nbsp;organiza anualmente la Federaci\u00f3n de Agrupaciones Fotogr\u00e1ficas del Pa\u00eds Vasco y por su importancia se le denomina \u201cel Concurso de Concursos\u201d. Ello se debe a que la participaci\u00f3n en el mismo se realiza por invitaci\u00f3n a los fot\u00f3grafos residentes en los territorios de Euskadi, Navarra e Iparralde que han sido premiados durante el a\u00f1o en alguno de los cert\u00e1menes celebrados al amparo de la Federaci\u00f3n. Entre ellos, se encuentra el \u201cCiudad de Ir\u00fan\u201d, organizado por la AFI con el patrocinio del Ayuntamiento de Ir\u00fan.<\/p>\n<p>El autor de la obra ganadora en la 38\u00aa edici\u00f3n del \u201cTrofeo Argizaiola\u201d, celebrada el pasado a\u00f1o 2018, es el fot\u00f3grafo gazteiztarra <span style=\"color: #00ff00;\">Oscar Manso<\/span>, ganador tambi\u00e9n del Concurso Ciudad de Irun en 2017. Los dos acc\u00e9sit recayeron en las fotograf\u00edas del socio de AFI <span style=\"color: #00ffff;\">Luis Mart\u00ednez Aniesa<\/span> y de <span style=\"color: #ff0000;\">Manu Barreiro<\/span>, de Beasain. Junto a estas tres obras se pueden ver en la exposici\u00f3n de Ir\u00fan una selecci\u00f3n de im\u00e1genes de variada tem\u00e1tica, en total 39 fotograf\u00edas&nbsp;de otros tantos autores, entre los que se encuentran, adem\u00e1s del mencionado Luis Mart\u00ednez Aniesa, los tambi\u00e9n socios de AFI: Vicent Esteve, Xabier Arribas y Rub\u00e9n Redondo. Tambi\u00e9n est\u00e1 presente una obra del irun\u00e9s, <span style=\"color: #cc99ff;\">Oskar Gaskon<\/span>.<\/p>\n<p>La muestra, instalada en la sala de exposiciones de Laboral Kutxa (Paseo de Col\u00f3n, 13 de Irun), permanecer\u00e1 abierta hasta el d\u00eda 24 de febrero, en horario: de 19:00 a 20:30 (de lunes a s\u00e1bados) y de 12:00 a 13:30 (domingos). La entrada es libre.<\/p>\n<p>Un saludo,&nbsp;AFI &#8211; IAE<\/p>\n<p><a href=\"http:\/\/www.afi-iae.com\/\" data-saferedirecturl=\"https:\/\/www.google.com\/url?q=http:\/\/www.afi-iae.com&#038;source=gmail&#038;ust=1550431364997000&#038;usg=AFQjCNE3c8QFWKtbA89mMeGEpzyl2XLnIw\">www.afi-iae.com<\/a><\/p>\n","protected":false},"excerpt":{"rendered":"<p>La AFI inaugura el mi\u00e9rcoles 13 de febrero, a las 19h30, en la sala de Laboral Kutxa de Ir\u00fan, una exposici\u00f3n fotogr\u00e1fica con las im\u00e1genes premiadas y seleccionadas en la edici\u00f3n 2018 del prestigioso Concurso \u201cTrofeo Argizaiola\u201d. Este Certamen lo&nbsp;organiza &hellip; <a href=\"https:\/\/blog.federacionfotovasca.org\/eu\/afi-exposicion-trofeo-argizaiola-en-sala-laboral-kutxa-de-irun-4\/\">Continue reading <span class=\"meta-nav\">&rarr;<\/span><\/a><\/p>\n","protected":false},"author":1,"featured_media":15816,"comment_status":"open","ping_status":"open","sticky":false,"template":"","format":"standard","meta":{"footnotes":""},"categories":[161],"tags":[426,38,894,611,1013,1014,1017,1015,1016],"class_list":["post-15814","post","type-post","status-publish","format-standard","has-post-thumbnail","hentry","category-argizaiola","tag-argizaiola","tag-irun","tag-luis-martinez-aniesa","tag-manu-barreiro","tag-oscar-manso","tag-oskar-gaskon","tag-ruben-redondo","tag-vicent-esteve","tag-xabier-arribas"],"_links":{"self":[{"href":"https:\/\/blog.federacionfotovasca.org\/eu\/wp-json\/wp\/v2\/posts\/15814","targetHints":{"allow":["GET"]}}],"collection":[{"href":"https:\/\/blog.federacionfotovasca.org\/eu\/wp-json\/wp\/v2\/posts"}],"about":[{"href":"https:\/\/blog.federacionfotovasca.org\/eu\/wp-json\/wp\/v2\/types\/post"}],"author":[{"embeddable":true,"href":"https:\/\/blog.federacionfotovasca.org\/eu\/wp-json\/wp\/v2\/users\/1"}],"replies":[{"embeddable":true,"href":"https:\/\/blog.federacionfotovasca.org\/eu\/wp-json\/wp\/v2\/comments?post=15814"}],"version-history":[{"count":1,"href":"https:\/\/blog.federacionfotovasca.org\/eu\/wp-json\/wp\/v2\/posts\/15814\/revisions"}],"predecessor-version":[{"id":16368,"href":"https:\/\/blog.federacionfotovasca.org\/eu\/wp-json\/wp\/v2\/posts\/15814\/revisions\/16368"}],"wp:featuredmedia":[{"embeddable":true,"href":"https:\/\/blog.federacionfotovasca.org\/eu\/wp-json\/wp\/v2\/media\/15816"}],"wp:attachment":[{"href":"https:\/\/blog.federacionfotovasca.org\/eu\/wp-json\/wp\/v2\/media?parent=15814"}],"wp:term":[{"taxonomy":"category","embeddable":true,"href":"https:\/\/blog.federacionfotovasca.org\/eu\/wp-json\/wp\/v2\/categories?post=15814"},{"taxonomy":"post_tag","embeddable":true,"href":"https:\/\/blog.federacionfotovasca.org\/eu\/wp-json\/wp\/v2\/tags?post=15814"}],"curies":[{"name":"wp","href":"https:\/\/api.w.org\/{rel}","templated":true}]}}