{"id":15903,"date":"2019-02-26T23:59:24","date_gmt":"2019-02-26T22:59:24","guid":{"rendered":"https:\/\/www.federacionfotovasca.org\/?p=15903"},"modified":"2019-04-30T01:50:25","modified_gmt":"2019-04-29T23:50:25","slug":"concurso-fotografico-beasaingo-hiria-2019-argazki-lehiaketa","status":"publish","type":"post","link":"https:\/\/blog.federacionfotovasca.org\/eu\/concurso-fotografico-beasaingo-hiria-2019-argazki-lehiaketa\/","title":{"rendered":"Concurso Fotografico &#8220;Beasaingo Hiria 2019&#8221; Argazki Lehiaketa"},"content":{"rendered":"<p>Argazkilari eta lagun estimatuak:<\/p>\n<p>Urteroko moduan,\u00a0<strong>Argizpi argazkilari elkarteak<\/strong>,\u00a0<strong>Beasaingo Hiria<\/strong>\u00a0argazki lehiaketa nazionala antolatzen du,\u00a0<strong>Argizaiola Trofeora<\/strong>\u00a0klasifikatzeko balio duena eta, aurten ere,\u00a0<strong>Confederaci\u00f3n Espa\u00f1ol de Fotograf\u00eda (CEF)<\/strong>\u00a0delakoaren babesarekin.<\/p>\n<p>Posta honetan lehiaketaren eta <a href=\"https:\/\/www.federacionfotovasca.org\/argizaiola\/bases-argizaiola\/\" data-saferedirecturl=\"https:\/\/www.google.com\/url?q=https:\/\/www.federacionfotovasca.org\/argizaiola\/bases-argizaiola\/&#038;source=gmail&#038;ust=1551307519609000&#038;usg=AFQjCNGJIIyuUTFpXtYF3aLhV6r5XCvWtA\">Argizaiolaren oinarriak atxikituta doaz<\/a>. Ondorengo estekan parte hartu eta baseak ere deskargatu ditzakezu:<\/p>\n<p><a href=\"http:\/\/argizpi.fotogenius.es\/\" data-saferedirecturl=\"https:\/\/www.google.com\/url?q=http:\/\/argizpi.fotogenius.es\/&#038;source=gmail&#038;ust=1551307519609000&#038;usg=AFQjCNECpFkchW4zlobtV2YNeW9SOKZlew\"><strong>http:\/\/argizpi.fotogenius.es\/<\/strong><\/a><\/p>\n<p>Eskertuko genuke ahalik eta gehien zabalduko balitz zuen laguntzarekin eta batez ere, parte hartzera gonbidatuta zaudete.<\/p>\n<p>Agur bat<a href=\"http:\/\/argizpibeasain.blogspot.com\/\" target=\"_blank\" rel=\"noopener noreferrer\"><img loading=\"lazy\" decoding=\"async\" class=\"wp-image-14394 alignright\" src=\"https:\/\/www.federacionfotovasca.org\/wp-content\/uploads\/2018\/02\/Logo-Argizpi.jpg\" alt=\"\" width=\"150\" height=\"173\" srcset=\"https:\/\/blog.federacionfotovasca.org\/wp-content\/uploads\/2018\/02\/Logo-Argizpi.jpg 2438w, https:\/\/blog.federacionfotovasca.org\/wp-content\/uploads\/2018\/02\/Logo-Argizpi-300x347.jpg 300w, https:\/\/blog.federacionfotovasca.org\/wp-content\/uploads\/2018\/02\/Logo-Argizpi-620x718.jpg 620w, https:\/\/blog.federacionfotovasca.org\/wp-content\/uploads\/2018\/02\/Logo-Argizpi-768x889.jpg 768w, https:\/\/blog.federacionfotovasca.org\/wp-content\/uploads\/2018\/02\/Logo-Argizpi-940x1088.jpg 940w\" sizes=\"auto, (max-width: 150px) 100vw, 150px\" \/><\/a><\/p>\n<p><a href=\"https:\/\/www.federacionfotovasca.org\/wp-content\/uploads\/2019\/02\/E-2019-04-Beasaingo-Hiria-Bases-Completas.pdf\" target=\"_blank\" rel=\"noopener noreferrer\">&#8220;E 2019 04 Beasaingo Hiria &#8211; Bases Completas&#8221;<\/a><\/p>\n<div>\n<div dir=\"ltr\">\n<div dir=\"ltr\">\n<div dir=\"ltr\">\n<div><b><span style=\"color: #000000; font-family: garamond, serif; font-size: small;\">Argizpi Argazkilaritza Elkartea\u00a0<\/span><\/b><\/div>\n<div><a href=\"http:\/\/argizpibeasain.blogspot.com.es\/\" target=\"_blank\" rel=\"noopener noreferrer\" data-saferedirecturl=\"https:\/\/www.google.com\/url?q=http:\/\/argizpibeasain.blogspot.com.es\/&#038;source=gmail&#038;ust=1551307519609000&#038;usg=AFQjCNFuGv740ifhezN2Ryvo8A9JEBpzOw\">Web Argizpi<\/a><\/div>\n<\/div>\n<\/div>\n<\/div>\n<\/div>\n<div>\n<div dir=\"ltr\">\n<div dir=\"ltr\">\n<div dir=\"ltr\">\n<div><span style=\"color: #000000; font-family: garamond, serif; font-size: small;\"><a href=\"https:\/\/www.facebook.com\/pages\/Argizpi\/273591642711099\" target=\"_blank\" rel=\"noopener noreferrer\" data-saferedirecturl=\"https:\/\/www.google.com\/url?q=https:\/\/www.facebook.com\/pages\/Argizpi\/273591642711099&#038;source=gmail&#038;ust=1551307519609000&#038;usg=AFQjCNH9fpbbglbkJlsPMbGNekZAA8pDtg\">Facebook Argizpi<\/a><\/span><\/div>\n<div><span style=\"color: #000000; font-family: garamond, serif; font-size: small;\"><a href=\"mailto:argizpi.ae@gmail.com\" target=\"_blank\" rel=\"noopener noreferrer\">argizpi.ae@gmail.com<\/a><\/span><\/div>\n<\/div>\n<\/div>\n<\/div>\n<\/div>\n","protected":false},"excerpt":{"rendered":"<p>Argazkilari eta lagun estimatuak: Urteroko moduan,\u00a0Argizpi argazkilari elkarteak,\u00a0Beasaingo Hiria\u00a0argazki lehiaketa nazionala antolatzen du,\u00a0Argizaiola Trofeora\u00a0klasifikatzeko balio duena eta, aurten ere,\u00a0Confederaci\u00f3n Espa\u00f1ol de Fotograf\u00eda (CEF)\u00a0delakoaren babesarekin. Posta honetan lehiaketaren eta Argizaiolaren oinarriak atxikituta doaz. Ondorengo estekan parte hartu eta baseak ere deskargatu &hellip; <a href=\"https:\/\/blog.federacionfotovasca.org\/eu\/concurso-fotografico-beasaingo-hiria-2019-argazki-lehiaketa\/\">Continue reading <span class=\"meta-nav\">&rarr;<\/span><\/a><\/p>\n","protected":false},"author":1,"featured_media":16132,"comment_status":"open","ping_status":"open","sticky":false,"template":"","format":"standard","meta":{"footnotes":""},"categories":[872,36,161],"tags":[426,10,419],"class_list":["post-15903","post","type-post","status-publish","format-standard","has-post-thumbnail","hentry","category-cef","category-concursos","category-argizaiola","tag-argizaiola","tag-cef","tag-concursos"],"_links":{"self":[{"href":"https:\/\/blog.federacionfotovasca.org\/eu\/wp-json\/wp\/v2\/posts\/15903","targetHints":{"allow":["GET"]}}],"collection":[{"href":"https:\/\/blog.federacionfotovasca.org\/eu\/wp-json\/wp\/v2\/posts"}],"about":[{"href":"https:\/\/blog.federacionfotovasca.org\/eu\/wp-json\/wp\/v2\/types\/post"}],"author":[{"embeddable":true,"href":"https:\/\/blog.federacionfotovasca.org\/eu\/wp-json\/wp\/v2\/users\/1"}],"replies":[{"embeddable":true,"href":"https:\/\/blog.federacionfotovasca.org\/eu\/wp-json\/wp\/v2\/comments?post=15903"}],"version-history":[{"count":1,"href":"https:\/\/blog.federacionfotovasca.org\/eu\/wp-json\/wp\/v2\/posts\/15903\/revisions"}],"predecessor-version":[{"id":16699,"href":"https:\/\/blog.federacionfotovasca.org\/eu\/wp-json\/wp\/v2\/posts\/15903\/revisions\/16699"}],"wp:featuredmedia":[{"embeddable":true,"href":"https:\/\/blog.federacionfotovasca.org\/eu\/wp-json\/wp\/v2\/media\/16132"}],"wp:attachment":[{"href":"https:\/\/blog.federacionfotovasca.org\/eu\/wp-json\/wp\/v2\/media?parent=15903"}],"wp:term":[{"taxonomy":"category","embeddable":true,"href":"https:\/\/blog.federacionfotovasca.org\/eu\/wp-json\/wp\/v2\/categories?post=15903"},{"taxonomy":"post_tag","embeddable":true,"href":"https:\/\/blog.federacionfotovasca.org\/eu\/wp-json\/wp\/v2\/tags?post=15903"}],"curies":[{"name":"wp","href":"https:\/\/api.w.org\/{rel}","templated":true}]}}