{"id":15941,"date":"2019-03-07T09:53:21","date_gmt":"2019-03-07T08:53:21","guid":{"rendered":"https:\/\/www.federacionfotovasca.org\/?p=15941"},"modified":"2019-03-07T09:53:21","modified_gmt":"2019-03-07T08:53:21","slug":"proyeccion-exposicion-y-presentacion-del-libro-harria-en-eibar","status":"publish","type":"post","link":"https:\/\/blog.federacionfotovasca.org\/eu\/proyeccion-exposicion-y-presentacion-del-libro-harria-en-eibar\/","title":{"rendered":"Proyecci\u00f3n, Exposici\u00f3n y Presentaci\u00f3n del libro &#8220;Harria&#8221; en Eibar"},"content":{"rendered":"<p><a href=\"https:\/\/www.federacionfotovasca.org\/wp-content\/uploads\/2018\/02\/Eibar.png\"><img loading=\"lazy\" decoding=\"async\" class=\"alignnone size-full wp-image-14165\" src=\"https:\/\/www.federacionfotovasca.org\/wp-content\/uploads\/2018\/02\/Eibar.png\" alt=\"\" width=\"465\" height=\"146\" srcset=\"https:\/\/blog.federacionfotovasca.org\/wp-content\/uploads\/2018\/02\/Eibar.png 465w, https:\/\/blog.federacionfotovasca.org\/wp-content\/uploads\/2018\/02\/Eibar-300x94.png 300w\" sizes=\"auto, (max-width: 465px) 100vw, 465px\" \/><\/a><a href=\"https:\/\/www.federacionfotovasca.org\/wp-content\/uploads\/2019\/03\/Libro-Harria.jpg\" target=\"_blank\" rel=\"noopener\"><img loading=\"lazy\" decoding=\"async\" class=\"wp-image-15942 alignright\" src=\"https:\/\/www.federacionfotovasca.org\/wp-content\/uploads\/2019\/03\/Libro-Harria.jpg\" alt=\"\" width=\"224\" height=\"291\" srcset=\"https:\/\/blog.federacionfotovasca.org\/wp-content\/uploads\/2019\/03\/Libro-Harria.jpg 4167w, https:\/\/blog.federacionfotovasca.org\/wp-content\/uploads\/2019\/03\/Libro-Harria-300x390.jpg 300w, https:\/\/blog.federacionfotovasca.org\/wp-content\/uploads\/2019\/03\/Libro-Harria-620x806.jpg 620w, https:\/\/blog.federacionfotovasca.org\/wp-content\/uploads\/2019\/03\/Libro-Harria-768x998.jpg 768w, https:\/\/blog.federacionfotovasca.org\/wp-content\/uploads\/2019\/03\/Libro-Harria-940x1222.jpg 940w\" sizes=\"auto, (max-width: 224px) 100vw, 224px\" \/><\/a><\/p>\n<p>\u00a1 Por fin&#8230;!, Despu\u00e9s de algunas peripecias con la edici\u00f3n del libro &#8220;Harria&#8221;, podemos decir que tenemos en nuestras manos un libro del que nos podemos sentir satisfechos<\/p>\n<p>El pr\u00f3ximo d\u00eda 13 de Marzo a las 7 de la tarde, <span style=\"color: #ffff99;\">Juan Manuel Uria<\/span> y Juan Antonio Palacios, haremos la presentaci\u00f3n del libro en el Sal\u00f3n de Actos de Portalea junto con la proyecci\u00f3n del audiovisual \u201cHarria\u201d.<\/p>\n<p>Despu\u00e9s bajaremos a la Sala de Exposiciones del Topaleku donde estar\u00e1 montada una muestra de la exposici\u00f3n.<\/p>\n<p>Tomaremos un vinito con un pincho y firmaremos los libros a quien desee adquirirlos.<\/p>\n<p>Os esperamos.<\/p>\n<p>&nbsp;<\/p>\n","protected":false},"excerpt":{"rendered":"<p>\u00a1 Por fin&#8230;!, Despu\u00e9s de algunas peripecias con la edici\u00f3n del libro &#8220;Harria&#8221;, podemos decir que tenemos en nuestras manos un libro del que nos podemos sentir satisfechos El pr\u00f3ximo d\u00eda 13 de Marzo a las 7 de la tarde, &hellip; <a href=\"https:\/\/blog.federacionfotovasca.org\/eu\/proyeccion-exposicion-y-presentacion-del-libro-harria-en-eibar\/\">Continue reading <span class=\"meta-nav\">&rarr;<\/span><\/a><\/p>\n","protected":false},"author":1,"featured_media":0,"comment_status":"open","ping_status":"open","sticky":false,"template":"","format":"standard","meta":{"footnotes":""},"categories":[26,3],"tags":[4,1032,222,1031,1033,302],"class_list":["post-15941","post","type-post","status-publish","format-standard","hentry","category-expocisiones","category-fotografos","tag-exposiciones","tag-harria","tag-juan-antonio-palacios","tag-juan-manuel-uria","tag-presentacion-libro","tag-proyeccion"],"_links":{"self":[{"href":"https:\/\/blog.federacionfotovasca.org\/eu\/wp-json\/wp\/v2\/posts\/15941","targetHints":{"allow":["GET"]}}],"collection":[{"href":"https:\/\/blog.federacionfotovasca.org\/eu\/wp-json\/wp\/v2\/posts"}],"about":[{"href":"https:\/\/blog.federacionfotovasca.org\/eu\/wp-json\/wp\/v2\/types\/post"}],"author":[{"embeddable":true,"href":"https:\/\/blog.federacionfotovasca.org\/eu\/wp-json\/wp\/v2\/users\/1"}],"replies":[{"embeddable":true,"href":"https:\/\/blog.federacionfotovasca.org\/eu\/wp-json\/wp\/v2\/comments?post=15941"}],"version-history":[{"count":1,"href":"https:\/\/blog.federacionfotovasca.org\/eu\/wp-json\/wp\/v2\/posts\/15941\/revisions"}],"predecessor-version":[{"id":15943,"href":"https:\/\/blog.federacionfotovasca.org\/eu\/wp-json\/wp\/v2\/posts\/15941\/revisions\/15943"}],"wp:attachment":[{"href":"https:\/\/blog.federacionfotovasca.org\/eu\/wp-json\/wp\/v2\/media?parent=15941"}],"wp:term":[{"taxonomy":"category","embeddable":true,"href":"https:\/\/blog.federacionfotovasca.org\/eu\/wp-json\/wp\/v2\/categories?post=15941"},{"taxonomy":"post_tag","embeddable":true,"href":"https:\/\/blog.federacionfotovasca.org\/eu\/wp-json\/wp\/v2\/tags?post=15941"}],"curies":[{"name":"wp","href":"https:\/\/api.w.org\/{rel}","templated":true}]}}