{"id":16037,"date":"2019-03-29T10:51:05","date_gmt":"2019-03-29T09:51:05","guid":{"rendered":"https:\/\/www.federacionfotovasca.org\/?p=16037"},"modified":"2019-03-29T10:54:27","modified_gmt":"2019-03-29T09:54:27","slug":"exposicion-fotografica-javier-ortiz-moreno","status":"publish","type":"post","link":"https:\/\/blog.federacionfotovasca.org\/eu\/exposicion-fotografica-javier-ortiz-moreno\/","title":{"rendered":"Exposici\u00f3n Fotogr\u00e1fica Javier Ortiz Moreno"},"content":{"rendered":"<p>Inauguraci\u00f3n este viernes en Bergara por\u00a0<span style=\"color: #ccffcc;\">Javier Ortiz Moreno\u00a0<a href=\"https:\/\/www.federacionfotovasca.org\/wp-content\/uploads\/2019\/03\/Javier-Ortiz-Moreno.jpg\" target=\"_blank\" rel=\"noopener\"><img loading=\"lazy\" decoding=\"async\" class=\"wp-image-16041 alignright\" src=\"https:\/\/www.federacionfotovasca.org\/wp-content\/uploads\/2019\/03\/Javier-Ortiz-Moreno.jpg\" alt=\"\" width=\"194\" height=\"279\" srcset=\"https:\/\/blog.federacionfotovasca.org\/wp-content\/uploads\/2019\/03\/Javier-Ortiz-Moreno.jpg 720w, https:\/\/blog.federacionfotovasca.org\/wp-content\/uploads\/2019\/03\/Javier-Ortiz-Moreno-300x433.jpg 300w, https:\/\/blog.federacionfotovasca.org\/wp-content\/uploads\/2019\/03\/Javier-Ortiz-Moreno-620x894.jpg 620w\" sizes=\"auto, (max-width: 194px) 100vw, 194px\" \/><\/a><\/span><\/p>\n<p><span style=\"color: #333333;\">.<\/span><\/p>\n<p><span style=\"color: #333333;\">.<\/span><\/p>\n<p><span style=\"color: #333333;\">.<\/span><\/p>\n<p><span style=\"color: #333333;\">.<\/span><\/p>\n<p><a href=\"https:\/\/www.federacionfotovasca.org\/wp-content\/uploads\/2019\/03\/Exposicion-Fotografica.pdf\" target=\"_blank\" rel=\"noopener\">&#8220;Cartel Exposicion Fotografica&#8221;<\/a><\/p>\n","protected":false},"excerpt":{"rendered":"<p>Inauguraci\u00f3n este viernes en Bergara por\u00a0Javier Ortiz Moreno\u00a0 . . . . &#8220;Cartel Exposicion Fotografica&#8221;<\/p>\n","protected":false},"author":1,"featured_media":0,"comment_status":"open","ping_status":"open","sticky":false,"template":"","format":"standard","meta":{"footnotes":""},"categories":[26],"tags":[351,4,1048],"class_list":["post-16037","post","type-post","status-publish","format-standard","hentry","category-expocisiones","tag-bergara","tag-exposiciones","tag-javier-ortiz-moreno"],"_links":{"self":[{"href":"https:\/\/blog.federacionfotovasca.org\/eu\/wp-json\/wp\/v2\/posts\/16037","targetHints":{"allow":["GET"]}}],"collection":[{"href":"https:\/\/blog.federacionfotovasca.org\/eu\/wp-json\/wp\/v2\/posts"}],"about":[{"href":"https:\/\/blog.federacionfotovasca.org\/eu\/wp-json\/wp\/v2\/types\/post"}],"author":[{"embeddable":true,"href":"https:\/\/blog.federacionfotovasca.org\/eu\/wp-json\/wp\/v2\/users\/1"}],"replies":[{"embeddable":true,"href":"https:\/\/blog.federacionfotovasca.org\/eu\/wp-json\/wp\/v2\/comments?post=16037"}],"version-history":[{"count":1,"href":"https:\/\/blog.federacionfotovasca.org\/eu\/wp-json\/wp\/v2\/posts\/16037\/revisions"}],"predecessor-version":[{"id":16044,"href":"https:\/\/blog.federacionfotovasca.org\/eu\/wp-json\/wp\/v2\/posts\/16037\/revisions\/16044"}],"wp:attachment":[{"href":"https:\/\/blog.federacionfotovasca.org\/eu\/wp-json\/wp\/v2\/media?parent=16037"}],"wp:term":[{"taxonomy":"category","embeddable":true,"href":"https:\/\/blog.federacionfotovasca.org\/eu\/wp-json\/wp\/v2\/categories?post=16037"},{"taxonomy":"post_tag","embeddable":true,"href":"https:\/\/blog.federacionfotovasca.org\/eu\/wp-json\/wp\/v2\/tags?post=16037"}],"curies":[{"name":"wp","href":"https:\/\/api.w.org\/{rel}","templated":true}]}}