{"id":16049,"date":"2019-04-05T09:06:45","date_gmt":"2019-04-05T07:06:45","guid":{"rendered":"https:\/\/www.federacionfotovasca.org\/?p=16049"},"modified":"2019-04-05T09:06:45","modified_gmt":"2019-04-05T07:06:45","slug":"jose-luis-irigoienen-argazki-erakusketa-bartzelonan-fotospaiexposicion-de-fotografia-de-jose-luis-irigoien-en-barcelona-fotospai","status":"publish","type":"post","link":"https:\/\/blog.federacionfotovasca.org\/eu\/jose-luis-irigoienen-argazki-erakusketa-bartzelonan-fotospaiexposicion-de-fotografia-de-jose-luis-irigoien-en-barcelona-fotospai\/","title":{"rendered":"Jose Luis Irigoienen argazki erakusketa Bartzelonan (Fotospai)\/Exposici\u00f3n de fotograf\u00eda de Jose Luis Irigoien en Barcelona (Fotospai)"},"content":{"rendered":"<h4 id=\":dg\" class=\"hP\" tabindex=\"-1\" data-thread-perm-id=\"thread-f:1629427057435037250\" data-legacy-thread-id=\"169ce34691d34e42\">Jose Luis Irigoienen argazki erakusketa Bartzelonan (Fotospai)\u00a0<img loading=\"lazy\" decoding=\"async\" class=\"wp-image-8568 alignright\" src=\"https:\/\/www.federacionfotovasca.org\/wp-content\/uploads\/2015\/04\/Jose-Luis-Irigoien.jpg\" alt=\"\" width=\"138\" height=\"93\" srcset=\"https:\/\/blog.federacionfotovasca.org\/wp-content\/uploads\/2015\/04\/Jose-Luis-Irigoien.jpg 400w, https:\/\/blog.federacionfotovasca.org\/wp-content\/uploads\/2015\/04\/Jose-Luis-Irigoien-300x202.jpg 300w\" sizes=\"auto, (max-width: 138px) 100vw, 138px\" \/><\/h4>\n<h4 class=\"hP\" tabindex=\"-1\" data-thread-perm-id=\"thread-f:1629427057435037250\" data-legacy-thread-id=\"169ce34691d34e42\">Exposici\u00f3<wbr \/>n de fotograf\u00eda de Jose Luis Irigoien en Barcelona (Fotospai)<\/h4>\n<p>Este \u00e9s el enlace a la exposicion en la web:<\/p>\n<p><a class=\"m_5834811341111074614m_7988194843733670015gmail-m_5867997540918640561moz-txt-link-freetext\" href=\"https:\/\/fotoespai.cat\/exposicions.html?id=319&amp;expo_id=66\" target=\"_blank\" rel=\"noopener\" data-saferedirecturl=\"https:\/\/www.google.com\/url?q=https:\/\/fotoespai.cat\/exposicions.html?id%3D319%26expo_id%3D66&amp;source=gmail&amp;ust=1554534208020000&amp;usg=AFQjCNGypAnyO8GXITKAFjSzYykg6HWv_w\">https:\/\/fotoespai.cat\/<wbr \/>exposicions.html?id=319&amp;expo_<wbr \/>id=66<\/a><\/p>\n<p>&nbsp;<\/p>\n","protected":false},"excerpt":{"rendered":"<p>Jose Luis Irigoienen argazki erakusketa Bartzelonan (Fotospai)\u00a0 Exposici\u00f3n de fotograf\u00eda de Jose Luis Irigoien en Barcelona (Fotospai) Este \u00e9s el enlace a la exposicion en la web: https:\/\/fotoespai.cat\/exposicions.html?id=319&amp;expo_id=66 &nbsp;<\/p>\n","protected":false},"author":1,"featured_media":0,"comment_status":"open","ping_status":"open","sticky":false,"template":"","format":"standard","meta":{"footnotes":""},"categories":[26],"tags":[279,4,829,194],"class_list":["post-16049","post","type-post","status-publish","format-standard","hentry","category-expocisiones","tag-barcelona","tag-exposiciones","tag-fotospai","tag-jose-luis-irigoien"],"_links":{"self":[{"href":"https:\/\/blog.federacionfotovasca.org\/eu\/wp-json\/wp\/v2\/posts\/16049","targetHints":{"allow":["GET"]}}],"collection":[{"href":"https:\/\/blog.federacionfotovasca.org\/eu\/wp-json\/wp\/v2\/posts"}],"about":[{"href":"https:\/\/blog.federacionfotovasca.org\/eu\/wp-json\/wp\/v2\/types\/post"}],"author":[{"embeddable":true,"href":"https:\/\/blog.federacionfotovasca.org\/eu\/wp-json\/wp\/v2\/users\/1"}],"replies":[{"embeddable":true,"href":"https:\/\/blog.federacionfotovasca.org\/eu\/wp-json\/wp\/v2\/comments?post=16049"}],"version-history":[{"count":1,"href":"https:\/\/blog.federacionfotovasca.org\/eu\/wp-json\/wp\/v2\/posts\/16049\/revisions"}],"predecessor-version":[{"id":16050,"href":"https:\/\/blog.federacionfotovasca.org\/eu\/wp-json\/wp\/v2\/posts\/16049\/revisions\/16050"}],"wp:attachment":[{"href":"https:\/\/blog.federacionfotovasca.org\/eu\/wp-json\/wp\/v2\/media?parent=16049"}],"wp:term":[{"taxonomy":"category","embeddable":true,"href":"https:\/\/blog.federacionfotovasca.org\/eu\/wp-json\/wp\/v2\/categories?post=16049"},{"taxonomy":"post_tag","embeddable":true,"href":"https:\/\/blog.federacionfotovasca.org\/eu\/wp-json\/wp\/v2\/tags?post=16049"}],"curies":[{"name":"wp","href":"https:\/\/api.w.org\/{rel}","templated":true}]}}