{"id":16051,"date":"2019-04-05T10:35:33","date_gmt":"2019-04-05T08:35:33","guid":{"rendered":"https:\/\/www.federacionfotovasca.org\/?p=16051"},"modified":"2019-04-05T10:35:33","modified_gmt":"2019-04-05T08:35:33","slug":"argazki-erakusketak-eibarren-aoirilanexposiciones-de-fotografia-en-eibar-en-abril","status":"publish","type":"post","link":"https:\/\/blog.federacionfotovasca.org\/eu\/argazki-erakusketak-eibarren-aoirilanexposiciones-de-fotografia-en-eibar-en-abril\/","title":{"rendered":"Argazki erakusketak Eibarren Aoirilan\/Exposiciones de fotograf\u00eda en Eibar en Abril"},"content":{"rendered":"<p>Argazki erakusketak Eibarren Aoirilan \/ Exposicione<wbr \/>s de fotograf\u00eda en Eibar en Abril<\/p>\n<p><span style=\"color: #ff99cc;\">Jos\u00e9 Vila<\/span><\/p>\n<p><span style=\"color: #ffcc99;\">Jos\u00e9 Luis Irigoien<\/span><\/p>\n<p><span style=\"color: #ffff99;\">Joan Serrano<\/span><\/p>\n<p><a href=\"https:\/\/www.federacionfotovasca.org\/wp-content\/uploads\/2019\/04\/Jose-Vila-w.jpg\"><img loading=\"lazy\" decoding=\"async\" class=\"alignnone  wp-image-16052\" src=\"https:\/\/www.federacionfotovasca.org\/wp-content\/uploads\/2019\/04\/Jose-Vila-w.jpg\" alt=\"\" width=\"294\" height=\"220\" \/><\/a> <a href=\"https:\/\/www.federacionfotovasca.org\/wp-content\/uploads\/2019\/04\/JOSE-LUIS-IRIGOIEN-w.jpg\"><img loading=\"lazy\" decoding=\"async\" class=\"alignnone  wp-image-16053\" src=\"https:\/\/www.federacionfotovasca.org\/wp-content\/uploads\/2019\/04\/JOSE-LUIS-IRIGOIEN-w.jpg\" alt=\"\" width=\"294\" height=\"220\" srcset=\"https:\/\/blog.federacionfotovasca.org\/wp-content\/uploads\/2019\/04\/JOSE-LUIS-IRIGOIEN-w.jpg 768w, https:\/\/blog.federacionfotovasca.org\/wp-content\/uploads\/2019\/04\/JOSE-LUIS-IRIGOIEN-w-300x225.jpg 300w, https:\/\/blog.federacionfotovasca.org\/wp-content\/uploads\/2019\/04\/JOSE-LUIS-IRIGOIEN-w-620x465.jpg 620w\" sizes=\"auto, (max-width: 294px) 100vw, 294px\" \/><\/a> <a href=\"https:\/\/www.federacionfotovasca.org\/wp-content\/uploads\/2019\/04\/Joan-Serrano-w.jpg\" target=\"_blank\" rel=\"noopener\"><img loading=\"lazy\" decoding=\"async\" class=\"alignnone  wp-image-16054\" src=\"https:\/\/www.federacionfotovasca.org\/wp-content\/uploads\/2019\/04\/Joan-Serrano-w.jpg\" alt=\"\" width=\"293\" height=\"220\" \/><\/a><\/p>\n","protected":false},"excerpt":{"rendered":"<p>Argazki erakusketak Eibarren Aoirilan \/ Exposiciones de fotograf\u00eda en Eibar en Abril Jos\u00e9 Vila Jos\u00e9 Luis Irigoien Joan Serrano<\/p>\n","protected":false},"author":1,"featured_media":0,"comment_status":"open","ping_status":"open","sticky":false,"template":"","format":"standard","meta":{"footnotes":""},"categories":[26],"tags":[34,4,1049,194,651],"class_list":["post-16051","post","type-post","status-publish","format-standard","hentry","category-expocisiones","tag-eibar","tag-exposiciones","tag-joan-serrano","tag-jose-luis-irigoien","tag-jose-vila"],"_links":{"self":[{"href":"https:\/\/blog.federacionfotovasca.org\/eu\/wp-json\/wp\/v2\/posts\/16051","targetHints":{"allow":["GET"]}}],"collection":[{"href":"https:\/\/blog.federacionfotovasca.org\/eu\/wp-json\/wp\/v2\/posts"}],"about":[{"href":"https:\/\/blog.federacionfotovasca.org\/eu\/wp-json\/wp\/v2\/types\/post"}],"author":[{"embeddable":true,"href":"https:\/\/blog.federacionfotovasca.org\/eu\/wp-json\/wp\/v2\/users\/1"}],"replies":[{"embeddable":true,"href":"https:\/\/blog.federacionfotovasca.org\/eu\/wp-json\/wp\/v2\/comments?post=16051"}],"version-history":[{"count":1,"href":"https:\/\/blog.federacionfotovasca.org\/eu\/wp-json\/wp\/v2\/posts\/16051\/revisions"}],"predecessor-version":[{"id":16055,"href":"https:\/\/blog.federacionfotovasca.org\/eu\/wp-json\/wp\/v2\/posts\/16051\/revisions\/16055"}],"wp:attachment":[{"href":"https:\/\/blog.federacionfotovasca.org\/eu\/wp-json\/wp\/v2\/media?parent=16051"}],"wp:term":[{"taxonomy":"category","embeddable":true,"href":"https:\/\/blog.federacionfotovasca.org\/eu\/wp-json\/wp\/v2\/categories?post=16051"},{"taxonomy":"post_tag","embeddable":true,"href":"https:\/\/blog.federacionfotovasca.org\/eu\/wp-json\/wp\/v2\/tags?post=16051"}],"curies":[{"name":"wp","href":"https:\/\/api.w.org\/{rel}","templated":true}]}}