{"id":16056,"date":"2019-04-05T10:41:11","date_gmt":"2019-04-05T08:41:11","guid":{"rendered":"https:\/\/www.federacionfotovasca.org\/?p=16056"},"modified":"2019-04-05T10:41:11","modified_gmt":"2019-04-05T08:41:11","slug":"curso-taller-con-asier-garagarza","status":"publish","type":"post","link":"https:\/\/blog.federacionfotovasca.org\/eu\/curso-taller-con-asier-garagarza\/","title":{"rendered":"Curso-Taller con Asier Garagarza"},"content":{"rendered":"<p>Kaixo<a href=\"https:\/\/photoka.eus\/\" target=\"_blank\" rel=\"noopener\"><img loading=\"lazy\" decoding=\"async\" class=\"wp-image-16058 alignright\" src=\"https:\/\/www.federacionfotovasca.org\/wp-content\/uploads\/2019\/04\/PHOTOKA-EUS_2017.png\" alt=\"\" width=\"292\" height=\"122\" \/><\/a><\/p>\n<p>Gernikako Kultur Etxean Asier Garagarza argazkilariak hitzaldi\/ikastaro bat eskainiko du ekainaren 1ean.<\/p>\n<p><a href=\"https:\/\/photoka.eus\/curso-taller-de-tratamiento-b-n-asier-garagarza\/\" target=\"_blank\" rel=\"noopener\" data-saferedirecturl=\"https:\/\/www.google.com\/url?q=https:\/\/photoka.eus\/curso-taller-de-tratamiento-b-n-asier-garagarza\/&amp;source=gmail&amp;ust=1554534207219000&amp;usg=AFQjCNHdm-JBe5oWQH7ADav54L2t_XiLGw\">https:\/\/photoka.eus\/curso-<wbr \/>taller-de-tratamiento-b-n-<wbr \/>asier-garagarza\/<\/a><\/p>\n<p>Zuen gustokoa izango dalakoan.<\/p>\n<p>&#8212;&#8212;&#8212;&#8212;&#8212;&#8212;&#8212;&#8212;&#8212;&#8212;&#8212;&#8212;&#8212;&#8212;&#8212;&#8212;&#8212;&#8211;<\/p>\n<p>El fot\u00f3grafo Asier Garagarza impartir\u00e1 un curso el pr\u00f3ximo 1 de junio en la Casa de Cultura de Gernika.<\/p>\n<p><a href=\"https:\/\/photoka.eus\/curso-taller-de-tratamiento-b-n-asier-garagarza\/\" target=\"_blank\" rel=\"noopener\" data-saferedirecturl=\"https:\/\/www.google.com\/url?q=https:\/\/photoka.eus\/curso-taller-de-tratamiento-b-n-asier-garagarza\/&amp;source=gmail&amp;ust=1554534207219000&amp;usg=AFQjCNHdm-JBe5oWQH7ADav54L2t_XiLGw\">https:\/\/photoka.eus\/curso-<wbr \/>taller-de-tratamiento-b-n-<wbr \/>asier-garagarza\/<\/a><\/p>\n<p>Esperando que sea de vuestro agrado, os invitamos a participar.<\/p>\n<p><a href=\"https:\/\/www.federacionfotovasca.org\/wp-content\/uploads\/2019\/04\/Banner-Taller-AGaragarza2019.jpg\" target=\"_blank\" rel=\"noopener\"><img loading=\"lazy\" decoding=\"async\" class=\"alignnone  wp-image-16057\" src=\"https:\/\/www.federacionfotovasca.org\/wp-content\/uploads\/2019\/04\/Banner-Taller-AGaragarza2019.jpg\" alt=\"\" width=\"676\" height=\"316\" \/><\/a><\/p>\n","protected":false},"excerpt":{"rendered":"<p>Kaixo Gernikako Kultur Etxean Asier Garagarza argazkilariak hitzaldi\/ikastaro bat eskainiko du ekainaren 1ean. https:\/\/photoka.eus\/curso-taller-de-tratamiento-b-n-asier-garagarza\/ Zuen gustokoa izango dalakoan. &#8212;&#8212;&#8212;&#8212;&#8212;&#8212;&#8212;&#8212;&#8212;&#8212;&#8212;&#8212;&#8212;&#8212;&#8212;&#8212;&#8212;&#8211; El fot\u00f3grafo Asier Garagarza impartir\u00e1 un curso el pr\u00f3ximo 1 de junio en la Casa de Cultura de Gernika. https:\/\/photoka.eus\/curso-taller-de-tratamiento-b-n-asier-garagarza\/ Esperando &hellip; <a href=\"https:\/\/blog.federacionfotovasca.org\/eu\/curso-taller-con-asier-garagarza\/\">Continue reading <span class=\"meta-nav\">&rarr;<\/span><\/a><\/p>\n","protected":false},"author":1,"featured_media":0,"comment_status":"open","ping_status":"open","sticky":false,"template":"","format":"standard","meta":{"footnotes":""},"categories":[3,59],"tags":[474,421,557,29],"class_list":["post-16056","post","type-post","status-publish","format-standard","hentry","category-fotografos","category-tecnica","tag-asier-garagarza","tag-cursos","tag-gernika","tag-taller"],"_links":{"self":[{"href":"https:\/\/blog.federacionfotovasca.org\/eu\/wp-json\/wp\/v2\/posts\/16056","targetHints":{"allow":["GET"]}}],"collection":[{"href":"https:\/\/blog.federacionfotovasca.org\/eu\/wp-json\/wp\/v2\/posts"}],"about":[{"href":"https:\/\/blog.federacionfotovasca.org\/eu\/wp-json\/wp\/v2\/types\/post"}],"author":[{"embeddable":true,"href":"https:\/\/blog.federacionfotovasca.org\/eu\/wp-json\/wp\/v2\/users\/1"}],"replies":[{"embeddable":true,"href":"https:\/\/blog.federacionfotovasca.org\/eu\/wp-json\/wp\/v2\/comments?post=16056"}],"version-history":[{"count":1,"href":"https:\/\/blog.federacionfotovasca.org\/eu\/wp-json\/wp\/v2\/posts\/16056\/revisions"}],"predecessor-version":[{"id":16059,"href":"https:\/\/blog.federacionfotovasca.org\/eu\/wp-json\/wp\/v2\/posts\/16056\/revisions\/16059"}],"wp:attachment":[{"href":"https:\/\/blog.federacionfotovasca.org\/eu\/wp-json\/wp\/v2\/media?parent=16056"}],"wp:term":[{"taxonomy":"category","embeddable":true,"href":"https:\/\/blog.federacionfotovasca.org\/eu\/wp-json\/wp\/v2\/categories?post=16056"},{"taxonomy":"post_tag","embeddable":true,"href":"https:\/\/blog.federacionfotovasca.org\/eu\/wp-json\/wp\/v2\/tags?post=16056"}],"curies":[{"name":"wp","href":"https:\/\/api.w.org\/{rel}","templated":true}]}}