{"id":16066,"date":"2019-04-09T10:35:36","date_gmt":"2019-04-09T08:35:36","guid":{"rendered":"https:\/\/www.federacionfotovasca.org\/?p=16066"},"modified":"2019-04-29T18:34:56","modified_gmt":"2019-04-29T16:34:56","slug":"2019-xxviii-zarauzko-argazki-rallya-xxviii-rxxviii-rally-fotografico-de-zarauz-2019","status":"publish","type":"post","link":"https:\/\/blog.federacionfotovasca.org\/eu\/2019-xxviii-zarauzko-argazki-rallya-xxviii-rxxviii-rally-fotografico-de-zarauz-2019\/","title":{"rendered":"2019 XXVIII Zarauzko Argazki Rallya \/ XXVIII RXXVIII Rally Fotogr\u00e1fico de Zarauz 2019"},"content":{"rendered":"<p><a href=\"https:\/\/zae-sfz.com\/es\/\" target=\"_blank\" rel=\"noopener noreferrer\"><img loading=\"lazy\" decoding=\"async\" class=\"alignnone size-full wp-image-8531\" src=\"https:\/\/www.federacionfotovasca.org\/wp-content\/uploads\/2015\/04\/Zarautz.png\" alt=\"\" width=\"987\" height=\"189\" srcset=\"https:\/\/blog.federacionfotovasca.org\/wp-content\/uploads\/2015\/04\/Zarautz.png 987w, https:\/\/blog.federacionfotovasca.org\/wp-content\/uploads\/2015\/04\/Zarautz-300x57.png 300w, https:\/\/blog.federacionfotovasca.org\/wp-content\/uploads\/2015\/04\/Zarautz-620x119.png 620w, https:\/\/blog.federacionfotovasca.org\/wp-content\/uploads\/2015\/04\/Zarautz-768x147.png 768w, https:\/\/blog.federacionfotovasca.org\/wp-content\/uploads\/2015\/04\/Zarautz-940x180.png 940w, https:\/\/blog.federacionfotovasca.org\/wp-content\/uploads\/2015\/04\/Zarautz-980x189.png 980w\" sizes=\"auto, (max-width: 987px) 100vw, 987px\" \/><\/a><\/p>\n<p>Kaixo.<\/p>\n<p>Erantsita bidaltzen dizuet&nbsp;<b>Zarautzen<\/b>,&nbsp;<b>Maiatzak 5<\/b>ean&nbsp;egingo dugun&nbsp;<b>XXVIII argazki&nbsp;Rallyaren informazioa<\/b>. Ahalik eta gehien zabaldu ezazue mesedez.<\/p>\n<p>Mila esker.<\/p>\n<p>Hola.<\/p>\n<p>Adjunto te&nbsp;enviamos informaci\u00f3n sobre el&nbsp;<b>XXVIII&nbsp;Rally fotogr\u00e1fico<\/b>&nbsp;que realizaremos en&nbsp;<b>Zarauz<\/b>&nbsp;el d\u00eda<b>&nbsp;5 de Mayo<\/b>. Agradecemos su m\u00e1xima divulgaci\u00f3n.<\/p>\n<p>Gracias.<\/p>\n<p><a href=\"https:\/\/www.federacionfotovasca.org\/wp-content\/uploads\/2019\/04\/2019-XXVIII-Rallyaren-oinarriak.pdf\" target=\"_blank\" rel=\"noopener noreferrer\"><span style=\"color: #ccffcc;\">&#8220;2019 XXVIII Rallyaren oinarriak&#8221;<\/span><\/a><\/p>\n<p><a href=\"https:\/\/www.federacionfotovasca.org\/wp-content\/uploads\/2019\/04\/XXVIII-Rallyaren-kartela-2019-A3.pdf\" target=\"_blank\" rel=\"noopener noreferrer\"><span style=\"color: #99ccff;\">&#8220;XXVIII Rallyaren kartela 2019-A3&#8221;<\/span><\/a><\/p>\n<p>ZAE-SFZ.<\/p>\n<div id=\"m_-5096469132147402634Signature\">\n<div id=\"m_-5096469132147402634divtagdefaultwrapper\" dir=\"ltr\">\n<div><span style=\"font-family: Arial;\">Zarauzko Argazkizale Elkartea<br \/>\n183 Posta Kutxa &#8211;&nbsp;Zumalakarregi 16, 2\u00ba &#8211;&nbsp;20800 &#8211; Zarautz<\/span><\/div>\n<div><span style=\"font-family: Arial;\"><a id=\"m_-5096469132147402634LPNoLP\" class=\"m_-5096469132147402634OWAAutoLink\" href=\"mailto:zarauzkoargazkizalea@kzgunea.net\" target=\"_blank\" rel=\"noopener noreferrer\">E-mail<\/a>&nbsp; &nbsp; &nbsp;<a id=\"m_-5096469132147402634LPNoLP\" class=\"m_-5096469132147402634OWAAutoLink\" href=\"https:\/\/zae-sfz.com\/\" target=\"_blank\" rel=\"noopener noreferrer\" data-saferedirecturl=\"https:\/\/www.google.com\/url?q=https:\/\/zae-sfz.com&#038;source=gmail&#038;ust=1554884742895000&#038;usg=AFQjCNGr-w6_kFHkZFt-4fr2tdNV4sOB8w\">web<\/a>&nbsp; &nbsp; &nbsp;<\/span><u><a id=\"m_-5096469132147402634LPNoLP\" class=\"m_-5096469132147402634OWAAutoLink\" href=\"http:\/\/www.flickr.com\/photos\/zarauzkoargazkizaleelkartea\" target=\"_blank\" rel=\"noopener noreferrer\" data-saferedirecturl=\"https:\/\/www.google.com\/url?q=http:\/\/www.flickr.com\/photos\/zarauzkoargazkizaleelkartea&#038;source=gmail&#038;ust=1554884742895000&#038;usg=AFQjCNG7qR5rxdbsy0AOwqg1MX4gVYAw5g\">flickr<\/a><\/u><\/div>\n<\/div>\n<\/div>\n","protected":false},"excerpt":{"rendered":"<p>Kaixo. Erantsita bidaltzen dizuet&nbsp;Zarautzen,&nbsp;Maiatzak 5ean&nbsp;egingo dugun&nbsp;XXVIII argazki&nbsp;Rallyaren informazioa. Ahalik eta gehien zabaldu ezazue mesedez. Mila esker. Hola. Adjunto te&nbsp;enviamos informaci\u00f3n sobre el&nbsp;XXVIII&nbsp;Rally fotogr\u00e1fico&nbsp;que realizaremos en&nbsp;Zarauz&nbsp;el d\u00eda&nbsp;5 de Mayo. Agradecemos su m\u00e1xima divulgaci\u00f3n. Gracias. &#8220;2019 XXVIII Rallyaren oinarriak&#8221; &#8220;XXVIII Rallyaren kartela &hellip; <a href=\"https:\/\/blog.federacionfotovasca.org\/eu\/2019-xxviii-zarauzko-argazki-rallya-xxviii-rxxviii-rally-fotografico-de-zarauz-2019\/\">Continue reading <span class=\"meta-nav\">&rarr;<\/span><\/a><\/p>\n","protected":false},"author":1,"featured_media":8531,"comment_status":"open","ping_status":"open","sticky":false,"template":"","format":"standard","meta":{"footnotes":""},"categories":[185],"tags":[58,142],"class_list":["post-16066","post","type-post","status-publish","format-standard","has-post-thumbnail","hentry","category-rallye","tag-rally-fotografico","tag-zarautz"],"_links":{"self":[{"href":"https:\/\/blog.federacionfotovasca.org\/eu\/wp-json\/wp\/v2\/posts\/16066","targetHints":{"allow":["GET"]}}],"collection":[{"href":"https:\/\/blog.federacionfotovasca.org\/eu\/wp-json\/wp\/v2\/posts"}],"about":[{"href":"https:\/\/blog.federacionfotovasca.org\/eu\/wp-json\/wp\/v2\/types\/post"}],"author":[{"embeddable":true,"href":"https:\/\/blog.federacionfotovasca.org\/eu\/wp-json\/wp\/v2\/users\/1"}],"replies":[{"embeddable":true,"href":"https:\/\/blog.federacionfotovasca.org\/eu\/wp-json\/wp\/v2\/comments?post=16066"}],"version-history":[{"count":1,"href":"https:\/\/blog.federacionfotovasca.org\/eu\/wp-json\/wp\/v2\/posts\/16066\/revisions"}],"predecessor-version":[{"id":16358,"href":"https:\/\/blog.federacionfotovasca.org\/eu\/wp-json\/wp\/v2\/posts\/16066\/revisions\/16358"}],"wp:featuredmedia":[{"embeddable":true,"href":"https:\/\/blog.federacionfotovasca.org\/eu\/wp-json\/wp\/v2\/media\/8531"}],"wp:attachment":[{"href":"https:\/\/blog.federacionfotovasca.org\/eu\/wp-json\/wp\/v2\/media?parent=16066"}],"wp:term":[{"taxonomy":"category","embeddable":true,"href":"https:\/\/blog.federacionfotovasca.org\/eu\/wp-json\/wp\/v2\/categories?post=16066"},{"taxonomy":"post_tag","embeddable":true,"href":"https:\/\/blog.federacionfotovasca.org\/eu\/wp-json\/wp\/v2\/tags?post=16066"}],"curies":[{"name":"wp","href":"https:\/\/api.w.org\/{rel}","templated":true}]}}