{"id":16072,"date":"2019-04-09T10:46:08","date_gmt":"2019-04-09T08:46:08","guid":{"rendered":"https:\/\/www.federacionfotovasca.org\/?p=16072"},"modified":"2019-04-29T18:34:21","modified_gmt":"2019-04-29T16:34:21","slug":"20190407-premios-nacionales-2019","status":"publish","type":"post","link":"https:\/\/blog.federacionfotovasca.org\/eu\/20190407-premios-nacionales-2019\/","title":{"rendered":"20190407 PREMIOS NACIONALES 2019"},"content":{"rendered":"<p>El pasado 31 de marzo se cerraron las candidaturas a Premios Nacionales de la Confederaci\u00f3n Espa\u00f1ola de Fotograf\u00eda.<a href=\"http:\/\/www.cefoto.es\/\" target=\"_blank\" rel=\"noopener noreferrer\"><img loading=\"lazy\" decoding=\"async\" class=\"wp-image-13212 alignright\" src=\"https:\/\/www.federacionfotovasca.org\/wp-content\/uploads\/2017\/07\/CEF.png\" alt=\"\" width=\"116\" height=\"116\" srcset=\"https:\/\/blog.federacionfotovasca.org\/wp-content\/uploads\/2017\/07\/CEF.png 225w, https:\/\/blog.federacionfotovasca.org\/wp-content\/uploads\/2017\/07\/CEF-160x160.png 160w\" sizes=\"auto, (max-width: 116px) 100vw, 116px\" \/><\/a><\/p>\n<p>Se ha presentado:<\/p>\n<p>MEJOR FOTOGRAFO<\/p>\n<ol>\n<li>Andaluc\u00eda &#8211; Manuel Viola<\/li>\n<li>Andorra \u2013 Ricard de la Casa<\/li>\n<li>Castilla la Mancha- \u00a0Jes\u00fas Manuel Garc\u00eda<\/li>\n<li>Catalu\u00f1a \u2013 Jorge Llorca<\/li>\n<li>Ceuta &#8211; Eduardo V\u00e1zquez<\/li>\n<li>Levante \u2013 Juan Luis Dur\u00e1n<\/li>\n<li><span style=\"color: #ffcc99;\">Pa\u00eds Vasco \u2013 Oskar Manso<\/span><\/li>\n<\/ol>\n<p>MEJOR ENTIDAD<\/p>\n<ol>\n<li>Asturias &#8211; Asemeyando<\/li>\n<li>Catalu\u00f1a \u2013 Perpignan Photo<\/li>\n<\/ol>\n<p>MEJOR LIBRO<\/p>\n<ol>\n<li>Andaluc\u00eda &#8211; Jard\u00edn de las Delicias, Autor: Antonio Jos\u00e9 Morales Villegas<\/li>\n<li>Asturias &#8211; Amestando cultures\/mezclando culturas Autor: La Federaci\u00f3n Asturiana de Asociaciones Fotogr\u00e1ficas edit\u00f3 su primer libro gracias a la colaboraci\u00f3n del Ayuntamiento de Langreo<\/li>\n<li>Catalu\u00f1a \u2013 Ladakh, Autor: Miguel Bern\u00fas P\u00e9rez<\/li>\n<li><span style=\"color: #ccffff;\">Pa\u00eds Vasco &#8211; \u00a0HARRIA, Autor: Juan Antonio Palacios Garc\u00eda<\/span><\/li>\n<\/ol>\n<p>MEJOR MECENAS<\/p>\n<ol>\n<li>Andaluc\u00eda \u2013 Ayuntamiento de Jerez<\/li>\n<li>Asturias &#8211; \u00a0Ayuntamiento de Langreo<\/li>\n<li>Ceuta \u2013 Biblioteca P\u00fablica de Ceuta<\/li>\n<\/ol>\n<p>MEJOR MEDIO DE DIFUSI\u00d3N<\/p>\n<ol>\n<li>Andaluc\u00eda &#8211; AFUDIGITAL. Revista de la Asociaci\u00f3n Fotogr\u00e1fica de \u00dabeda<\/li>\n<li>Catalu\u00f1a &#8211; BOLET\u00cdN infoAFIC de Blanes<\/li>\n<li>Ceuta &#8211; Blog FOTOLARIOS<\/li>\n<\/ol>\n<p><span style=\"line-height: inherit;\">\u00a0Veredictos a Mejor Fot\u00f3grafo, se har\u00e1 por un jurado internacional ajeno a la CEF y el de Mejor Libro, por profesionales del mundo editorial de Andorra.<\/span><\/p>\n<p>Un fuerte abrazo,<\/p>\n","protected":false},"excerpt":{"rendered":"<p>El pasado 31 de marzo se cerraron las candidaturas a Premios Nacionales de la Confederaci\u00f3n Espa\u00f1ola de Fotograf\u00eda. Se ha presentado: MEJOR FOTOGRAFO Andaluc\u00eda &#8211; Manuel Viola Andorra \u2013 Ricard de la Casa Castilla la Mancha- \u00a0Jes\u00fas Manuel Garc\u00eda Catalu\u00f1a &hellip; <a href=\"https:\/\/blog.federacionfotovasca.org\/eu\/20190407-premios-nacionales-2019\/\">Continue reading <span class=\"meta-nav\">&rarr;<\/span><\/a><\/p>\n","protected":false},"author":1,"featured_media":16356,"comment_status":"open","ping_status":"open","sticky":false,"template":"","format":"standard","meta":{"footnotes":""},"categories":[872],"tags":[10],"class_list":["post-16072","post","type-post","status-publish","format-standard","has-post-thumbnail","hentry","category-cef","tag-cef"],"_links":{"self":[{"href":"https:\/\/blog.federacionfotovasca.org\/eu\/wp-json\/wp\/v2\/posts\/16072","targetHints":{"allow":["GET"]}}],"collection":[{"href":"https:\/\/blog.federacionfotovasca.org\/eu\/wp-json\/wp\/v2\/posts"}],"about":[{"href":"https:\/\/blog.federacionfotovasca.org\/eu\/wp-json\/wp\/v2\/types\/post"}],"author":[{"embeddable":true,"href":"https:\/\/blog.federacionfotovasca.org\/eu\/wp-json\/wp\/v2\/users\/1"}],"replies":[{"embeddable":true,"href":"https:\/\/blog.federacionfotovasca.org\/eu\/wp-json\/wp\/v2\/comments?post=16072"}],"version-history":[{"count":1,"href":"https:\/\/blog.federacionfotovasca.org\/eu\/wp-json\/wp\/v2\/posts\/16072\/revisions"}],"predecessor-version":[{"id":16357,"href":"https:\/\/blog.federacionfotovasca.org\/eu\/wp-json\/wp\/v2\/posts\/16072\/revisions\/16357"}],"wp:featuredmedia":[{"embeddable":true,"href":"https:\/\/blog.federacionfotovasca.org\/eu\/wp-json\/wp\/v2\/media\/16356"}],"wp:attachment":[{"href":"https:\/\/blog.federacionfotovasca.org\/eu\/wp-json\/wp\/v2\/media?parent=16072"}],"wp:term":[{"taxonomy":"category","embeddable":true,"href":"https:\/\/blog.federacionfotovasca.org\/eu\/wp-json\/wp\/v2\/categories?post=16072"},{"taxonomy":"post_tag","embeddable":true,"href":"https:\/\/blog.federacionfotovasca.org\/eu\/wp-json\/wp\/v2\/tags?post=16072"}],"curies":[{"name":"wp","href":"https:\/\/api.w.org\/{rel}","templated":true}]}}